{"id":188820,"date":"2025-10-20T07:20:07","date_gmt":"2025-10-20T07:20:07","guid":{"rendered":"https:\/\/www.europesays.com\/es\/188820\/"},"modified":"2025-10-20T07:20:07","modified_gmt":"2025-10-20T07:20:07","slug":"hector-gutierrez-y-calita-dejan-ir-el-triunfo-en-la-nuevo-progreso-grupo-milenio","status":"publish","type":"post","link":"https:\/\/www.europesays.com\/es\/188820\/","title":{"rendered":"H\u00e9ctor Guti\u00e9rrez y Calita dejan ir el triunfo en la Nuevo Progreso- Grupo Milenio"},"content":{"rendered":"<p>\t\t\t\t\t\t\t\t\t\t\tAlfredo Cruz Ornelas<\/p>\n<p>\n\t\t\t\t\tGuadalajara \/ 20.10.2025 00:39:24<\/p>\n<p>Los diestros <strong>Ernesto Javier Calita y H\u00e9ctor Guti\u00e9rrez<\/strong>, fallaron en la suerte suprema y vieron como el triunfo se desvaneci\u00f3 ante un <strong>encierro de Te\u00f3filo G\u00f3mez<\/strong> en la <strong>Plaza Nuevo Progreso<\/strong>, muy justo de presencia, que, sin embargo, se prest\u00f3 al lucimiento con tres astados de calidad que regresaron intactos al destazadero.\u00a0<\/p>\n<p>El tercero, <strong>Bacachito marcado con el n\u00famero 573, fue premiado con arrastre lento<\/strong>. Adem\u00e1s, <strong>no fue la tarde de Talavante,<\/strong> le toc\u00f3 el peor lote, su primero fue d\u00e9bil y regateaba las embestidas y su segundo, soso y descastado.\u00a0<\/p>\n<p><strong> <\/strong>Con ambos estuvo empe\u00f1oso aprovechando los pocos pases que ten\u00edan sin lograr conectar con los\u00a0cerca de cuatro mil aficionados. Pinch\u00f3 a los dos y escuch\u00f3 palmas.<\/p>\n<p><strong style=\"color: rgb(155, 187, 89);\">Calita present\u00f3 problemas desde el inicio<\/strong><\/p>\n<p>Ernesto Javier Calita, abrevi\u00f3 con el \u00fanico toro que se jug\u00f3 de Villa Carmela, debido a que se parti\u00f3 el pit\u00f3n derecho tras rematar en un burladero. <\/p>\n<p>Al quinto, lo recibi\u00f3 de hinojos y ya de pie hilvano ver\u00f3nicas que se le jalearon, con la muleta Calita, realiz\u00f3 una faena por ambos lados con la mano muy baja que conect\u00f3 con el respetable, fue un trasteo lento de m\u00e1s de una docena de series que malogr\u00f3 con la espada hasta escuchar un aviso.  <\/p>\n<p>H\u00e9ctor Guti\u00e9rrez, arranc\u00f3 los olees hondos, a Bacachito, lo recibi\u00f3 con ver\u00f3nicas templadas y en quites fue aplaudido al instrumentar tafalleras, con el pa\u00f1o rojo, se enred\u00f3 al toro en la cintura toreando con temple  y verdad por ambos lados. Cinco viajes con la espada y cuatro con el descabello requiri\u00f3 para finiquitar su labor.<\/p>\n<p>Con el cierraplaza, volvi\u00f3 hacer una faena lente, muy lenta, destacando las series de naturales y las dosantinas con que culmin\u00f3 la faena. Mal de nueva cuenta con el acero, sin embargo, fue despedido con una c\u00e1lida ovaci\u00f3n.<\/p>\n<p>    \t<img decoding=\"async\" alt=\"__icon\" class=\"nd-related-news-detail-media-dual__icon\" src=\"https:\/\/www.milenio.com\/bundles\/appcamusassets\/dist\/images\/svg\/arrow-circle-right-solid.svg\" width=\"15\" height=\"15\" onerror=\"this.onerror=null;this.src=\\'\/bundles\/appcamusassets\/dist\/images\/logo-Milenio-2.jpg\\'\" loading=\"lazy\"\/><br \/>\n    Te recomendamos<\/p>\n<p>OV<\/p>\n","protected":false},"excerpt":{"rendered":"Alfredo Cruz Ornelas Guadalajara \/ 20.10.2025 00:39:24 Los diestros Ernesto Javier Calita y H\u00e9ctor Guti\u00e9rrez, fallaron en la&hellip;\n","protected":false},"author":2,"featured_media":188821,"comment_status":"","ping_status":"","sticky":false,"template":"","format":"standard","meta":{"footnotes":""},"categories":[277],"tags":[373,1904,168,52944,25,24,39838,33426,23,167,6142,52945,374],"class_list":{"0":"post-188820","1":"post","2":"type-post","3":"status-publish","4":"format-standard","5":"has-post-thumbnail","7":"category-toreo","8":"tag-bullfighting","9":"tag-corridas-de-toros","10":"tag-deportes","11":"tag-ernesto-javier-calita-torero","12":"tag-es","13":"tag-espana","14":"tag-hector-gutierrez-torero","15":"tag-plaza-de-toros-nuevo-progreso","16":"tag-spain","17":"tag-sports","18":"tag-talavante","19":"tag-temporada-grande-en-la-nuevo-progreso","20":"tag-toreo"},"share_on_mastodon":{"url":"https:\/\/pubeurope.com\/@es\/115405286578056906","error":""},"_links":{"self":[{"href":"https:\/\/www.europesays.com\/es\/wp-json\/wp\/v2\/posts\/188820","targetHints":{"allow":["GET"]}}],"collection":[{"href":"https:\/\/www.europesays.com\/es\/wp-json\/wp\/v2\/posts"}],"about":[{"href":"https:\/\/www.europesays.com\/es\/wp-json\/wp\/v2\/types\/post"}],"author":[{"embeddable":true,"href":"https:\/\/www.europesays.com\/es\/wp-json\/wp\/v2\/users\/2"}],"replies":[{"embeddable":true,"href":"https:\/\/www.europesays.com\/es\/wp-json\/wp\/v2\/comments?post=188820"}],"version-history":[{"count":0,"href":"https:\/\/www.europesays.com\/es\/wp-json\/wp\/v2\/posts\/188820\/revisions"}],"wp:featuredmedia":[{"embeddable":true,"href":"https:\/\/www.europesays.com\/es\/wp-json\/wp\/v2\/media\/188821"}],"wp:attachment":[{"href":"https:\/\/www.europesays.com\/es\/wp-json\/wp\/v2\/media?parent=188820"}],"wp:term":[{"taxonomy":"category","embeddable":true,"href":"https:\/\/www.europesays.com\/es\/wp-json\/wp\/v2\/categories?post=188820"},{"taxonomy":"post_tag","embeddable":true,"href":"https:\/\/www.europesays.com\/es\/wp-json\/wp\/v2\/tags?post=188820"}],"curies":[{"name":"wp","href":"https:\/\/api.w.org\/{rel}","templated":true}]}}