{"id":188833,"date":"2025-10-20T07:30:09","date_gmt":"2025-10-20T07:30:09","guid":{"rendered":"https:\/\/www.europesays.com\/es\/188833\/"},"modified":"2025-10-20T07:30:09","modified_gmt":"2025-10-20T07:30:09","slug":"zinpro-refuerza-su-liderazgo-en-salud-podal-porcina-con-el-lanzamiento-del-libro-healthy-feet-first-zinpro-corporation","status":"publish","type":"post","link":"https:\/\/www.europesays.com\/es\/188833\/","title":{"rendered":"Zinpro\u00ae refuerza su liderazgo en salud podal porcina con el lanzamiento del libro Healthy Feet First &#8211; Zinpro Corporation"},"content":{"rendered":"<p>Zinpro Corporation, celebra 20 a\u00f1os de experiencia en salud podal porcina en EU con el lanzamiento de un nuevo libro: Zinpro Healthy Feet First &#8211; for Sow Productivity and Longevity<\/p>\n<p style=\"text-align:justify\">Como parte de su reconocida marca Zinpro\u00ae Feet First\u00ae, este completo libro ha estado dise\u00f1ado para aumentar la productividad y la longevidad de las cerdas mediante el manejo avanzado de la salud de patas y pezu\u00f1as. Este incluye un s\u00f3lido conjunto de herramientas que empoderan a los clientes del sector porcino con estrategias avanzadas para gestionar las cerdas, la locomoci\u00f3n de las cerdas primerizas y la salud podal.<\/p>\n<p style=\"text-align:justify\">El libro Zinpro Healthy Feet First de relevancia global, es una herramienta basada en datos, dirigida a nutricionistas y asesores t\u00e9cnicos, escrita por 18 reconocidos expertos de la industria. Va m\u00e1s all\u00e1 de abordar la cojera, ofreciendo soluciones hol\u00edsticas, orientadas al rendimiento y que responden a las demandas cambiantes del mercado y a las expectativas sociales sobre el bienestar animal.<\/p>\n<p style=\"text-align:justify\">\u201cUnas patas sanas son la base de cerdas productivas y longevas\u201d, afirm\u00f3 el Dr. Christof Rapp, Nutricionista porcino en Zinpro. \u201cEste no es solo un libro, es un compromiso con el bienestar animal, la rentabilidad econ\u00f3mica de las granjas y la sostenibilidad en la producci\u00f3n porcina.\u201d<\/p>\n<p style=\"text-align:justify\">Esta iniciativa cuenta adem\u00e1s con el apoyo de:<\/p>\n<ul>&#13;<\/p>\n<li style=\"text-align:justify\">Un equipo especializado de expertos en porcino.<\/li>\n<p>&#13;<\/p>\n<li style=\"text-align:justify\">Una amplia colecci\u00f3n de <strong>art\u00edculos educativos y materiales de marketing<\/strong>.<\/li>\n<p>&#13;<\/p>\n<li style=\"text-align:justify\">La aplicaci\u00f3n <strong>Swine App<\/strong> de <strong>Zinpro\u00ae<\/strong> que ofrece apoyo pr\u00e1ctico y herramientas de auditor\u00eda<\/li>\n<p>&#13;<\/p>\n<li style=\"text-align:justify\"><strong>Los seminarios Zinpro Feet First<\/strong>, dedicados al intercambio de conocimiento t\u00e9cnico<\/li>\n<p>&#13;\n<\/ul>\n<p style=\"text-align:justify\">En su conjunto, estos recursos permiten a nutricionistas y productores abordar el desaf\u00edo multifactorial de la cojera, fortaleciendo la salud podal y el \u00e9xito a largo plazo de sus explotaciones.<\/p>\n<p class=\"img-cen\"><img decoding=\"async\" alt=\"\" src=\"https:\/\/www.europesays.com\/es\/wp-content\/uploads\/2025\/10\/1760945409_96_image.jpg\"\/><\/p>\n<p style=\"text-align:justify\">El lanzamiento del libro se llev\u00f3 a cabo en el Feet Firts Seminar, realizado el pasado 16 de octubre en Castelldefels, donde Zinpro reuni\u00f3 a sus principales colaboradores y clientes. <\/p>\n","protected":false},"excerpt":{"rendered":"Zinpro Corporation, celebra 20 a\u00f1os de experiencia en salud podal porcina en EU con el lanzamiento de un&hellip;\n","protected":false},"author":2,"featured_media":188834,"comment_status":"","ping_status":"","sticky":false,"template":"","format":"standard","meta":{"footnotes":""},"categories":[172],"tags":[224,146,147,25,24,225,23],"class_list":{"0":"post-188833","1":"post","2":"type-post","3":"status-publish","4":"format-standard","5":"has-post-thumbnail","7":"category-libros","8":"tag-books","9":"tag-entertainment","10":"tag-entretenimiento","11":"tag-es","12":"tag-espana","13":"tag-libros","14":"tag-spain"},"share_on_mastodon":{"url":"https:\/\/pubeurope.com\/@es\/115405326052065245","error":""},"_links":{"self":[{"href":"https:\/\/www.europesays.com\/es\/wp-json\/wp\/v2\/posts\/188833","targetHints":{"allow":["GET"]}}],"collection":[{"href":"https:\/\/www.europesays.com\/es\/wp-json\/wp\/v2\/posts"}],"about":[{"href":"https:\/\/www.europesays.com\/es\/wp-json\/wp\/v2\/types\/post"}],"author":[{"embeddable":true,"href":"https:\/\/www.europesays.com\/es\/wp-json\/wp\/v2\/users\/2"}],"replies":[{"embeddable":true,"href":"https:\/\/www.europesays.com\/es\/wp-json\/wp\/v2\/comments?post=188833"}],"version-history":[{"count":0,"href":"https:\/\/www.europesays.com\/es\/wp-json\/wp\/v2\/posts\/188833\/revisions"}],"wp:featuredmedia":[{"embeddable":true,"href":"https:\/\/www.europesays.com\/es\/wp-json\/wp\/v2\/media\/188834"}],"wp:attachment":[{"href":"https:\/\/www.europesays.com\/es\/wp-json\/wp\/v2\/media?parent=188833"}],"wp:term":[{"taxonomy":"category","embeddable":true,"href":"https:\/\/www.europesays.com\/es\/wp-json\/wp\/v2\/categories?post=188833"},{"taxonomy":"post_tag","embeddable":true,"href":"https:\/\/www.europesays.com\/es\/wp-json\/wp\/v2\/tags?post=188833"}],"curies":[{"name":"wp","href":"https:\/\/api.w.org\/{rel}","templated":true}]}}