{"id":188837,"date":"2025-10-20T07:32:07","date_gmt":"2025-10-20T07:32:07","guid":{"rendered":"https:\/\/www.europesays.com\/es\/188837\/"},"modified":"2025-10-20T07:32:07","modified_gmt":"2025-10-20T07:32:07","slug":"el-exito-de-reinventarse-sin-dejar-de-ser-una-misma","status":"publish","type":"post","link":"https:\/\/www.europesays.com\/es\/188837\/","title":{"rendered":"el \u00e9xito de reinventarse sin dejar de ser una misma"},"content":{"rendered":"<p class=\"c-paragraph\">La historia de No Doubt y c\u00f3mo Gwen Stefani asumi\u00f3 el rol de vocalista principal no es una historia amable:\u00a0<\/p>\n<p class=\"c-paragraph\">La cantante naci\u00f3 en California en 1969, en una familia con una fuerte cultura y tradici\u00f3n musical. Su hermano, Eric, particip\u00f3 en los primeros pasos de la artista, especialmente vinculados al ska y al punk blanco. <b>En 1986, Eric ten\u00eda un proyecto juvenil: la banda No Doubt<\/b>, que ya ten\u00eda un cantante, Spence.\u00a0Pero en diciembre de 1987 Spence se suicid\u00f3.<\/p>\n<p class=\"c-paragraph\">La p\u00e9rdida fue impactante para todos los miembros del grupo, todav\u00eda desconocido, que se separ\u00f3. La ruptura, sin embargo, fue temporal, y al volver a reunirse Gwen lo hizo convertida en la voz de No Doubt. La banda gir\u00f3 por clubes del Condado de Orange durante varios a\u00f1os y, finalmente, firmaron con Interscope Records en 1991 y lanzaron su \u00e1lbum debut un a\u00f1o m\u00e1s tarde.<\/p>\n<p class=\"c-paragraph\"><b>Ni este primer \u00e1lbum ni el segundo (The Beacon Street Collection, 1993) fueron bien recibidos<\/b>, y en 1994 Eric, el hermano de Gwen, abandon\u00f3 el grupo. Gwen, Kanal, el guitarrista Tom Dumont y el bater\u00eda Adrian Young continuaron trabajando, sin imaginar el \u00e9xito que estaban a punto de alcanzar.<\/p>\n<p class=\"c-paragraph\">Tragic Kingdom\u00a0lleg\u00f3 en <b>1995 con \u00e9xitos inmortales como Just a Girl o Don&#8217;t Speak<\/b>, y No Doubt, con su mezcla de ska, punk y pop, se convirtieron en un perfil \u00fanico y absolutamente reconocible en el panorama musical internacional.<\/p>\n<p class=\"c-paragraph\"><b>En 2004, Stefani emprendi\u00f3 su carrera en solitario.<\/b> Su tema Hollaback Girl\u00a0se convirti\u00f3 en el primer single\u00a0en vender un mill\u00f3n de descargas digitales en EE. UU. y, adem\u00e1s de experimentar con el pop y el dance, la cantante continu\u00f3 haciendo colaboraciones y giras conjuntas con No Doubt mientras, en su carrera como solista, no dej\u00f3 de reinventarse y lanzar \u00e1lbumes, incluyendo uno navide\u00f1o en 2017: You Make It Feel Like Christmas.<\/p>\n<p class=\"c-paragraph\">En 2014 se incorpor\u00f3 como coach\u00a0a The Voice, aportando su carisma a la experiencia televisiva, en 2016 consigui\u00f3, por primera vez en su carrera, el n\u00famero uno en el Billboard con This Is What the Truth Feels Like\u00a0y, entre 2018 y 2021 (a\u00f1o en que se cas\u00f3 con el tambi\u00e9n cantante Blake Shelton), tuvo un <b>espect\u00e1culo fijo en Las Vegas<\/b>: Just a Girl. Adem\u00e1s, junto a su marido, se embarc\u00f3 tambi\u00e9n en la producci\u00f3n con Dorothy, una serie musical juvenil basada en El mago de Oz\u00a0e inspirada en Manhattan.<\/p>\n<p class=\"c-paragraph\">Hoy, <b>a sus cincuenta y seis a\u00f1os, con su \u00faltimo trabajo, Bouquet Deluxe,<\/b> y con decenas de millones de seguidores en redes sociales, Gwen Stefani sigue siendo la prueba viviente de que se puede mantener una carrera duradera y exitosa siendo fiel a una misma y, a la vez, sin dejar de reinventarse.<\/p>\n","protected":false},"excerpt":{"rendered":"La historia de No Doubt y c\u00f3mo Gwen Stefani asumi\u00f3 el rol de vocalista principal no es una&hellip;\n","protected":false},"author":2,"featured_media":188838,"comment_status":"","ping_status":"","sticky":false,"template":"","format":"standard","meta":{"footnotes":""},"categories":[170],"tags":[8125,988,146,147,25,24,52949,184,185,23,52950,20899],"class_list":{"0":"post-188837","1":"post","2":"type-post","3":"status-publish","4":"format-standard","5":"has-post-thumbnail","7":"category-musica","8":"tag-8125","9":"tag-anos","10":"tag-entertainment","11":"tag-entretenimiento","12":"tag-es","13":"tag-espana","14":"tag-gwen","15":"tag-music","16":"tag-musica","17":"tag-spain","18":"tag-stefani","19":"tag-sus"},"share_on_mastodon":{"url":"https:\/\/pubeurope.com\/@es\/115405333756055071","error":""},"_links":{"self":[{"href":"https:\/\/www.europesays.com\/es\/wp-json\/wp\/v2\/posts\/188837","targetHints":{"allow":["GET"]}}],"collection":[{"href":"https:\/\/www.europesays.com\/es\/wp-json\/wp\/v2\/posts"}],"about":[{"href":"https:\/\/www.europesays.com\/es\/wp-json\/wp\/v2\/types\/post"}],"author":[{"embeddable":true,"href":"https:\/\/www.europesays.com\/es\/wp-json\/wp\/v2\/users\/2"}],"replies":[{"embeddable":true,"href":"https:\/\/www.europesays.com\/es\/wp-json\/wp\/v2\/comments?post=188837"}],"version-history":[{"count":0,"href":"https:\/\/www.europesays.com\/es\/wp-json\/wp\/v2\/posts\/188837\/revisions"}],"wp:featuredmedia":[{"embeddable":true,"href":"https:\/\/www.europesays.com\/es\/wp-json\/wp\/v2\/media\/188838"}],"wp:attachment":[{"href":"https:\/\/www.europesays.com\/es\/wp-json\/wp\/v2\/media?parent=188837"}],"wp:term":[{"taxonomy":"category","embeddable":true,"href":"https:\/\/www.europesays.com\/es\/wp-json\/wp\/v2\/categories?post=188837"},{"taxonomy":"post_tag","embeddable":true,"href":"https:\/\/www.europesays.com\/es\/wp-json\/wp\/v2\/tags?post=188837"}],"curies":[{"name":"wp","href":"https:\/\/api.w.org\/{rel}","templated":true}]}}