{"id":18884,"date":"2025-08-01T16:27:23","date_gmt":"2025-08-01T16:27:23","guid":{"rendered":"https:\/\/www.europesays.com\/es\/18884\/"},"modified":"2025-08-01T16:27:23","modified_gmt":"2025-08-01T16:27:23","slug":"volver-a-ser-septimos-o-mejor-y-mantenernos-invictos-en-huerta","status":"publish","type":"post","link":"https:\/\/www.europesays.com\/es\/18884\/","title":{"rendered":"\u00abVolver a ser s\u00e9ptimos o mejor y mantenernos invictos en Huerta\u00bb"},"content":{"rendered":"<p class=\"paragraph\">En su <b>d\u00e9cima temporada consecutiva en Asobal,<\/b> el<b> Recoletas Atl\u00e9tico Valladolid <\/b>ya est\u00e1 en marcha. Este 31 de julio, los vallisoletanos han completado el primer entrenamiento de su pretemporada, con g<b>anas de hacer un gran papel en casa<\/b>, igual que la temporada pasada (solo perdieron un partido en un a\u00f1o), donde incluso llegaron a ganar al FC Barcelona, una haza\u00f1a pocas veces vista. La ilusi\u00f3n va en aumento, como as\u00ed manifiesta <b>C\u00e9sar P\u00e9rez<\/b>\u00a0\u00abMucha ilusi\u00f3n, es verdad que hay gente nueva y joven, pero muy ilusionado de empezar esta temporada y hacer cosas bonitas. El principal objetivo volver a ser s\u00e9ptimos o mejor y mantenernos invictos en Huerta\u00bb.<\/p>\n<p>            <a href=\"#\" title=\"\"><\/p>\n<p>                    <img loading=\"lazy\" decoding=\"async\" data-index=\"\" width=\"140\" height=\"140\" alt=\"\" data-full=\"[object Object]\" data-original=\"[object Object]\" src=\"https:\/\/imagenes.diariodevalladolid.es\/files\/related_image\/uploads\/2025\/07\/29\/6888c6b897f07.jpeg\" data-full-src=\"https:\/\/www.europesays.com\/es\/wp-content\/uploads\/2025\/08\/6888c6b897f07.jpeg\"\/><\/p>\n<p>            <\/a><\/p>\n<p class=\"paragraph\"><b>Jorge Serrano<\/b>, que regresa a Valladolid tres a\u00f1os despu\u00e9s de su marcha, valora su vuelta. \u00abQueremos ser un equipo muy competitivo, que nuestra casa sea un fort\u00edn. Estoy muy contento de estar aqu\u00ed, es verano y estamos acostumbrados a este ritmo. Tenemos que llegar a tope al inicio liguero\u00bb.\u00a0<b>Gustavo Oliveira<\/b> expresa el sentir del vestuario \u00abtodos con bastantes ganas de empezar y listos para lo que nos toca. Vamos a luchar siempre, muchas ganas de ver Huerta lleno. Tenemos un grupo bueno y fuerte\u00bb.<\/p>\n<p class=\"paragraph\">El entrenador <b>David Pisonero<\/b> remarca los objetivos de esta campa\u00f1a en una Asobal cada vez con mayor dificultad \u00abLes he indicado todo lo que queremos, ante todo profesionalidad. Trabajamos el f\u00edsico y los aspectos t\u00e9cnicos. <b>Tenemos piezas muy valiosas y que nos van a garantizar una mejor\u00eda<\/b>. Este a\u00f1o la liga va a ser complicada, hay m\u00e1s calidad y mejores plantillas, <b>vamos a ver una Asobal muy dura<\/b>\u00bb. Por delante, un mes de pretemporada y el pistoletazo de salida para intentar igualar los n\u00fameros pasados y seguir creciendo.<\/p>\n<p class=\"c-detail__media__subtitle\">\n<p>                El Recoletas Atl\u00e9tico Valladolid inicia su pretemporada.PHOTOGENIC<\/p>\n<p>        David Pisonero, en el inicio de pretemporada del Recoletas.<\/p>\n<p class=\"c-detail__media__subtitle\">\n<p>                El Recoletas Atl\u00e9tico Valladolid inicia su pretemporada.PHOTOGENIC<\/p>\n<p>        El Recoletas Atl\u00e9tico Valladolid inicia su pretemporada.<\/p>\n<p class=\"c-detail__media__subtitle\">\n<p>                El Recoletas Atl\u00e9tico Valladolid inicia su pretemporada.PHOTOGENIC<\/p>\n<p>        David Pisonero, en el inicio de pretemporada del Recoletas.<\/p>\n<p class=\"c-detail__media__subtitle\">\n<p>                El Recoletas Atl\u00e9tico Valladolid inicia su pretemporada.PHOTOGENIC<\/p>\n<p>        El Recoletas Atl\u00e9tico Valladolid inicia su pretemporada.<\/p>\n<p class=\"c-detail__media__subtitle\">\n<p>                El Recoletas Atl\u00e9tico Valladolid inicia su pretemporada.PHOTOGENIC<\/p>\n<p>        El Recoletas Atl\u00e9tico Valladolid inicia su pretemporada.<\/p>\n<p class=\"c-detail__media__subtitle\">\n<p>                El Recoletas Atl\u00e9tico Valladolid inicia su pretemporada.PHOTOGENIC<\/p>\n<p>        El Recoletas Atl\u00e9tico Valladolid inicia su pretemporada.<\/p>\n<p class=\"c-detail__media__subtitle\">\n<p>                El Recoletas Atl\u00e9tico Valladolid inicia su pretemporada.PHOTOGENIC<\/p>\n<p>        David Pisonero, en el inicio de pretemporada del Recoletas.<\/p>\n<p class=\"c-detail__media__subtitle\">\n<p>                El Recoletas Atl\u00e9tico Valladolid inicia su pretemporada.PHOTOGENIC<\/p>\n<p>        El Recoletas Atl\u00e9tico Valladolid inicia su pretemporada.<\/p>\n<p class=\"c-detail__media__subtitle\">\n<p>                El Recoletas Atl\u00e9tico Valladolid inicia su pretemporada.PHOTOGENIC<\/p>\n<p>        El Recoletas Atl\u00e9tico Valladolid inicia su pretemporada.<\/p>\n<p class=\"c-detail__media__subtitle\">\n<p>                El Recoletas Atl\u00e9tico Valladolid inicia su pretemporada.PHOTOGENIC<\/p>\n<p>        El Recoletas Atl\u00e9tico Valladolid inicia su pretemporada.<\/p>\n<p class=\"c-detail__media__subtitle\">\n<p>                El Recoletas Atl\u00e9tico Valladolid inicia su pretemporada.PHOTOGENIC<\/p>\n<p>        Foto de equipo del Recoletas Atl\u00e9tico Valladolid.<\/p>\n<p class=\"c-detail__media__subtitle\">\n<p>                El Recoletas Atl\u00e9tico Valladolid inicia su pretemporada.PHOTOGENIC<\/p>\n<p>        El Recoletas Atl\u00e9tico Valladolid inicia su pretemporada.<\/p>\n<p class=\"c-detail__media__subtitle\">\n<p>                El Recoletas Atl\u00e9tico Valladolid inicia su pretemporada.PHOTOGENIC<\/p>\n<p>        El Recoletas Atl\u00e9tico Valladolid inicia su pretemporada.<\/p>\n<p class=\"c-detail__media__subtitle\">\n<p>                El Recoletas Atl\u00e9tico Valladolid inicia su pretemporada.PHOTOGENIC<\/p>\n<p>        El Recoletas Atl\u00e9tico Valladolid inicia su pretemporada.<\/p>\n<p class=\"c-detail__media__subtitle\">\n<p>                El Recoletas Atl\u00e9tico Valladolid inicia su pretemporada.PHOTOGENIC<\/p>\n<p>        El Recoletas Atl\u00e9tico Valladolid inicia su pretemporada.<\/p>\n<p class=\"c-detail__media__subtitle\">\n<p>                El Recoletas Atl\u00e9tico Valladolid inicia su pretemporada.PHOTOGENIC<\/p>\n<p>        El Recoletas Atl\u00e9tico Valladolid inicia su pretemporada.<\/p>\n<p class=\"c-detail__media__subtitle\">\n<p>                El Recoletas Atl\u00e9tico Valladolid inicia su pretemporada.PHOTOGENIC<\/p>\n<p>        El Recoletas Atl\u00e9tico Valladolid inicia su pretemporada.<\/p>\n<p class=\"c-detail__media__subtitle\">\n<p>                El Recoletas Atl\u00e9tico Valladolid inicia su pretemporada.PHOTOGENIC<\/p>\n<p>        El Recoletas Atl\u00e9tico Valladolid inicia su pretemporada.<\/p>\n<p class=\"c-detail__media__subtitle\">\n<p>                El Recoletas Atl\u00e9tico Valladolid inicia su pretemporada.PHOTOGENIC<\/p>\n<p>        El Recoletas Atl\u00e9tico Valladolid inicia su pretemporada.<\/p>\n<p class=\"c-detail__media__subtitle\">\n<p>                El Recoletas Atl\u00e9tico Valladolid inicia su pretemporada.PHOTOGENIC<\/p>\n<p>        El Recoletas Atl\u00e9tico Valladolid inicia su pretemporada.<\/p>\n<p class=\"c-detail__media__subtitle\">\n<p>                El Recoletas Atl\u00e9tico Valladolid inicia su pretemporada.PHOTOGENIC<\/p>\n<p>        El Recoletas Atl\u00e9tico Valladolid inicia su pretemporada.<\/p>\n<p class=\"c-detail__media__subtitle\">\n<p>                El Recoletas Atl\u00e9tico Valladolid inicia su pretemporada.PHOTOGENIC<\/p>\n<p>        El Recoletas Atl\u00e9tico Valladolid inicia su pretemporada.<\/p>\n<p class=\"c-detail__media__subtitle\">\n<p>                El Recoletas Atl\u00e9tico Valladolid inicia su pretemporada.PHOTOGENIC<\/p>\n<p>        El Recoletas Atl\u00e9tico Valladolid inicia su pretemporada.<\/p>\n<p class=\"c-detail__media__subtitle\">\n<p>                El Recoletas Atl\u00e9tico Valladolid inicia su pretemporada.PHOTOGENIC<\/p>\n<p>        El Recoletas Atl\u00e9tico Valladolid inicia su pretemporada.<\/p>\n<p class=\"c-detail__media__subtitle\">\n<p>                El Recoletas Atl\u00e9tico Valladolid inicia su pretemporada.PHOTOGENIC<\/p>\n<p>        David Pisonero, en el inicio de pretemporada del Recoletas.<\/p>\n<p class=\"c-detail__media__subtitle\">\n<p>                El Recoletas Atl\u00e9tico Valladolid inicia su pretemporada.PHOTOGENIC<\/p>\n<p>        El Recoletas Atl\u00e9tico Valladolid inicia su pretemporada.<\/p>\n","protected":false},"excerpt":{"rendered":"En su d\u00e9cima temporada consecutiva en Asobal, el Recoletas Atl\u00e9tico Valladolid ya est\u00e1 en marcha. Este 31 de&hellip;\n","protected":false},"author":2,"featured_media":18885,"comment_status":"","ping_status":"","sticky":false,"template":"","format":"standard","meta":{"footnotes":""},"categories":[278],"tags":[376,168,25,24,881,375,1675,3134,23,167,1607],"class_list":{"0":"post-18884","1":"post","2":"type-post","3":"status-publish","4":"format-standard","5":"has-post-thumbnail","7":"category-balonmano","8":"tag-balonmano","9":"tag-deportes","10":"tag-es","11":"tag-espana","12":"tag-fc-barcelona","13":"tag-handball","14":"tag-liga-asobal","15":"tag-recoletas-atletico-valladolid","16":"tag-spain","17":"tag-sports","18":"tag-valladolid"},"share_on_mastodon":{"url":"","error":""},"_links":{"self":[{"href":"https:\/\/www.europesays.com\/es\/wp-json\/wp\/v2\/posts\/18884","targetHints":{"allow":["GET"]}}],"collection":[{"href":"https:\/\/www.europesays.com\/es\/wp-json\/wp\/v2\/posts"}],"about":[{"href":"https:\/\/www.europesays.com\/es\/wp-json\/wp\/v2\/types\/post"}],"author":[{"embeddable":true,"href":"https:\/\/www.europesays.com\/es\/wp-json\/wp\/v2\/users\/2"}],"replies":[{"embeddable":true,"href":"https:\/\/www.europesays.com\/es\/wp-json\/wp\/v2\/comments?post=18884"}],"version-history":[{"count":0,"href":"https:\/\/www.europesays.com\/es\/wp-json\/wp\/v2\/posts\/18884\/revisions"}],"wp:featuredmedia":[{"embeddable":true,"href":"https:\/\/www.europesays.com\/es\/wp-json\/wp\/v2\/media\/18885"}],"wp:attachment":[{"href":"https:\/\/www.europesays.com\/es\/wp-json\/wp\/v2\/media?parent=18884"}],"wp:term":[{"taxonomy":"category","embeddable":true,"href":"https:\/\/www.europesays.com\/es\/wp-json\/wp\/v2\/categories?post=18884"},{"taxonomy":"post_tag","embeddable":true,"href":"https:\/\/www.europesays.com\/es\/wp-json\/wp\/v2\/tags?post=18884"}],"curies":[{"name":"wp","href":"https:\/\/api.w.org\/{rel}","templated":true}]}}