{"id":188843,"date":"2025-10-20T07:35:11","date_gmt":"2025-10-20T07:35:11","guid":{"rendered":"https:\/\/www.europesays.com\/es\/188843\/"},"modified":"2025-10-20T07:35:11","modified_gmt":"2025-10-20T07:35:11","slug":"hoy-un-dialogo-de-servimedia-debate-sobre-prevencion-diagnostico-y-tratamiento-de-la-osteoporosis-lider-en-informacion-social","status":"publish","type":"post","link":"https:\/\/www.europesays.com\/es\/188843\/","title":{"rendered":"Hoy un di\u00e1logo de Servimedia debate sobre prevenci\u00f3n, diagn\u00f3stico y tratamiento de la osteoporosis | L\u00edder en Informaci\u00f3n Social"},"content":{"rendered":"<p>\u00a9 Esta imagen est\u00e1 protegida por derechos de autor y s\u00f3lo puede ser utilizada por los clientes de Servimedia y sus medios de comunicaci\u00f3n aliados para publicar exclusivamente junto al texto de esta noticia. <br \/>Queda prohibida su copia o descarga para cualquier otro fin. Esta fotograf\u00eda en ning\u00fan caso puede reproducirse de forma individual o separada del texto.<\/p>\n","protected":false},"excerpt":{"rendered":"\u00a9 Esta imagen est\u00e1 protegida por derechos de autor y s\u00f3lo puede ser utilizada por los clientes de&hellip;\n","protected":false},"author":2,"featured_media":188844,"comment_status":"","ping_status":"","sticky":false,"template":"","format":"standard","meta":{"footnotes":""},"categories":[92],"tags":[25,14858,24,165,166,492,23],"class_list":{"0":"post-188843","1":"post","2":"type-post","3":"status-publish","4":"format-standard","5":"has-post-thumbnail","7":"category-salud","8":"tag-es","9":"tag-esg-rsc","10":"tag-espana","11":"tag-health","12":"tag-salud","13":"tag-sociedad","14":"tag-spain"},"share_on_mastodon":{"url":"https:\/\/pubeurope.com\/@es\/115405345705059346","error":""},"_links":{"self":[{"href":"https:\/\/www.europesays.com\/es\/wp-json\/wp\/v2\/posts\/188843","targetHints":{"allow":["GET"]}}],"collection":[{"href":"https:\/\/www.europesays.com\/es\/wp-json\/wp\/v2\/posts"}],"about":[{"href":"https:\/\/www.europesays.com\/es\/wp-json\/wp\/v2\/types\/post"}],"author":[{"embeddable":true,"href":"https:\/\/www.europesays.com\/es\/wp-json\/wp\/v2\/users\/2"}],"replies":[{"embeddable":true,"href":"https:\/\/www.europesays.com\/es\/wp-json\/wp\/v2\/comments?post=188843"}],"version-history":[{"count":0,"href":"https:\/\/www.europesays.com\/es\/wp-json\/wp\/v2\/posts\/188843\/revisions"}],"wp:featuredmedia":[{"embeddable":true,"href":"https:\/\/www.europesays.com\/es\/wp-json\/wp\/v2\/media\/188844"}],"wp:attachment":[{"href":"https:\/\/www.europesays.com\/es\/wp-json\/wp\/v2\/media?parent=188843"}],"wp:term":[{"taxonomy":"category","embeddable":true,"href":"https:\/\/www.europesays.com\/es\/wp-json\/wp\/v2\/categories?post=188843"},{"taxonomy":"post_tag","embeddable":true,"href":"https:\/\/www.europesays.com\/es\/wp-json\/wp\/v2\/tags?post=188843"}],"curies":[{"name":"wp","href":"https:\/\/api.w.org\/{rel}","templated":true}]}}