{"id":188851,"date":"2025-10-20T07:39:02","date_gmt":"2025-10-20T07:39:02","guid":{"rendered":"https:\/\/www.europesays.com\/es\/188851\/"},"modified":"2025-10-20T07:39:02","modified_gmt":"2025-10-20T07:39:02","slug":"ultima-hora-del-conflicto-en-oriente-proximo-en-directo-trump-confirma-que-el-alto-el-fuego-en-gaza-sigue-vigente-pese-a-los-enfrentamientos-del-domingo-internacional","status":"publish","type":"post","link":"https:\/\/www.europesays.com\/es\/188851\/","title":{"rendered":"\u00daltima hora del conflicto en Oriente Pr\u00f3ximo, en directo | Trump confirma que el alto el fuego en Gaza sigue vigente pese a los enfrentamientos del domingo | Internacional"},"content":{"rendered":"<p class=\"ev-title\">Trump subraya que el alto el fuego en Gaza sigue vigente pese a los \u00faltimos ataques<\/p>\n<p>El presidente de Estados Unidos, Donald Trump, subray\u00f3 este domingo que el alto el fuego en la franja de Gaza sigue vigente, a pesar de los bombardeos que llev\u00f3 a cabo Israel en el enclave tras acusar a Ham\u00e1s de haber violado el acuerdo.<\/p>\n<p>En declaraciones a la prensa a bordo del Air Force One de camino a Washington, el republicano exculp\u00f3 al liderazgo de Ham\u00e1s de los enfrentamientos sucedidos en la Franja y que fueron respondidos por Israel con una serie de bombardeos.<\/p>\n<p>\u201cHa habido algunos disparos y creemos que tal vez los l\u00edderes (de Ham\u00e1s) no est\u00e1n involucrados en eso. Son algunos rebeldes de dentro. De cualquier manera, lo vamos a manejar con dureza, pero adecuadamente\u201d, dijo. El mandatario respondi\u00f3 adem\u00e1s afirmativamente cuando un periodista le pregunt\u00f3 si el alto el fuego \u201csigue vigente\u201d.<\/p>\n<p>Una semana despu\u00e9s de la entrada en vigor del alto el fuego impulsado por la Administraci\u00f3n de Trump, Israel bombarde\u00f3 varios puntos de la franja de Gaza y mat\u00f3 a decenas de personas, como respuesta a lo que interpret\u00f3 como una \u201cviolaci\u00f3n\u201d del acuerdo por parte de Ham\u00e1s. Tras esos operativos, el ej\u00e9rcito israel\u00ed afirm\u00f3 haber \u201creanudado la aplicaci\u00f3n del alto el fuego\u201d.<\/p>\n<p>Los bombardeos se registraron este domingo despu\u00e9s de unos enfrentamientos en la ma\u00f1ana en la zona de Rafah, sur de Gaza y controlada por el ej\u00e9rcito israel\u00ed, que dejaron dos militares israel\u00edes muertos.\u00a0Estos choques se produjeron supuestamente entre una unidad de la Polic\u00eda del Gobierno de Gaza, dependiente de Ham\u00e1s, y las tropas israel\u00edes, pero tanto Ham\u00e1s como su brazo armado se desvincularon de ellos en sendos comunicados.<\/p>\n<p>Durante la semana, la Fuerza Radea, una unidad de la polic\u00eda del Gobierno de Ham\u00e1s en Gaza dependiente de su Ministerio de Interior, ha llevado a cabo persecuciones y ejecuciones contra distintas milicias y clanes a los que acusa de colaborar con Israel.<\/p>\n<p>El vicepresidente de Estados Unidos, JD Vance, declar\u00f3 el domingo que podr\u00eda viajar en los pr\u00f3ximos d\u00edas a Israel para supervisar la implementaci\u00f3n del acuerdo. Vance se\u00f1al\u00f3 que el acuerdo de alto el fuego tendr\u00e1 \u201caltibajos\u201d pero producir\u00e1 una paz duradera a largo plazo. (Efe)<\/p>\n","protected":false},"excerpt":{"rendered":"Trump subraya que el alto el fuego en Gaza sigue vigente pese a los \u00faltimos ataques El presidente&hellip;\n","protected":false},"author":2,"featured_media":188852,"comment_status":"","ping_status":"","sticky":false,"template":"","format":"standard","meta":{"footnotes":""},"categories":[42],"tags":[17,18,68,70,71,72,13,14,73,69,75,11,61,62,63,64,74,19,20,9,10,15,16,77,76,12,21,22,65,66,67],"class_list":{"0":"post-188851","1":"post","2":"type-post","3":"status-publish","4":"format-standard","5":"has-post-thumbnail","7":"category-internacional","8":"tag-breaking-news","9":"tag-breakingnews","10":"tag-conflicto-arabe-israeli","11":"tag-conflictos","12":"tag-conflictos-armados","13":"tag-conflictos-internacionales","14":"tag-featured-news","15":"tag-featurednews","16":"tag-franja-gaza","17":"tag-guerra","18":"tag-hamas","19":"tag-headlines","20":"tag-internacional","21":"tag-international","22":"tag-international-news","23":"tag-internationalnews","24":"tag-israel","25":"tag-latest-news","26":"tag-latestnews","27":"tag-news","28":"tag-noticias","29":"tag-noticias-destacadas","30":"tag-noticiasdestacadas","31":"tag-oriente-proximo","32":"tag-palestina","33":"tag-titulares","34":"tag-ultimas-noticias","35":"tag-ultimasnoticias","36":"tag-world","37":"tag-world-news","38":"tag-worldnews"},"share_on_mastodon":{"url":"","error":"Validation failed: Text character limit of 500 exceeded"},"_links":{"self":[{"href":"https:\/\/www.europesays.com\/es\/wp-json\/wp\/v2\/posts\/188851","targetHints":{"allow":["GET"]}}],"collection":[{"href":"https:\/\/www.europesays.com\/es\/wp-json\/wp\/v2\/posts"}],"about":[{"href":"https:\/\/www.europesays.com\/es\/wp-json\/wp\/v2\/types\/post"}],"author":[{"embeddable":true,"href":"https:\/\/www.europesays.com\/es\/wp-json\/wp\/v2\/users\/2"}],"replies":[{"embeddable":true,"href":"https:\/\/www.europesays.com\/es\/wp-json\/wp\/v2\/comments?post=188851"}],"version-history":[{"count":0,"href":"https:\/\/www.europesays.com\/es\/wp-json\/wp\/v2\/posts\/188851\/revisions"}],"wp:featuredmedia":[{"embeddable":true,"href":"https:\/\/www.europesays.com\/es\/wp-json\/wp\/v2\/media\/188852"}],"wp:attachment":[{"href":"https:\/\/www.europesays.com\/es\/wp-json\/wp\/v2\/media?parent=188851"}],"wp:term":[{"taxonomy":"category","embeddable":true,"href":"https:\/\/www.europesays.com\/es\/wp-json\/wp\/v2\/categories?post=188851"},{"taxonomy":"post_tag","embeddable":true,"href":"https:\/\/www.europesays.com\/es\/wp-json\/wp\/v2\/tags?post=188851"}],"curies":[{"name":"wp","href":"https:\/\/api.w.org\/{rel}","templated":true}]}}