{"id":188853,"date":"2025-10-20T07:40:07","date_gmt":"2025-10-20T07:40:07","guid":{"rendered":"https:\/\/www.europesays.com\/es\/188853\/"},"modified":"2025-10-20T07:40:07","modified_gmt":"2025-10-20T07:40:07","slug":"fuertes-lluvias-y-tormentas-en-estas-zonas","status":"publish","type":"post","link":"https:\/\/www.europesays.com\/es\/188853\/","title":{"rendered":"fuertes lluvias y tormentas en estas zonas"},"content":{"rendered":"<p style=\"\">Tras unos d\u00edas de absoluta estabilidad en Espa\u00f1a, <strong>las lluvias y las tormentas<\/strong> han complicado las \u00faltimas horas en algunos puntos de la Pen\u00ednsula. La llegada de un <strong>frente de precipitaciones<\/strong>, asociado a una <strong>borrasca atl\u00e1ntica<\/strong>, ha ido dejando lluvias abundantes este  &#8230; domingo en <a href=\"https:\/\/www.abc.es\/recreo\/mario-picazo-pone-alerta-espana-llegada-lluvias-20251017154031-nt.html\" title=\"www.abc.es\" data-voc-vtm-id=\"in-text-traffic\" data-mrf-link=\"www.abc.es\" rel=\"nofollow noopener\" target=\"_blank\">Galicia, el Cant\u00e1brico y Castilla y Le\u00f3n<\/a>, que ir\u00e1n a m\u00e1s en las pr\u00f3ximas horas, seg\u00fan ha advertido la <strong>Agencia Estatal de Meteorolog\u00eda (Aemet)<\/strong>.<\/p>\n<p class=\"voc-p\" style=\"\">El organismo apunta ya a que, desde este lunes 20 de octubre y durante esta pr\u00f3xima semana, el tiempo estar\u00e1 marcado \u00abpor el paso de <strong>frentes asociados a borrascas atl\u00e1nticas<\/strong>, que dejar\u00e1n <strong>lluvias en el noroeste peninsular<\/strong>\u00bb. Como sucedi\u00f3 en jornadas anteriores, los chubascos de estos d\u00edas ser\u00e1n m\u00e1s intensos y persistentes <strong>\u00aben Galicia, comunidades cant\u00e1bricas y Castilla y Le\u00f3n\u00bb<\/strong>. A\u00fan as\u00ed, tambi\u00e9n llegar\u00e1n a otros puntos del centro e incluso <strong>centro, este y sur peninsular<\/strong> a lo largo de estos d\u00edas.<\/p>\n<p class=\"voc-p\" style=\"\">La semana empezar\u00e1 tambi\u00e9n con un <strong>brusco cambio en las temperaturas<\/strong>. Y es que, tras el peque\u00f1o descenso de este fin de semana, <strong>los term\u00f3metros volver\u00e1n a subir<\/strong> a partir de este lunes, dejando el mi\u00e9rcoles y el jueves <strong>valores \u00abm\u00e1s altos de lo normal<\/strong> para la \u00e9poca del a\u00f1o en todo el pa\u00eds, especialmente en la mitad oriental de la Pen\u00ednsula\u00bb.<\/p>\n<blockquote class=\"twitter-tweet\">\n<p lang=\"es\" dir=\"ltr\">\u2614\ufe0f Llegan lluvias: el paso de frentes asociados a borrascas atl\u00e1nticas dar\u00e1 lugar a precipitaciones en el oeste y norte de la Pen\u00ednsula en los pr\u00f3ximos d\u00edas.<\/p>\n<p>\ud83c\udf21\ufe0fTemperaturas, sin embargo, altas para la \u00e9poca; a mediados de semana se podr\u00e1n superar los 32 \u00b0C en el sur del pa\u00eds. <a href=\"https:\/\/t.co\/mDaEBsFinY\" rel=\"nofollow\">pic.twitter.com\/mDaEBsFinY<\/a><\/p>\n<p>\u2014 AEMET (@AEMET_Esp) <a href=\"https:\/\/twitter.com\/AEMET_Esp\/status\/1979943582514421883?ref_src=twsrc%5Etfw\" rel=\"nofollow noopener\" target=\"_blank\">October 19, 2025<\/a><\/p><\/blockquote>\n<p>\nUna borrasca atl\u00e1ntica llega a Espa\u00f1a: las zonas m\u00e1s afectadas por las lluvias esta semana\n<\/p>\n<p class=\"voc-p\" style=\"\">Con la llegada del frente provocado por esta <a href=\"https:\/\/www.abc.es\/recreo\/jorge-rey-alerta-inminente-llegada-tren-borrascas-20251018135009-nt.html\" title=\"www.abc.es\" data-voc-vtm-id=\"in-text-traffic\" data-mrf-link=\"www.abc.es\" rel=\"nofollow noopener\" target=\"_blank\">borrasca atl\u00e1ntica<\/a>, las pr\u00f3ximas horas en Espa\u00f1a volver\u00e1n a tener a <strong>la lluvia<\/strong> como protagonista. Seg\u00fan apunta el organismo, durante estos d\u00edas \u00abla Pen\u00ednsula y Baleares <strong>continuar\u00e1n bajo la influencia de la circulaci\u00f3n atl\u00e1ntica<\/strong>\u00bb, dejando precipitaciones a su paso, que ser\u00e1n \u00ab<strong>menos intensas y frecuentes hacia el sur y este<\/strong> peninsular\u00bb.<\/p>\n<p class=\"voc-p\" style=\"\">A partir de este <strong>lunes 20 de octubre<\/strong>, se esperan d\u00edas de precipitaciones <strong>\u00ablocalmente fuertes y persistentes\u00bb<\/strong> en zonas de la costa de Galicia, as\u00ed como Asturias, el Cant\u00e1brico y algunas provincias de Castilla y Le\u00f3n. Hasta el pr\u00f3ximo mi\u00e9rcoles 22 de octubre, en algunos puntos del <strong>oeste gallego podr\u00edan alcanzar los 200 litros<\/strong> por metro cuadrado, mientras que en el resto del norte se rozar\u00e1n los 100 litros.<\/p>\n<blockquote class=\"twitter-tweet\">\n<p lang=\"es\" dir=\"ltr\">\u26a0\ufe0f M\u00e1s de 200 l\/m2 en Galicia en pocos d\u00edas, seg\u00fan el modelo europeo. <\/p>\n<p>Los vientos del oeste arrastrar\u00e1n masas de aire de origen subtropical que estar\u00e1n muy cargadas de humedad. \ud83d\udca7 Se aprecia alg\u00fan r\u00edo atmosf\u00e9rico de mucha envergadura.<\/p>\n<p>\ud83d\uddde\ufe0f <a href=\"https:\/\/t.co\/vnTOzyNTnq\" rel=\"nofollow\">https:\/\/t.co\/vnTOzyNTnq<\/a> <a href=\"https:\/\/t.co\/ZZ95ybLdfT\" rel=\"nofollow\">pic.twitter.com\/ZZ95ybLdfT<\/a><\/p>\n<p>\u2014 Meteored | tiempo.com (@MeteoredES) <a href=\"https:\/\/twitter.com\/MeteoredES\/status\/1979844579084890619?ref_src=twsrc%5Etfw\" rel=\"nofollow noopener\" target=\"_blank\">October 19, 2025<\/a><\/p><\/blockquote>\n<p class=\"voc-p\" style=\"\">Los chubascos de estos d\u00edas tambi\u00e9n llegar\u00e1n a otros puntos de la Pen\u00ednsula a lo largo de estos primeros d\u00edas de semana, como el <strong>Sistema Central oriental<\/strong>, <strong>norte de la Ib\u00e9rica<\/strong>, los <strong>Pirineos<\/strong> y en <strong>\u00e1reas del Ebro<\/strong>. Aunque la inestabilidad estar\u00e1 presente en estas zonas, las precipitaciones ser\u00e1n mucho menos cuantiosas y m\u00e1s dispersas que en el oeste peninsular.<\/p>\n<p class=\"voc-p\" style=\"\"><strong>Menos probables ser\u00e1n las lluvias en el sureste peninsular<\/strong>, donde se impondr\u00e1 el ambiente estable en estos pr\u00f3ximos d\u00edas. As\u00ed, en la Regi\u00f3n de Murcia, Comunidad Valenciana, el este de Andaluc\u00eda y Baleares veremos pocas precipitaciones a lo largo de estas pr\u00f3ximas horas de influencia del frente atl\u00e1ntico.<\/p>\n<blockquote class=\"twitter-tweet\">\n<p lang=\"es\" dir=\"ltr\">La semana empezar\u00e1 con vientos del oeste y un desfile de nubes con lluvias que ir\u00e1n acumulando decenas de litros en unas cuantas comunidades. \ud83c\udf2c\ufe0f<\/p>\n<p>Sergio Escama advierte, adem\u00e1s, sobre lo que podr\u00eda llegar despu\u00e9s. \u2935\ufe0f<\/p>\n<p>\ud83d\udd17 <a href=\"https:\/\/t.co\/dNgMPVu4l1\" rel=\"nofollow\">https:\/\/t.co\/dNgMPVu4l1<\/a> <a href=\"https:\/\/t.co\/JIkaONNPng\" rel=\"nofollow\">pic.twitter.com\/JIkaONNPng<\/a><\/p>\n<p>\u2014 Meteored | tiempo.com (@MeteoredES) <a href=\"https:\/\/twitter.com\/MeteoredES\/status\/1979831137544413253?ref_src=twsrc%5Etfw\" rel=\"nofollow noopener\" target=\"_blank\">October 19, 2025<\/a><\/p><\/blockquote>\n<p>\nBrusco cambio en las temperaturas a partir de esta fecha\n<\/p>\n<p class=\"voc-p\" style=\"\">Aunque la llegada de este frente atl\u00e1ntico de lluvias por el noroeste ha provocado un <strong>notable descenso<\/strong> en las temperaturas de Galicia, Asturias y otros puntos, esta acusada bajada no se extender\u00e1 por el resto del pa\u00eds. De hecho, conforme nos adentremos en la pr\u00f3xima semana, <strong>el tren de borrascas que se acerca favorecer\u00e1 un ascenso t\u00e9rmico generalizado<\/strong>, especialmente en el este y sur.<\/p>\n<p class=\"voc-p\" style=\"\">Seg\u00fan apunta <strong>Rub\u00e9n del Campo<\/strong>, portavoz de la Aemet, tanto el mi\u00e9rcoles como el jueves se espera que las temperaturas suban en muchas provincias. Ser\u00e1n <strong>valores \u00abbastante c\u00e1lidos para la \u00e9poca del a\u00f1o\u00bb<\/strong>, con m\u00e1ximas que podr\u00edan <strong>superar los 30 grados<\/strong> en el Guadalquivir, la Regi\u00f3n de Murcia, la Comunidad Valenciana y otras zonas de la mitad sur.<\/p>\n<p class=\"voc-p\" style=\"\">Por su parte, en el <strong>norte y oeste peninsular los valores no ser\u00e1n tan altos<\/strong> como en el Mediterr\u00e1neo y puntos de Andaluc\u00eda por <strong>la nubosidad y la lluvia<\/strong> asociada al temporal. Las m\u00e1ximas tambi\u00e9n subir\u00e1n, hasta llegar a valores habituales para la \u00e9poca despu\u00e9s de unos d\u00edas por debajo de lo habitual, pero no tanto como en el Levante.<\/p>\n<p><script async src=\"https:\/\/platform.twitter.com\/widgets.js\" charset=\"utf-8\"><\/script><\/p>\n","protected":false},"excerpt":{"rendered":"Tras unos d\u00edas de absoluta estabilidad en Espa\u00f1a, las lluvias y las tormentas han complicado las \u00faltimas horas&hellip;\n","protected":false},"author":2,"featured_media":188854,"comment_status":"","ping_status":"","sticky":false,"template":"","format":"standard","meta":{"footnotes":""},"categories":[8],"tags":[2980,7994,17,18,25,24,13,14,3087,11,52952,19,20,5808,6194,9752,9,10,15,16,23,52951,12,8091,21,22,7996],"class_list":{"0":"post-188853","1":"post","2":"type-post","3":"status-publish","4":"format-standard","5":"has-post-thumbnail","7":"category-espana","8":"tag-aemet","9":"tag-avisa","10":"tag-breaking-news","11":"tag-breakingnews","12":"tag-es","13":"tag-espana","14":"tag-featured-news","15":"tag-featurednews","16":"tag-fuertes","17":"tag-headlines","18":"tag-humeda","19":"tag-latest-news","20":"tag-latestnews","21":"tag-llegada","22":"tag-lluvias","23":"tag-masa","24":"tag-news","25":"tag-noticias","26":"tag-noticias-destacadas","27":"tag-noticiasdestacadas","28":"tag-spain","29":"tag-subtropical","30":"tag-titulares","31":"tag-tormentas","32":"tag-ultimas-noticias","33":"tag-ultimasnoticias","34":"tag-zonas"},"share_on_mastodon":{"url":"https:\/\/pubeurope.com\/@es\/115405365204816218","error":""},"_links":{"self":[{"href":"https:\/\/www.europesays.com\/es\/wp-json\/wp\/v2\/posts\/188853","targetHints":{"allow":["GET"]}}],"collection":[{"href":"https:\/\/www.europesays.com\/es\/wp-json\/wp\/v2\/posts"}],"about":[{"href":"https:\/\/www.europesays.com\/es\/wp-json\/wp\/v2\/types\/post"}],"author":[{"embeddable":true,"href":"https:\/\/www.europesays.com\/es\/wp-json\/wp\/v2\/users\/2"}],"replies":[{"embeddable":true,"href":"https:\/\/www.europesays.com\/es\/wp-json\/wp\/v2\/comments?post=188853"}],"version-history":[{"count":0,"href":"https:\/\/www.europesays.com\/es\/wp-json\/wp\/v2\/posts\/188853\/revisions"}],"wp:featuredmedia":[{"embeddable":true,"href":"https:\/\/www.europesays.com\/es\/wp-json\/wp\/v2\/media\/188854"}],"wp:attachment":[{"href":"https:\/\/www.europesays.com\/es\/wp-json\/wp\/v2\/media?parent=188853"}],"wp:term":[{"taxonomy":"category","embeddable":true,"href":"https:\/\/www.europesays.com\/es\/wp-json\/wp\/v2\/categories?post=188853"},{"taxonomy":"post_tag","embeddable":true,"href":"https:\/\/www.europesays.com\/es\/wp-json\/wp\/v2\/tags?post=188853"}],"curies":[{"name":"wp","href":"https:\/\/api.w.org\/{rel}","templated":true}]}}