{"id":188857,"date":"2025-10-20T07:43:08","date_gmt":"2025-10-20T07:43:08","guid":{"rendered":"https:\/\/www.europesays.com\/es\/188857\/"},"modified":"2025-10-20T07:43:08","modified_gmt":"2025-10-20T07:43:08","slug":"jesus-enrique-colombo-conquista-acho","status":"publish","type":"post","link":"https:\/\/www.europesays.com\/es\/188857\/","title":{"rendered":"Jes\u00fas Enrique Colombo conquista Acho\u00a0"},"content":{"rendered":"<p>            <a href=\"https:\/\/www.lascosasdeltoro.com\/wp-content\/uploads\/2025\/10\/Jesus-Enrique-Colombo-conquista-Acho-scaled.jpg\" data-caption=\"\" rel=\"nofollow noopener\" target=\"_blank\"><img loading=\"lazy\" decoding=\"async\" width=\"696\" height=\"928\" class=\"entry-thumb td-modal-image\" src=\"https:\/\/www.europesays.com\/es\/wp-content\/uploads\/2025\/10\/Jesus-Enrique-Colombo-conquista-Acho-696x928.jpg\"   alt=\"\" title=\"Jes\u00fas Enrique Colombo conquista Acho\"\/><\/a><\/p>\n<p>La Feria de los Milagros en la legendaria Plaza de Acho ha comenzado con nombre propio: Jes\u00fas Enrique Colombo. El torero venezolano se alz\u00f3 como el primer gran triunfador del serial lime\u00f1o tras cortar dos orejas a ejemplares de San Pedro y Salamanca, en una tarde donde su entrega, espectacularidad y dominio en los tres tercios marcaron la diferencia.<\/p>\n<p>Colombo volvi\u00f3 a demostrar por qu\u00e9 es uno de los toreros m\u00e1s completos y carism\u00e1ticos del escalaf\u00f3n. Con su primer toro, de Salamanca, firm\u00f3 una faena de m\u00e1xima entrega, destacando por su dinamismo en todos los tercios. Brill\u00f3 especialmente en el tercio de banderillas, donde hizo gala de su habilidad y espectacularidad, encandilando al p\u00fablico con pares de gran exposici\u00f3n. Con la muleta, hilvan\u00f3 series en redondo con ligaz\u00f3n y estructura, y remat\u00f3 con una estocada fulminante que le vali\u00f3 una oreja, con fuerte petici\u00f3n de la segunda.<\/p>\n<p>Su segundo turno, ante un ejemplar de San Pedro, fue una nueva demostraci\u00f3n de poder\u00edo. Lucido con el capote, vibrante con los palos y profundo con la muleta, Colombo exprimi\u00f3 a su oponente en una faena de entrega total. Sin guardarse nada, volvi\u00f3 a dejar una estocada contundente que le asegur\u00f3 otra oreja, sellando as\u00ed su salida por la Puerta Grande como el primer triunfador de la feria.<\/p>\n<p>Por su parte, Morenito de Aranda dej\u00f3 una grata impresi\u00f3n en su debut en Lima. Tore\u00f3 con clasicismo y temple, especialmente al natural, pero el fallo con la espada le priv\u00f3 de trofeos en ambas faenas. Fue ovacionado con fuerza por su autenticidad y elegancia.<\/p>\n<p>El peruano Alfonso de Lima no logr\u00f3 redondear sus actuaciones. A pesar de mostrar disposici\u00f3n y dejar algunos pasajes estimables, la falta de acople y precisi\u00f3n con la espada le dejaron sin trofeos, siendo silenciado en ambos turnos.<\/p>\n<p>Con esta actuaci\u00f3n, el torero venezolano Jes\u00fas Enrique Colombo reafirma su condici\u00f3n de figura en ascenso y embajador del toreo nacional en plazas de categor\u00eda como esta de Acho. La Feria de los Milagros ha comenzado con fuerza. Carlos Alexis Rivera CNP 10746<\/p>\n<p><a href=\"#\"><img decoding=\"async\" src=\"https:\/\/www.lascosasdeltoro.com\/wp-content\/uploads\/2016\/10\/rec728.jpg\"\/><\/a>        <\/p>\n","protected":false},"excerpt":{"rendered":"La Feria de los Milagros en la legendaria Plaza de Acho ha comenzado con nombre propio: Jes\u00fas Enrique&hellip;\n","protected":false},"author":2,"featured_media":188858,"comment_status":"","ping_status":"","sticky":false,"template":"","format":"standard","meta":{"footnotes":""},"categories":[277],"tags":[373,168,25,24,23,167,374],"class_list":{"0":"post-188857","1":"post","2":"type-post","3":"status-publish","4":"format-standard","5":"has-post-thumbnail","7":"category-toreo","8":"tag-bullfighting","9":"tag-deportes","10":"tag-es","11":"tag-espana","12":"tag-spain","13":"tag-sports","14":"tag-toreo"},"share_on_mastodon":{"url":"https:\/\/pubeurope.com\/@es\/115405377193177754","error":""},"_links":{"self":[{"href":"https:\/\/www.europesays.com\/es\/wp-json\/wp\/v2\/posts\/188857","targetHints":{"allow":["GET"]}}],"collection":[{"href":"https:\/\/www.europesays.com\/es\/wp-json\/wp\/v2\/posts"}],"about":[{"href":"https:\/\/www.europesays.com\/es\/wp-json\/wp\/v2\/types\/post"}],"author":[{"embeddable":true,"href":"https:\/\/www.europesays.com\/es\/wp-json\/wp\/v2\/users\/2"}],"replies":[{"embeddable":true,"href":"https:\/\/www.europesays.com\/es\/wp-json\/wp\/v2\/comments?post=188857"}],"version-history":[{"count":0,"href":"https:\/\/www.europesays.com\/es\/wp-json\/wp\/v2\/posts\/188857\/revisions"}],"wp:featuredmedia":[{"embeddable":true,"href":"https:\/\/www.europesays.com\/es\/wp-json\/wp\/v2\/media\/188858"}],"wp:attachment":[{"href":"https:\/\/www.europesays.com\/es\/wp-json\/wp\/v2\/media?parent=188857"}],"wp:term":[{"taxonomy":"category","embeddable":true,"href":"https:\/\/www.europesays.com\/es\/wp-json\/wp\/v2\/categories?post=188857"},{"taxonomy":"post_tag","embeddable":true,"href":"https:\/\/www.europesays.com\/es\/wp-json\/wp\/v2\/tags?post=188857"}],"curies":[{"name":"wp","href":"https:\/\/api.w.org\/{rel}","templated":true}]}}