{"id":188861,"date":"2025-10-20T07:48:12","date_gmt":"2025-10-20T07:48:12","guid":{"rendered":"https:\/\/www.europesays.com\/es\/188861\/"},"modified":"2025-10-20T07:48:12","modified_gmt":"2025-10-20T07:48:12","slug":"sancion-a-carlos-sainz-tras-su-accidente-con-kimi-antonelli-en-el-gp-de-estados-unidos","status":"publish","type":"post","link":"https:\/\/www.europesays.com\/es\/188861\/","title":{"rendered":"Sanci\u00f3n a Carlos Sainz tras su accidente con Kimi Antonelli en el GP de Estados Unidos"},"content":{"rendered":"<p data-journey-content=\"true\" data-node-id=\"3\" class=\"css-6wxqfj emevuu60\">Carlos Sainz llegaba al GP de Estados Unidos con la esperanza de mantener la buena racha de las dos \u00faltimas carreras. Por poner en contexto, el espa\u00f1ol ven\u00eda de conseguir su primer podio con Williams en Azerbaiy\u00e1n, mientras que en Singapur, a pesar de recibir una sanci\u00f3n de la FIA que lo relegaba a las \u00faltimas posiciones, pudo remontar con su FW47 hasta la zona de puntos. Pues bien, el fin de semana comenzaba de buenas formas para el espa\u00f1ol, quien <a href=\"https:\/\/www.caranddriver.com\/es\/formula-1\/a69077617\/carlos-sainz-resultado-williams-f1-gp-estados-unidos-no-entiendo-ahi\/\" target=\"_blank\" data-vars-ga-outbound-link=\"https:\/\/www.caranddriver.com\/es\/formula-1\/a69077617\/carlos-sainz-resultado-williams-f1-gp-estados-unidos-no-entiendo-ahi\/\" data-vars-ga-ux-element=\"Hyperlink\" data-vars-ga-call-to-action=\"lograba su segundo podio en tres fines de semana. \" data-node-id=\"3.1\" class=\"body-link css-168zq96 emevuu60\" rel=\"nofollow noopener\">lograba su segundo podio en tres fines de semana. <\/a><\/p>\n<p>La FIA sanciona a Carlos Sainz<\/p>\n<p data-journey-content=\"true\" data-node-id=\"7\" class=\"css-6wxqfj emevuu60\">Esto durante la primera jornada de s\u00e1bado, mientras que por la tarde en clasificaci\u00f3n, el espa\u00f1ol lograr\u00eda volver a <strong data-node-id=\"7.1\">meterse en Q3 con una novena posici\u00f3n. Desde ah\u00ed precisamente partir\u00eda el \u201855\u2019 en la carrera del domingo,<\/strong> donde lograba ascender una posici\u00f3n en las primeras curvas. No obstante, esta alegr\u00eda no durar\u00eda mucho, porque tras mantener un buen ritmo dentro del top diez, <a href=\"https:\/\/www.caranddriver.com\/es\/formula-1\/a69085279\/max-verstappen-arrasa-gp-estados-unidos-fernando-alonso-puntua-carlos-sainz-abandona\/\" target=\"_blank\" data-vars-ga-outbound-link=\"https:\/\/www.caranddriver.com\/es\/formula-1\/a69085279\/max-verstappen-arrasa-gp-estados-unidos-fernando-alonso-puntua-carlos-sainz-abandona\/\" data-vars-ga-ux-element=\"Hyperlink\" data-vars-ga-call-to-action=\"Carlos Sainz sufrir\u00eda un accidente con Andrea Kimi Antonelli\" data-node-id=\"7.3\" class=\"body-link css-168zq96 emevuu60\" rel=\"nofollow noopener\">Carlos Sainz sufrir\u00eda un accidente con Andrea Kimi Antonelli<\/a> en la curva 15 del circuito tras una pasada de frenada que hizo a la FIA investigar la acci\u00f3n. <\/p>\n<p data-journey-content=\"true\" data-node-id=\"9\" class=\"css-6wxqfj emevuu60\">Esto hizo que el de Williams terminara fuera de carrera, mientras que el de Mercedes lograr\u00eda retomar el vuelo, aunque con da\u00f1os en su W16. <strong data-node-id=\"9.1\">Pocos segundos despu\u00e9s del accidente, el espa\u00f1ol reportaba por radio que \u201clo siento chicos, me ha cerrado en el \u00faltimo momento\u201d<\/strong>. Ante esta situaci\u00f3n, la FIA ha tomado la decisi\u00f3n de sancionar a Carlos Sainz con dos puntos en la superlicencia y cinco posiciones de cara al siguiente GP de M\u00e9xico, que se celebrar\u00e1 esta misma semana. <\/p>\n<p><img draggable=\"true\" alt=\"carlos sainz williams f1\" title=\"Carlos Sainz Williams F1\" loading=\"lazy\" width=\"7680\" height=\"5120\" decoding=\"async\" data-nimg=\"1\" style=\"color:transparent;width:100%;height:auto;\"   src=\"https:\/\/www.europesays.com\/es\/wp-content\/uploads\/2025\/10\/carlos-sainz-68f54497ac8b8.jpg\" class=\"css-0 e1g79fud0\"\/><a target=\"_blank\" rel=\"noopener nofollow\" data-theme-key=\"base-link\" href=\"https:\/\/pinterest.com\/pin\/create\/button\/?url=https:\/\/www.caranddriver.com\/es\/formula-1\/a69085373\/fia-no-perdona-sancion-carlos-sainz-accidente-kimi-antonelli-gp-estados-unidos\/&amp;description=&amp;media=https:\/\/hips.hearstapps.com\/hmg-prod\/images\/carlos-sainz-68f54497ac8b8.jpg?resize=1600:*\" class=\"pinterest css-on9hn5 e1c1bym14\"><img decoding=\"async\" data-dynamic-svg=\"true\" src=\"https:\/\/www.caranddriver.com\/_assets\/design-tokens\/fre\/static\/icons\/social\/pinterest.e8cf655.svg?primary=%2523ffffff\" loading=\"lazy\" data-testid=\"dynamic-svg-base\" height=\"auto\" width=\"auto\" alt=\"pinterest\" class=\"css-4lml0h e1mlxuuw1\"\/><\/a><\/p>\n<p>JIM WATSON<\/p>\n<p data-journey-content=\"true\" data-node-id=\"14\" class=\"css-6wxqfj emevuu60\">\u201cEl conductor del coche 55 sostuvo que esperaba que el conductor del coche 12 le dejara espacio en el v\u00e9rtice, <strong data-node-id=\"14.1\">pero el coche 12 gir\u00f3 antes de tiempo y el coche 55 bloque\u00f3 los frenos cuando se hizo evidente que la colisi\u00f3n era inevitable<\/strong>\u201d, dec\u00eda el comunicado.<\/p>\n<p data-journey-content=\"true\" data-node-id=\"16\" class=\"css-6wxqfj emevuu60\">\u201cSugiri\u00f3 que el piloto del coche 12 deber\u00eda haber anticipado un intento de adelantamiento del coche 55 y haber dejado espacio para evitar el contacto.<strong data-node-id=\"16.1\"> Sin embargo, en ning\u00fan momento antes del v\u00e9rtice estuvo el eje delantero del coche 55<\/strong> junto o por delante del retrovisor del coche 12\u201d, prosigui\u00f3.<\/p>\n<p data-journey-content=\"true\" data-node-id=\"18\" class=\"css-6wxqfj emevuu60\">\u201cPor lo tanto, de acuerdo con las Directrices de Est\u00e1ndares de Conducci\u00f3n, el Auto 55 no ten\u00eda derecho a un espacio libre en el v\u00e9rtice. Los Comisarios Deportivos determinan que el piloto del Auto 55 fue el principal responsable de la colisi\u00f3n y, en consecuencia, se le aplica una penalizaci\u00f3n. <strong data-node-id=\"18.1\">Dado que el piloto sancionado no termin\u00f3 la carrera, se le impone una penalizaci\u00f3n en parrilla de 10 segundos<\/strong>\u201d, concluy\u00f3 la FIA.<\/p>\n<p>La justificaci\u00f3n de Carlos Sainz al accidente <\/p>\n<p data-journey-content=\"true\" data-node-id=\"21\" class=\"css-6wxqfj emevuu60\">El fin de semana estaba siendo prometedor para Carlos Sainz. De hecho, el espa\u00f1ol lleg\u00f3 a admitir<a href=\"https:\/\/www.caranddriver.com\/es\/formula-1\/a69081959\/prediccion-optimista-carlos-sainz-motivar-williams-f1-gp-de-estados-unidos\/\" target=\"_blank\" data-vars-ga-outbound-link=\"https:\/\/www.caranddriver.com\/es\/formula-1\/a69081959\/prediccion-optimista-carlos-sainz-motivar-williams-f1-gp-de-estados-unidos\/\" data-vars-ga-ux-element=\"Hyperlink\" data-vars-ga-call-to-action=\" que \" data-node-id=\"21.1\" class=\"body-link css-168zq96 emevuu60\" rel=\"nofollow noopener\"><strong data-node-id=\"21.1.0\"> que<\/strong> <\/a><strong data-node-id=\"21.2\"><a href=\"https:\/\/www.caranddriver.com\/es\/formula-1\/a69081959\/prediccion-optimista-carlos-sainz-motivar-williams-f1-gp-de-estados-unidos\/\" target=\"_blank\" data-vars-ga-outbound-link=\"https:\/\/www.caranddriver.com\/es\/formula-1\/a69081959\/prediccion-optimista-carlos-sainz-motivar-williams-f1-gp-de-estados-unidos\/\" data-vars-ga-ux-element=\"Hyperlink\" data-vars-ga-call-to-action=\"\u201cespero tener buen ritmo en carrera\u201d\" data-node-id=\"21.2.0\" class=\"body-link css-168zq96 emevuu60\" rel=\"nofollow noopener\">\u201cespero tener buen ritmo en carrera\u201d<\/a>. No obstante, una pasada de frenada ha terminado en accidente con Andrea Kimi Antonelli<\/strong>. Una acci\u00f3n que la FIA ha tenido claro su veredicto a la hora de sancionar al de Williams, pero el \u201855\u2019 ha querido explicar lo sucedido con estas palabras. <\/p>\n<p data-journey-content=\"true\" data-node-id=\"23\" class=\"css-6wxqfj emevuu60\">\u201cUna pena, ven\u00eda r\u00e1pido desde el principio, creo que m\u00e1s incluso que los dos Mercedes. He hecho un adelantamiento parecido con Oliver Bearman, lo he intentado con Andrea Kimi Antonelli, y me ha sorprendido.<strong data-node-id=\"23.1\"> No s\u00e9 si no me ha visto y cuando ha cerrado la puerta he bloqueado delantero, por eso nos hemos tocado.<\/strong> Un incidente que parece feo desde fuera pero que desde dentro ha sido algo que en cualquier momento puede suceder. Creo que se puede atribuir culpa a los dos\u201d, dec\u00eda. <\/p>\n<p data-journey-content=\"true\" data-node-id=\"25\" class=\"css-6wxqfj emevuu60\">Es as\u00ed como el piloto de Williams ha sufrido un accidente con Andrea Kimi Antonelli durante el GP de Estados Unidos, por el que arrastrar\u00e1 una sanci\u00f3n de cinco posiciones para M\u00e9xico. <\/p>\n","protected":false},"excerpt":{"rendered":"Carlos Sainz llegaba al GP de Estados Unidos con la esperanza de mantener la buena racha de las&hellip;\n","protected":false},"author":2,"featured_media":188862,"comment_status":"","ping_status":"","sticky":false,"template":"","format":"standard","meta":{"footnotes":""},"categories":[270],"tags":[168,253,25,24,306,271,272,23,167],"class_list":{"0":"post-188861","1":"post","2":"type-post","3":"status-publish","4":"format-standard","5":"has-post-thumbnail","7":"category-formula-1","8":"tag-deportes","9":"tag-discover","10":"tag-es","11":"tag-espana","12":"tag-f1","13":"tag-formula-1","14":"tag-formula1","15":"tag-spain","16":"tag-sports"},"share_on_mastodon":{"url":"https:\/\/pubeurope.com\/@es\/115405396785634802","error":""},"_links":{"self":[{"href":"https:\/\/www.europesays.com\/es\/wp-json\/wp\/v2\/posts\/188861","targetHints":{"allow":["GET"]}}],"collection":[{"href":"https:\/\/www.europesays.com\/es\/wp-json\/wp\/v2\/posts"}],"about":[{"href":"https:\/\/www.europesays.com\/es\/wp-json\/wp\/v2\/types\/post"}],"author":[{"embeddable":true,"href":"https:\/\/www.europesays.com\/es\/wp-json\/wp\/v2\/users\/2"}],"replies":[{"embeddable":true,"href":"https:\/\/www.europesays.com\/es\/wp-json\/wp\/v2\/comments?post=188861"}],"version-history":[{"count":0,"href":"https:\/\/www.europesays.com\/es\/wp-json\/wp\/v2\/posts\/188861\/revisions"}],"wp:featuredmedia":[{"embeddable":true,"href":"https:\/\/www.europesays.com\/es\/wp-json\/wp\/v2\/media\/188862"}],"wp:attachment":[{"href":"https:\/\/www.europesays.com\/es\/wp-json\/wp\/v2\/media?parent=188861"}],"wp:term":[{"taxonomy":"category","embeddable":true,"href":"https:\/\/www.europesays.com\/es\/wp-json\/wp\/v2\/categories?post=188861"},{"taxonomy":"post_tag","embeddable":true,"href":"https:\/\/www.europesays.com\/es\/wp-json\/wp\/v2\/tags?post=188861"}],"curies":[{"name":"wp","href":"https:\/\/api.w.org\/{rel}","templated":true}]}}