{"id":188867,"date":"2025-10-20T07:51:11","date_gmt":"2025-10-20T07:51:11","guid":{"rendered":"https:\/\/www.europesays.com\/es\/188867\/"},"modified":"2025-10-20T07:51:11","modified_gmt":"2025-10-20T07:51:11","slug":"galan-amplia-su-denuncia-a-tebas-y-pide-su-cese-por-censura-audiovisual-extralimitacion-y-falta-de-transparencia","status":"publish","type":"post","link":"https:\/\/www.europesays.com\/es\/188867\/","title":{"rendered":"Gal\u00e1n ampl\u00eda su denuncia a Tebas y pide su cese por censura audiovisual, extralimitaci\u00f3n y falta de transparencia"},"content":{"rendered":"<p class=\"paragraph\" id=\"paragraph_1\"><strong>Miguel \u00c1ngel Gal\u00e1n<\/strong> Castellanos ha <a href=\"https:\/\/www.elespanol.com\/deportes\/futbol\/20251008\/galan-denuncia-tebas-abuso-autoridad-atentado-dignidad-insultar-extrabajador-laliga\/1003743961127_0.html?utm_cmp_rs=linksinline\" rel=\"nofollow noopener\" target=\"_blank\">presentado una <strong>segunda ampliaci\u00f3n de la denuncia contra Javier Tebas<\/strong><\/a>, presidente de <strong>LaLiga<\/strong>, en la que eleva a <strong>dos las infracciones muy graves<\/strong> atribuidas al dirigente.<\/p>\n<p class=\"paragraph\" id=\"paragraph_2\">A las acusaciones ya presentadas se les suma la <a href=\"https:\/\/www.elespanol.com\/deportes\/futbol\/20251017\/real-oviedo-rcd-espanyol-encabezan-protesta-villarreal-barca-miami-laliga-oculta-television\/1003743974574_0.html?utm_cmp_rs=linksinline\" rel=\"nofollow noopener\" target=\"_blank\"><strong>censura audiovisual<\/strong> durante las protestas de los jugadores<\/a> por el partido de Miami y <strong>falta de transparencia y extralimitaci\u00f3n competencial<\/strong> al promover ese encuentro sin la preceptiva autorizaci\u00f3n del <strong>Consejo Superior de Deportes (CSD)<\/strong>.<\/p>\n<p class=\"paragraph\" id=\"paragraph_3\">El escrito, registrado este domingo ante el CSD, constituye una ampliaci\u00f3n de la denuncia que Gal\u00e1n ya hab\u00eda interpuesto en agosto, cuando acus\u00f3 a Tebas de <strong>abuso de autoridad y atentado al decoro deportivo<\/strong> tras insultar p\u00fablicamente a un extrabajador de LaLiga.<\/p>\n<p><img loading=\"lazy\" decoding=\"async\" alt=\"Javier Tebas y Paco Gonz\u00e1lez, en un fotomontaje\" height=\"180\" src=\"https:\/\/www.europesays.com\/es\/wp-content\/uploads\/2025\/10\/1003743975069_259433372_320x180.jpg\" width=\"320\" data-lazy-status=\"processed\" data-lazy-info=\"remove loading item 1\"\/><\/p>\n<p class=\"paragraph\" id=\"paragraph_4\">En esta ocasi\u00f3n, la asociaci\u00f3n que preside el denunciante reclama <strong>la destituci\u00f3n inmediata de Tebas<\/strong> por vulnerar los principios de neutralidad, objetividad y transparencia que rigen las entidades deportivas.<\/p>\n<p>Protesta silenciada<\/p>\n<p class=\"paragraph\" id=\"paragraph_5\">La nueva denuncia parte de los hechos ocurridos durante la <strong>jornada 9 de La Liga<\/strong>, cuando los futbolistas realizaron una protesta pac\u00edfica -un par\u00f3n de 15 segundos al inicio de los partidos- en rechazo a la decisi\u00f3n de celebrar un encuentro oficial en EE.UU.<\/p>\n<p class=\"paragraph\" id=\"paragraph_6\">Seg\u00fan la <strong>Asociaci\u00f3n de Futbolistas Espa\u00f1oles (AFE)<\/strong>, la medida de protesta p\u00fablica cont\u00f3 con el apoyo de todos los capitanes de Primera Divisi\u00f3n.<\/p>\n<p class=\"paragraph\" id=\"paragraph_7\">Sin embargo, durante el <strong>Real Oviedo &#8211; Espanyol<\/strong>, la <strong>realizaci\u00f3n televisiva de LaLiga<\/strong> evit\u00f3 mostrar ese momento y mantuvo un plano del exterior del estadio durante los segundos en que se produjo la protesta.<\/p>\n<p><img decoding=\"async\" alt=\"La imagen del Carlos Tartiere que se pudo ver en TV mientras los jugadores protestaban.\" data-imgm=\"true\" height=\"180\" loading=\"lazy\"  src=\"https:\/\/www.europesays.com\/es\/wp-content\/uploads\/2025\/10\/1003743974736_259428652_1024x576.jpg\"  width=\"320\"\/><\/p>\n<p>                                                            La imagen del Carlos Tartiere que se pudo ver en TV mientras los jugadores protestaban.<\/p>\n<p class=\"paragraph\" id=\"paragraph_8\">Tras ello, se conoci\u00f3 que <strong>LaLiga instruy\u00f3 deliberadamente a la producci\u00f3n audiovisual para ocultar la escena.<\/strong><\/p>\n<p class=\"paragraph\" id=\"paragraph_9\">Un hecho que, seg\u00fan Gal\u00e1n, <strong>viola el derecho constitucional a la libertad de expresi\u00f3n<\/strong> de los jugadores y la <strong>Ley 21\/1997 de Retransmisiones Deportivas<\/strong>, que proh\u00edbe censurar contenidos de relevancia informativa.<\/p>\n<p class=\"paragraph\" id=\"paragraph_10\">Adem\u00e1s, el presidente de LaLiga <strong>advirti\u00f3 por carta a la AFE<\/strong> de posibles <strong>\u00abconsecuencias indeseadas\u00bb<\/strong> para los futbolistas si manten\u00edan la protesta.<\/p>\n<p class=\"paragraph\" id=\"paragraph_11\">Algo que la asociaci\u00f3n considera un <strong>acto intimidatorio<\/strong> y un <strong>abuso de autoridad<\/strong> contemplado en el art\u00edculo 76.2.c) de la <strong>Ley 10\/1990 del Deporte<\/strong>.<\/p>\n<p><img decoding=\"async\" alt=\"Javier Tebas y Rafael Louz\u00e1n durante la presentaci\u00f3n de la nueva Junta Directiva.\" height=\"180\" loading=\"lazy\" width=\"320\" data-lazy-status=\"processed\" id=\"57c844c1c3\" src=\"https:\/\/www.elespanol.com\/deportes\/20251019\/galan-amplia-denuncia-tebas-pide-cese-censura-audiovisual-extralimitacion-falta-transparencia\/[\" https:=\"\" data-lazy-info=\"changed src\"\/><\/p>\n<p>Falta de transparencia<\/p>\n<p class=\"paragraph\" id=\"paragraph_12\">El segundo eje de la denuncia se centra en la <strong>organizaci\u00f3n del partido Villarreal &#8211; Barcelona en Miami<\/strong>, prevista para el pr\u00f3ximo mes de diciembre.<\/p>\n<p class=\"paragraph\" id=\"paragraph_13\">La <strong>AFE<\/strong> acus\u00f3 a Tebas y a LaLiga de <strong>falta de transparencia<\/strong>, asegurando que no se les facilit\u00f3 informaci\u00f3n pese a haberla solicitado dos meses antes.<\/p>\n<p class=\"paragraph\" id=\"paragraph_14\">El sindicato recuerda que el <strong>art\u00edculo 61 de la Ley 39\/2022 del Deporte<\/strong> obliga a garantizar la transparencia informativa y el acceso a datos relevantes para los futbolistas.<\/p>\n<p class=\"paragraph\" id=\"paragraph_15\">Sin embargo, LaLiga <strong>no convoc\u00f3 reuniones ni entreg\u00f3 documentaci\u00f3n<\/strong> antes de anunciar oficialmente el encuentro.<\/p>\n<p><img decoding=\"async\" alt=\"Cartel oficial de LaLiga para el Villarreal - Bar\u00e7a en Miami\" data-imgm=\"true\" height=\"180\" loading=\"lazy\"  src=\"https:\/\/www.europesays.com\/es\/wp-content\/uploads\/2025\/10\/1003743961069_259255545_1024x576.jpg\"  width=\"320\"\/><\/p>\n<p>                                                            Cartel oficial de LaLiga para el Villarreal &#8211; Bar\u00e7a en Miami<\/p>\n<p class=\"paragraph\" id=\"paragraph_16\">Para Gal\u00e1n, <strong>autorizar unilateralmente un partido fuera de Espa\u00f1a<\/strong> sin el visto bueno del CSD y sin el informe federativo obligatorio vulnera la <strong>Ley 10\/1990<\/strong>, el <strong>Real Decreto 2075\/1982.<\/strong><\/p>\n<p class=\"paragraph\" id=\"paragraph_17\">Seg\u00fan esta, se exige el permiso previo para competiciones internacionales, y tambi\u00e9n el <strong>art\u00edculo 14 de la Ley 39\/2022<\/strong>, que reserva al CSD la competencia exclusiva en actividades deportivas internacionales.<\/p>\n<p class=\"paragraph\" id=\"paragraph_18\">El escrito tambi\u00e9n alude al <strong>Convenio Colectivo LaLiga-AFE<\/strong>, que limita los desplazamientos a un m\u00e1ximo de 72 horas, y al <strong>Modelo Europeo del Deporte<\/strong> aprobado por el Parlamento Europeo, que insta a impedir que se disputen partidos nacionales fuera del continente.<\/p>\n<p><img decoding=\"async\" alt=\"Josip Brekalo, jugador del Real Oviedo, en el partido ante el Espanyol.\" height=\"180\" loading=\"lazy\" width=\"320\" data-lazy-status=\"processed\" id=\"135096a732\" src=\"https:\/\/www.elespanol.com\/deportes\/20251019\/galan-amplia-denuncia-tebas-pide-cese-censura-audiovisual-extralimitacion-falta-transparencia\/[\" https:=\"\" data-lazy-info=\"changed src\"\/><\/p>\n<p>Petici\u00f3n de destituci\u00f3n<\/p>\n<p class=\"paragraph\" id=\"paragraph_19\">La <strong>Asociaci\u00f3n Transparencia y Democracia en el Deporte<\/strong> solicita al CSD que <strong>remita la denuncia al Tribunal Administrativo del Deporte (TAD)<\/strong>, \u00f3rgano competente para incoar un expediente disciplinario.<\/p>\n<p class=\"paragraph\" id=\"paragraph_20\">La petici\u00f3n recuerda la <strong>sentencia 128\/2023 de la Audiencia Nacional<\/strong>, que obliga al Consejo a trasladar todas las denuncias al TAD sin retenerlas.<\/p>\n<p class=\"paragraph\" id=\"paragraph_21\">Seg\u00fan el escrito, las conductas de Tebas encajan en el tipo de <strong>abuso de autoridad y vulneraci\u00f3n de derechos fundamentales<\/strong>, pudiendo acarrear <strong>inhabilitaci\u00f3n de dos a cinco a\u00f1os<\/strong>.<\/p>\n<p><img decoding=\"async\" alt=\"Aleksander Ceferin, Stephen M. Ross y Javier Tebas, en un fotomontaje\" height=\"180\" loading=\"lazy\" width=\"320\" data-lazy-status=\"processed\" id=\"9d0576d517\" src=\"https:\/\/www.elespanol.com\/deportes\/20251019\/galan-amplia-denuncia-tebas-pide-cese-censura-audiovisual-extralimitacion-falta-transparencia\/[\" https:=\"\" data-lazy-info=\"changed src\"\/><\/p>\n<p class=\"paragraph\" id=\"paragraph_22\">Adem\u00e1s de una <strong>sanci\u00f3n econ\u00f3mica<\/strong> de hasta <strong>650.000 euros<\/strong> y <strong>destituci\u00f3n del cargo<\/strong>, conforme a los art\u00edculos 75 y 79 de la <strong>Ley del Deporte<\/strong>.<\/p>\n<p class=\"paragraph\" id=\"paragraph_23\">Gal\u00e1n fundamenta la gravedad de los hechos en la <strong>reincidencia del presidente de LaLiga<\/strong>, recordando que ya fue <a href=\"https:\/\/www.elespanol.com\/deportes\/futbol\/20240920\/tad-decide-amonestar-tebas-inhabilitado-presidente-laliga-comete-falta\/887411554_0.html?utm_cmp_rs=linksinline\" rel=\"nofollow noopener\" target=\"_blank\"><strong>amonestado p\u00fablicamente por el TAD en 2024<\/strong> tras una denuncia del Real Madrid<\/a>.<\/p>\n<p class=\"paragraph\" id=\"paragraph_24\">El <strong>Consejo Superior de Deportes<\/strong> deber\u00e1 decidir si eleva la denuncia al <strong>TAD<\/strong>, que, de admitirse, podr\u00eda abrir un procedimiento que determine si <strong>Javier Tebas incurri\u00f3 en abuso de autoridad.<\/strong><\/p>\n","protected":false},"excerpt":{"rendered":"Miguel \u00c1ngel Gal\u00e1n Castellanos ha presentado una segunda ampliaci\u00f3n de la denuncia contra Javier Tebas, presidente de LaLiga,&hellip;\n","protected":false},"author":2,"featured_media":188868,"comment_status":"","ping_status":"","sticky":false,"template":"","format":"standard","meta":{"footnotes":""},"categories":[174],"tags":[255,168,146,147,25,24,256,881,282,653,52953,6584,23,9607],"class_list":{"0":"post-188867","1":"post","2":"type-post","3":"status-publish","4":"format-standard","5":"has-post-thumbnail","7":"category-famosos","8":"tag-celebrities","9":"tag-deportes","10":"tag-entertainment","11":"tag-entretenimiento","12":"tag-es","13":"tag-espana","14":"tag-famosos","15":"tag-fc-barcelona","16":"tag-futbol","17":"tag-javier-tebas","18":"tag-lfp-liga-de-futbol-profesional","19":"tag-miami","20":"tag-spain","21":"tag-villarreal-cf"},"share_on_mastodon":{"url":"https:\/\/pubeurope.com\/@es\/115405408544908137","error":""},"_links":{"self":[{"href":"https:\/\/www.europesays.com\/es\/wp-json\/wp\/v2\/posts\/188867","targetHints":{"allow":["GET"]}}],"collection":[{"href":"https:\/\/www.europesays.com\/es\/wp-json\/wp\/v2\/posts"}],"about":[{"href":"https:\/\/www.europesays.com\/es\/wp-json\/wp\/v2\/types\/post"}],"author":[{"embeddable":true,"href":"https:\/\/www.europesays.com\/es\/wp-json\/wp\/v2\/users\/2"}],"replies":[{"embeddable":true,"href":"https:\/\/www.europesays.com\/es\/wp-json\/wp\/v2\/comments?post=188867"}],"version-history":[{"count":0,"href":"https:\/\/www.europesays.com\/es\/wp-json\/wp\/v2\/posts\/188867\/revisions"}],"wp:featuredmedia":[{"embeddable":true,"href":"https:\/\/www.europesays.com\/es\/wp-json\/wp\/v2\/media\/188868"}],"wp:attachment":[{"href":"https:\/\/www.europesays.com\/es\/wp-json\/wp\/v2\/media?parent=188867"}],"wp:term":[{"taxonomy":"category","embeddable":true,"href":"https:\/\/www.europesays.com\/es\/wp-json\/wp\/v2\/categories?post=188867"},{"taxonomy":"post_tag","embeddable":true,"href":"https:\/\/www.europesays.com\/es\/wp-json\/wp\/v2\/tags?post=188867"}],"curies":[{"name":"wp","href":"https:\/\/api.w.org\/{rel}","templated":true}]}}