{"id":188869,"date":"2025-10-20T07:52:10","date_gmt":"2025-10-20T07:52:10","guid":{"rendered":"https:\/\/www.europesays.com\/es\/188869\/"},"modified":"2025-10-20T07:52:10","modified_gmt":"2025-10-20T07:52:10","slug":"estas-imagenes-le-han-servido-al-gijones-rafer-para-llevarse-un-doble-galardon-en-el-premio-quijote-de-fotografia","status":"publish","type":"post","link":"https:\/\/www.europesays.com\/es\/188869\/","title":{"rendered":"Estas im\u00e1genes le han servido al gijon\u00e9s Rafer para llevarse un doble galard\u00f3n en el premio \u00abQuijote\u00bb de fotograf\u00eda"},"content":{"rendered":"<p class=\"ft-text ft-helper-closenews\"><strong>Nuevos galardones para Rafer y, por ende, para Gij\u00f3n.<\/strong><a class=\"ft-link ft-link--decoration\" href=\"https:\/\/www.lne.es\/gijon\/2024\/04\/09\/peculiar-mirada-rafer-mar-traves-100798880.html\" target=\"_blank\" rel=\"nofollow noopener\"> El fot\u00f3grafo Ram\u00f3n Fern\u00e1ndez<\/a> se ha alzado, por cuarta vez ya, con un Premio \u00abQuijote\u00bb de Fotograf\u00eda, convocado por la Asociaci\u00f3n de Fot\u00f3grafos Profesionales de Castilla La Mancha. En esta edici\u00f3n, Rafer se impuso en las categor\u00edas de Libre Creaci\u00f3n y Gr\u00e1fico.<strong> \u00abEstoy muy contento, esto representa que el <\/strong><a class=\"ft-link ft-link--decoration\" href=\"https:\/\/www.lne.es\/tags\/ofertas-de-empleo\/\" rel=\"nofollow noopener\" target=\"_blank\"><strong>trabajo<\/strong><\/a><strong> da sus frutos\u00bb,<\/strong> subraya Rafer, que festeja los reconocimientos en unos premios \u00abmuy prestigiosos\u00bb. \u00abEs m\u00e1s que satisfactorio\u00bb, indica el fot\u00f3grafo, que estaba nominado con cinco de sus obras.<\/p>\n<p><img decoding=\"async\" src=\"https:\/\/www.europesays.com\/es\/wp-content\/uploads\/2025\/10\/b6604cf8-f87a-445e-a36e-4e57bd4072fb_alta-libre-aspect-ratio_default_0.jpg\" width=\"1200\" height=\"1550\" alt=\"La fotograf\u00eda de la figura de una bailarina, premiada en la categor\u00eda de Libre Creaci\u00f3n. | RAFER\" class=\"ft-helper-img-rd\" loading=\"lazy\" hasdataaida=\"true\"\/><\/p>\n<p class=\"ft-helper-fontColor-quaternary ft-helper-fontSize-body-S ft-helper-spacer-t-xxs\">La fotograf\u00eda de la figura de una bailarina, premiada en la categor\u00eda de Libre Creaci\u00f3n.  \/ | RAFER<\/p>\n<p class=\"ft-text\">En cuanto a la Libre Creaci\u00f3n, la g\u00e9nesis de su trabajo se encuentra en Cuba, adonde viaj\u00f3 hace unos meses. All\u00ed ejerci\u00f3 de \u00abmaestro\u00bb de una joven aprendiz, a quien le ense\u00f1\u00f3, por ejemplo, la t\u00e9cnica de los bodegones. \u00abCon ella fuerzas la mente para crear de manera muy bonita y es muy buena para hacer composiciones\u00bb, comenta Rafer. La protagonista de la imagen vencedora es la figura de una bailarina adquirida en el pa\u00eds caribe\u00f1o, que fue la inspiraci\u00f3n para la fotograf\u00eda. Le acompa\u00f1a un cielo que simboliza la distancia entre Espa\u00f1a y Cuba.<strong> \u00abLa pas\u00e9 a blanco y negro y as\u00ed es c\u00f3mo deja esa atm\u00f3sfera de impacto que casi no se sabe qu\u00e9 es\u00bb, desarrolla Rafer. <\/strong><\/p>\n<p class=\"ft-text\">Ram\u00f3n Fern\u00e1ndez es claro. \u00abNo puedo dejar la fotograf\u00eda, es como una droga para m\u00ed\u00bb, apunta el gijon\u00e9s que destaca la \u00abpasi\u00f3n\u00bb que pone en la disciplina, que le ayuda a \u00abcontar la historia de lo que ocurre\u00bb.<strong> \u00abCuanto m\u00e1s hago, m\u00e1s me doy cuenta de lo importancia de captar esos momentos y transmitirlos a la gente\u00bb,<\/strong> sostiene Rafer, que se coron\u00f3 en la categor\u00eda de Gr\u00e1fico en los Premios \u00abQuijote\u00bb con unas im\u00e1genes tomadas en Mandalay, ciudad de Myanmar, la antigua Birmania.<\/p>\n<p class=\"ft-text\">En concreto, a una comunidad de monjes budistas que van en fila por el pueblo para buscar la comida del d\u00eda. <strong>\u00abSon sus costumbres; en el reportaje les digo desde que salen de la pagoda hasta que van llenando el carro; son cientos de ellos que llevan su pota para llenarla y van caminando ordenadamente\u00bb,<\/strong> afirma Rafer, que remarca que, cuando realiza un reportaje de este estilo, su objetivo no es lograr una foto \u00abde concurso\u00bb. \u00abHago el trabajo con amor y cari\u00f1o, nunca pensando en los premios\u00bb, asevera. En el conjunto de im\u00e1genes que le valieron el galard\u00f3n en la categor\u00eda de Gr\u00e1fico predominan las<strong> \u00abperspectivas, diagonales y curvas\u00bb, m\u00e9todos para a\u00f1adir \u00abdinamismo\u00bb a las fotograf\u00edas. <\/strong><\/p>\n<p class=\"ft-text\">Rafer, en 2024, se alz\u00f3 con la distinci\u00f3n del Premio \u00abQuijote\u00bb en el campo de Paisaje y Naturaleza. Ahora se a\u00f1aden a su colecci\u00f3n de logros los reconocimientos en Libre Creaci\u00f3n y Gr\u00e1fico, prueba de la versatilidad del autor, inseparable de su c\u00e1mara. \u00abVa conmigo a todas partes\u00bb, reivindica Ram\u00f3n Fern\u00e1ndez, al que cada triunfo en cert\u00e1menes de este tipo le sigue generando una sonrisa de satisfacci\u00f3n. Su ojo fotogr\u00e1fico no pierde el tino.<\/p>\n<p data-close=\"closedContent\" class=\"subscribeHideForDisplay\">Suscr\u00edbete para seguir leyendo<\/p>\n","protected":false},"excerpt":{"rendered":"Nuevos galardones para Rafer y, por ende, para Gij\u00f3n. El fot\u00f3grafo Ram\u00f3n Fern\u00e1ndez se ha alzado, por cuarta&hellip;\n","protected":false},"author":2,"featured_media":188870,"comment_status":"","ping_status":"","sticky":false,"template":"","format":"standard","meta":{"footnotes":""},"categories":[173],"tags":[229,233,231,230,1164,232,234,7537,146,147,25,24,244,27082,4648,843,532,28954,52954,23],"class_list":{"0":"post-188869","1":"post","2":"type-post","3":"status-publish","4":"format-standard","5":"has-post-thumbnail","7":"category-arte-y-diseno","8":"tag-arte","9":"tag-arte-y-diseno","10":"tag-arts","11":"tag-arts-and-design","12":"tag-cuba","13":"tag-design","14":"tag-diseno","15":"tag-doble","16":"tag-entertainment","17":"tag-entretenimiento","18":"tag-es","19":"tag-espana","20":"tag-fotografia","21":"tag-galardon","22":"tag-libre","23":"tag-premio","24":"tag-premios","25":"tag-quijote","26":"tag-rafer","27":"tag-spain"},"share_on_mastodon":{"url":"https:\/\/pubeurope.com\/@es\/115405412486414236","error":""},"_links":{"self":[{"href":"https:\/\/www.europesays.com\/es\/wp-json\/wp\/v2\/posts\/188869","targetHints":{"allow":["GET"]}}],"collection":[{"href":"https:\/\/www.europesays.com\/es\/wp-json\/wp\/v2\/posts"}],"about":[{"href":"https:\/\/www.europesays.com\/es\/wp-json\/wp\/v2\/types\/post"}],"author":[{"embeddable":true,"href":"https:\/\/www.europesays.com\/es\/wp-json\/wp\/v2\/users\/2"}],"replies":[{"embeddable":true,"href":"https:\/\/www.europesays.com\/es\/wp-json\/wp\/v2\/comments?post=188869"}],"version-history":[{"count":0,"href":"https:\/\/www.europesays.com\/es\/wp-json\/wp\/v2\/posts\/188869\/revisions"}],"wp:featuredmedia":[{"embeddable":true,"href":"https:\/\/www.europesays.com\/es\/wp-json\/wp\/v2\/media\/188870"}],"wp:attachment":[{"href":"https:\/\/www.europesays.com\/es\/wp-json\/wp\/v2\/media?parent=188869"}],"wp:term":[{"taxonomy":"category","embeddable":true,"href":"https:\/\/www.europesays.com\/es\/wp-json\/wp\/v2\/categories?post=188869"},{"taxonomy":"post_tag","embeddable":true,"href":"https:\/\/www.europesays.com\/es\/wp-json\/wp\/v2\/tags?post=188869"}],"curies":[{"name":"wp","href":"https:\/\/api.w.org\/{rel}","templated":true}]}}