{"id":188880,"date":"2025-10-20T07:58:10","date_gmt":"2025-10-20T07:58:10","guid":{"rendered":"https:\/\/www.europesays.com\/es\/188880\/"},"modified":"2025-10-20T07:58:10","modified_gmt":"2025-10-20T07:58:10","slug":"nuevo-efecto-de-las-vacunas-arn-contra-el-covid-empoderan-a-las-defensas-de-los-pacientes-con-cancer-el-mundo","status":"publish","type":"post","link":"https:\/\/www.europesays.com\/es\/188880\/","title":{"rendered":"Nuevo efecto de las vacunas ARN contra el covid: empoderan a &#039;las defensas&#039; de los pacientes con c\u00e1ncer &#8211; El Mundo"},"content":{"rendered":"<ol>\n<li><a href=\"https:\/\/news.google.com\/rss\/articles\/CBMijgFBVV95cUxOcU5MZTdmOG8tUS1TejFxWHNJOENZYlhLcWdQdWk1Q2p5Qk9TMExBdmdrdTZmOWpHOWFYRjZJdTQzU3U3bEFJaGVWa2JGQ3VuLVAtZWZ6cTZHX3U2dkZ6ZzVnU2VRZ3cwRG1rTUp4cWNXd1ZqZTZzOW45VWhUYkhJZ1NNMnhTaHVpejFoQXBn0gGOAUFVX3lxTE0tY25RYk5wR2k3bXJhY2dUWFFRVklCMFRwRzBKaFoteUJiTkpuTndOaXlQSHZSNlNXSmxOcFNmMHlwdXZ4UUFTclFZV3ZtQXZoRGdDTDRVYlBxOGQxQks1ZHQtMWd3NHVsM2kxQ1Y4Sk9BeEs3UFp0VzRLcjFQRldsd3ZZRnVZRXBFUWxrdXc?oc=5\" target=\"_blank\" rel=\"nofollow noopener\">Nuevo efecto de las vacunas ARN contra el covid: empoderan a &#8216;las defensas&#8217; de los pacientes con c\u00e1ncer<\/a>&nbsp;&nbsp;El Mundo<\/li>\n<li><a href=\"https:\/\/news.google.com\/rss\/articles\/CBMiwgFBVV95cUxNNUhMTjVuUnRnMFlfMGhFNnJyZHJKaE5FaXBZenRiVFdOaURqNmRBRTRfME1wZHJubFN1V3JucTBtamFqOUluS2g5QnJmVHIyYzFJbHluTXpTQmFhdTl5LUJ2NnRwaTlsOWowU05uZjZQTW50ZGt1N3ktUEF0ajQ1ZTNLR0FubDFRUFZPVWNhOWJRblZLd1E4X1VCRC1aZEdTa1VlWmlMbnVDQnZFVUZtVC1WVjdkenVBN1g0ZEY4MGhwdw?oc=5\" target=\"_blank\" rel=\"nofollow noopener\">Una vacuna usada contra la covid resulta \u00abprometedora\u00bb para combatir el c\u00e1ncer<\/a>&nbsp;&nbsp;20Minutos<\/li>\n<li><a href=\"https:\/\/news.google.com\/rss\/articles\/CBMi7gFBVV95cUxNMThrTjZSUllsUXBiZFFTSDZhdW9WQlh5Um9NcUFXd2lYVUJTaXZfQWxWa1IxVWdQZTEzOTdRSDQyNmdZeTNfNWw2dC1qLWpMcHZOYmdGUGR5Ujc1Mk1UV3VtWDBKMXBTelZaS2oxRE9ZbFZFVHdGT2U3eUE5d2FWSVh5dXFLZHdMVlBGMFpoX3gyZXJjRWNVeFJNOVYtalkwNV8wTlc4WFg5WGV4eGxZR25Cd2JSZUlTVHNJVXpmV2lva01RcnA0eHZEaTlsU0VFV0RLaEtybmRXSjBaU2tSRDh4YnN2anljZzNrcm9B?oc=5\" target=\"_blank\" rel=\"nofollow noopener\">Una vacuna de ARNm contra la COVID-19 podr\u00eda aumentar la supervivencia de pacientes con c\u00e1ncer avanzado<\/a>&nbsp;&nbsp;Infosalus<\/li>\n<li><a href=\"https:\/\/news.google.com\/rss\/articles\/CBMi9gFBVV95cUxNejlGWFJOYzJudDBFc1N1UmF5SUZ1Sk0xeGt4dXNZbEdkVDAtZ0RHb1B0Tl9rNlBRdVJzOEQteFFGN2pGVERyckdzSldMTWM2WlAzVGM3RGJweWNUWE5yMFc0UjhVeHBmRUIzREpVR2RuY0Q2aDItdTBmWXhsaThrWm91aHhtdXU0YXhkUWJibkVVRlNjbzgwd0U3TDRvM3YyaUtPLW5CSjNKUUlubV9iRTVaRXZoVFlCeC05UGg5a1JFMFZRTF8ydzByeDdzcGsydGx6ZjJwaXNLdVNBWHhOUVZfdWRJOVFsaGdONm9TRVhIQUNxOHc?oc=5\" target=\"_blank\" rel=\"nofollow noopener\">Las vacunas contra el COVID podr\u00edan mejorar la respuesta inmunol\u00f3gica frente al c\u00e1ncer, seg\u00fan un nuevo estudio<\/a>&nbsp;&nbsp;antena3.com<\/li>\n<\/ol>\n","protected":false},"excerpt":{"rendered":"Nuevo efecto de las vacunas ARN contra el covid: empoderan a &#8216;las defensas&#8217; de los pacientes con c\u00e1ncer&nbsp;&nbsp;El&hellip;\n","protected":false},"author":2,"featured_media":188881,"comment_status":"","ping_status":"","sticky":false,"template":"","format":"standard","meta":{"footnotes":""},"categories":[92],"tags":[1066,19733,5243,21846,2272,25,24,165,166,23,52957,1454],"class_list":{"0":"post-188880","1":"post","2":"type-post","3":"status-publish","4":"format-standard","5":"has-post-thumbnail","7":"category-salud","8":"tag-cancer","9":"tag-cancer-de-pulmon","10":"tag-ciencia-y-salud","11":"tag-ciencia-y-salud-salud","12":"tag-covid-19","13":"tag-es","14":"tag-espana","15":"tag-health","16":"tag-salud","17":"tag-spain","18":"tag-vacuna-pfizer","19":"tag-vacunas"},"share_on_mastodon":{"url":"https:\/\/pubeurope.com\/@es\/115405436000943375","error":""},"_links":{"self":[{"href":"https:\/\/www.europesays.com\/es\/wp-json\/wp\/v2\/posts\/188880","targetHints":{"allow":["GET"]}}],"collection":[{"href":"https:\/\/www.europesays.com\/es\/wp-json\/wp\/v2\/posts"}],"about":[{"href":"https:\/\/www.europesays.com\/es\/wp-json\/wp\/v2\/types\/post"}],"author":[{"embeddable":true,"href":"https:\/\/www.europesays.com\/es\/wp-json\/wp\/v2\/users\/2"}],"replies":[{"embeddable":true,"href":"https:\/\/www.europesays.com\/es\/wp-json\/wp\/v2\/comments?post=188880"}],"version-history":[{"count":0,"href":"https:\/\/www.europesays.com\/es\/wp-json\/wp\/v2\/posts\/188880\/revisions"}],"wp:featuredmedia":[{"embeddable":true,"href":"https:\/\/www.europesays.com\/es\/wp-json\/wp\/v2\/media\/188881"}],"wp:attachment":[{"href":"https:\/\/www.europesays.com\/es\/wp-json\/wp\/v2\/media?parent=188880"}],"wp:term":[{"taxonomy":"category","embeddable":true,"href":"https:\/\/www.europesays.com\/es\/wp-json\/wp\/v2\/categories?post=188880"},{"taxonomy":"post_tag","embeddable":true,"href":"https:\/\/www.europesays.com\/es\/wp-json\/wp\/v2\/tags?post=188880"}],"curies":[{"name":"wp","href":"https:\/\/api.w.org\/{rel}","templated":true}]}}