{"id":188882,"date":"2025-10-20T07:59:07","date_gmt":"2025-10-20T07:59:07","guid":{"rendered":"https:\/\/www.europesays.com\/es\/188882\/"},"modified":"2025-10-20T07:59:07","modified_gmt":"2025-10-20T07:59:07","slug":"muere-a-los-48-anos-sam-rivers-bajista-de-la-banda-de-rap-metal-limp-bizkit-cultura","status":"publish","type":"post","link":"https:\/\/www.europesays.com\/es\/188882\/","title":{"rendered":"Muere a los 48 a\u00f1os Sam Rivers, bajista de la banda de rap metal Limp Bizkit | Cultura"},"content":{"rendered":"<p class=\"\">Sam Rivers, bajista del grupo estadounidense de nu metal y rap metal <a href=\"https:\/\/elpais.com\/noticias\/limp-bizkit\/\" target=\"_self\" rel=\"nofollow noopener\" title=\"https:\/\/elpais.com\/noticias\/limp-bizkit\/\">Limp Bizkit<\/a>, ha fallecido a los 48 a\u00f1os. \u201cHoy hemos perdido a nuestro hermano\u201d, ha declarado la banda en su perfil de Instagram. <\/p>\n<p class=\"\">\u201cDesde la primera nota que tocamos juntos, Sam trajo una luz y un ritmo que nunca podr\u00e1n ser reemplazados. Su talento era natural, su presencia inolvidable, su coraz\u00f3n enorme\u201d, dice el comunicado. \u201cCompartimos tantos momentos \u2014salvajes, tranquilos, hermosos\u2014 y cada uno de ellos signific\u00f3 m\u00e1s porque Sam estaba all\u00ed\u201c. El texto estaba firmado por los otros miembros de la banda, Fred Durst, Wes Borland, John Otto y DJ Lethal. <\/p>\n<p>M\u00e1s informaci\u00f3n<\/p>\n<p class=\"\">Rivers falleci\u00f3 en la noche del domingo 19 de octubre por causas que no han trascendido. Anteriormente hab\u00eda tenido problemas de salud que le hab\u00edan alejado temporalmente de la m\u00fasica, como algunos problemas hep\u00e1ticos que requirieron un trasplante. \u201cTuve que dejar Limp Bizkit en 2015 porque me sent\u00eda fatal, y unos meses despu\u00e9s me di cuenta de que ten\u00eda que cambiarlo todo porque ten\u00eda una enfermedad hep\u00e1tica muy grave\u201d, revela Rivers en el libro Raising Hell (Backstage Tales From the Lives of Metal Legends), <a href=\"https:\/\/www.rollingstone.com\/music\/music-news\/sam-rivers-limp-bizkit-bassist-dead-1235449987\/\" target=\"_self\" rel=\"nofollow noopener\" title=\"https:\/\/www.rollingstone.com\/music\/music-news\/sam-rivers-limp-bizkit-bassist-dead-1235449987\/\">seg\u00fan recoje la revista Rolling Stone<\/a>. \u201cDej\u00e9 de beber e hice todo lo que me dijeron los m\u00e9dicos. Recib\u00ed tratamiento para el alcoholismo y un trasplante de h\u00edgado, que fue perfecto para m\u00ed\u201d. Regres\u00f3 a la banda en 2018 y permaneci\u00f3 como miembro hasta su fallecimiento.<\/p>\n<p class=\"\">Limp Bizkit se form\u00f3 en Jacksonville, Florida, en 1994 cuando el cantante Fred Durst reclut\u00f3 a Rivers en un club despu\u00e9s de verlo tocar (<a href=\"https:\/\/www.instagram.com\/reel\/DP_6MXtDpHP\/\" target=\"_self\" rel=\"nofollow noopener\" title=\"https:\/\/www.instagram.com\/reel\/DP_6MXtDpHP\/\">el cantante ha relatado en Instagram c\u00f3mo fue aquel encuentro<\/a>). Su \u00e9xito comenz\u00f3 cuando su segundo \u00e1lbum, Significant Other, vendi\u00f3 cuatro millones de copias en 1999. El \u00e9xito se asent\u00f3 definitivamente en 2000, con el \u00e1lbum Chocolate Starfish and the Hotdog Flavored Water, cuyo tema Take a look around fue incluido en la banda sonora de la pel\u00edcula <a href=\"https:\/\/elpais.com\/cultura\/2025-05-24\/las-peliculas-de-mision-imposible-ordenadas-de-peor-a-mejor-ante-el-adios-de-tom-cruise.html\" target=\"_self\" rel=\"nofollow noopener\" title=\"https:\/\/elpais.com\/cultura\/2025-05-24\/las-peliculas-de-mision-imposible-ordenadas-de-peor-a-mejor-ante-el-adios-de-tom-cruise.html\">Misi\u00f3n imposible 2<\/a>. Su disco m\u00e1s reciente se public\u00f3 en 2021, Still Sucks, despu\u00e9s de un decenio de silencio. El pasado septiembre lanzaron la canci\u00f3n Making Love to Morgan Wallen. Hasta el momento Limp Bizkit ha vendido hasta 40 millones de discos. <\/p>\n<p class=\"\">La banda ten\u00eda previsto regresar a Espa\u00f1a, despu\u00e9s de 14 a\u00f1os, como cabeza de cartel en el <a href=\"https:\/\/elpais.com\/noticias\/resurrection-fest\/\" target=\"_self\" rel=\"nofollow noopener\" title=\"https:\/\/elpais.com\/noticias\/resurrection-fest\/\">Resurrection Fest<\/a> 2026, que se celebra entre el 1 y el 4 de julio. Por el momento la banda no se ha pronunciado en cuanto a sus pr\u00f3ximos conciertos. <\/p>\n<p class=\"\">\u201cFue una persona \u00fanica en la vida. Una verdadera leyenda entre las leyendas. Y su esp\u00edritu vivir\u00e1 para siempre en cada surco, en cada escenario, en cada recuerdo\u201d, termina la banda en Instagram. \u201cTe queremos, Sam. Te llevaremos siempre con nosotros. Descansa en paz, hermano. Tu m\u00fasica nunca termina\u201d.<\/p>\n<p><script async src=\"\/\/www.instagram.com\/embed.js\"><\/script><\/p>\n","protected":false},"excerpt":{"rendered":"Sam Rivers, bajista del grupo estadounidense de nu metal y rap metal Limp Bizkit, ha fallecido a los&hellip;\n","protected":false},"author":2,"featured_media":188883,"comment_status":"","ping_status":"","sticky":false,"template":"","format":"standard","meta":{"footnotes":""},"categories":[91],"tags":[209,146,147,25,24,188,37984,185,725,724,213,1273,34281,23],"class_list":{"0":"post-188882","1":"post","2":"type-post","3":"status-publish","4":"format-standard","5":"has-post-thumbnail","7":"category-entretenimiento","8":"tag-cultura","9":"tag-entertainment","10":"tag-entretenimiento","11":"tag-es","12":"tag-espana","13":"tag-heavy-metal","14":"tag-limp-bizkit","15":"tag-musica","16":"tag-musicos","17":"tag-obituarios","18":"tag-rap","19":"tag-rock","20":"tag-rock-alternativo","21":"tag-spain"},"share_on_mastodon":{"url":"https:\/\/pubeurope.com\/@es\/115405440023860798","error":""},"_links":{"self":[{"href":"https:\/\/www.europesays.com\/es\/wp-json\/wp\/v2\/posts\/188882","targetHints":{"allow":["GET"]}}],"collection":[{"href":"https:\/\/www.europesays.com\/es\/wp-json\/wp\/v2\/posts"}],"about":[{"href":"https:\/\/www.europesays.com\/es\/wp-json\/wp\/v2\/types\/post"}],"author":[{"embeddable":true,"href":"https:\/\/www.europesays.com\/es\/wp-json\/wp\/v2\/users\/2"}],"replies":[{"embeddable":true,"href":"https:\/\/www.europesays.com\/es\/wp-json\/wp\/v2\/comments?post=188882"}],"version-history":[{"count":0,"href":"https:\/\/www.europesays.com\/es\/wp-json\/wp\/v2\/posts\/188882\/revisions"}],"wp:featuredmedia":[{"embeddable":true,"href":"https:\/\/www.europesays.com\/es\/wp-json\/wp\/v2\/media\/188883"}],"wp:attachment":[{"href":"https:\/\/www.europesays.com\/es\/wp-json\/wp\/v2\/media?parent=188882"}],"wp:term":[{"taxonomy":"category","embeddable":true,"href":"https:\/\/www.europesays.com\/es\/wp-json\/wp\/v2\/categories?post=188882"},{"taxonomy":"post_tag","embeddable":true,"href":"https:\/\/www.europesays.com\/es\/wp-json\/wp\/v2\/tags?post=188882"}],"curies":[{"name":"wp","href":"https:\/\/api.w.org\/{rel}","templated":true}]}}