{"id":188884,"date":"2025-10-20T08:00:08","date_gmt":"2025-10-20T08:00:08","guid":{"rendered":"https:\/\/www.europesays.com\/es\/188884\/"},"modified":"2025-10-20T08:00:08","modified_gmt":"2025-10-20T08:00:08","slug":"corona-lleva-la-playa-al-supermercado-con-una-accion-de-marketing-experiencial","status":"publish","type":"post","link":"https:\/\/www.europesays.com\/es\/188884\/","title":{"rendered":"Corona lleva la playa al supermercado con una acci\u00f3n de marketing experiencial"},"content":{"rendered":"<p>Pasear por la playa sin salir del supermercado, o al menos que as\u00ed lo parezca, es la nueva propuesta con la que la marca de cerveza <a href=\"https:\/\/www.reasonwhy.es\/noticias-sobre\/corona\" target=\"_blank\" rel=\"nofollow noopener\"><strong>Corona<\/strong><\/a> est\u00e1 buscando impactar a los consumidores en el mercado brasile\u00f1o. La firma de<strong> AB InBev<\/strong> est\u00e1 ofreciendo una experiencia inmersiva en algunas tiendas con la que no s\u00f3lo espera impulsar las ventas de su producto sino tambi\u00e9n continuar construyendo su marca.\u00a0<\/p>\n<p>De la mano de la agencia <strong>Score Group Brasil, <\/strong>Corona est\u00e1 convirtiendo los pasillos de algunos supermercados y centros comerciales en <strong>evocaciones de la playa<\/strong>, un elemento al que la marca se ha vinculado tradicionalmente. As\u00ed, ha desplegado stands y decoraciones inspirados en el mar o el sol, as\u00ed como pantallas digitales en el suelo que emulan las olas chocando contra la orilla.\u00a0<\/p>\n<p>\u201cPasar de ser un anunciante a un proveedor de experiencias significa crear momentos inolvidables en todos los canales. En el comercio, Corona est\u00e1 llevando escapadas a la playa a los supermercados\u201d, ha comentado Marcel MarcondesMarcel Marcondes, Global Chief Marketing Officer en AB InBev, a trav\u00e9s de LinkedIn. \u201cEsta experiencia inmersiva captura la esencia de la marca, convirtiendo las compras ordinarias en una oportunidad para desconectar de la rutina y reconectarse con la naturaleza\u201d.<\/p>\n<p>As\u00ed, el objetivo de Corona es llevar las buenas vibraciones de la playa a la tienda. La iniciativa se alinea con la trayectoria de la marca en lo que respecta a la celebraci\u00f3n de un<strong> estilo de vida vinculado a la naturaleza, la desconexi\u00f3n, <\/strong>la relajaci\u00f3n y el disfrute de los peque\u00f1os momentos. Con esta acci\u00f3n, Corona insufla diversi\u00f3n y escapismo en un acto cotidiano que para muchos usuarios es percibido como una carga.\u00a0<\/p>\n<p>La propuesta se enmarca en la celebraci\u00f3n de los 100 a\u00f1os de Corona, que se ha articulado en torno al concepto<strong> \u00abThis is Living\u00bb<\/strong> y el esp\u00edritu reconocible de la marca. En los \u00faltimos meses est\u00e1 inspirando a los consumidores a a vivir el estilo de vida Corona a trav\u00e9s de la campa\u00f1a \u00ab100 A\u00f1os de Vida\u00bb, creada junto a la agencia creativa We Believers.\u00a0<\/p>\n<p>\u00abCon este video, nos enorgullece reconocer a quienes han adoptado este estilo de vida durante d\u00e9cadas. Sus historias sirven de inspiraci\u00f3n para millones de personas en todo el mundo que tambi\u00e9n se sienten m\u00e1s a gusto en la naturaleza con una Corona en la mano\u201d, coment\u00f3 Richard Oppy, Presidente Global de Premium Co. en AB InBev, hace unas semanas.\u00a0<\/p>\n","protected":false},"excerpt":{"rendered":"Pasear por la playa sin salir del supermercado, o al menos que as\u00ed lo parezca, es la nueva&hellip;\n","protected":false},"author":2,"featured_media":188885,"comment_status":"","ping_status":"","sticky":false,"template":"","format":"standard","meta":{"footnotes":""},"categories":[81],"tags":[52963,119,123,124,4182,52958,52964,52961,52962,52960,52959,25,24,117,121,122,23,118,120],"class_list":{"0":"post-188884","1":"post","2":"type-post","3":"status-publish","4":"format-standard","5":"has-post-thumbnail","7":"category-ciencia-y-tecnologia","8":"tag-ab-inbev","9":"tag-ciencia","10":"tag-ciencia-y-tecnologia","11":"tag-cienciaytecnologia","12":"tag-corona","13":"tag-corona-100-anos","14":"tag-corona-ab-inbev","15":"tag-corona-playas-supermercados","16":"tag-corona-score-group-brasil","17":"tag-corona-supermercados","18":"tag-corona-this-is-living","19":"tag-es","20":"tag-espana","21":"tag-science","22":"tag-science-and-technology","23":"tag-scienceandtechnology","24":"tag-spain","25":"tag-technology","26":"tag-tecnologia"},"share_on_mastodon":{"url":"https:\/\/pubeurope.com\/@es\/115405443903464243","error":""},"_links":{"self":[{"href":"https:\/\/www.europesays.com\/es\/wp-json\/wp\/v2\/posts\/188884","targetHints":{"allow":["GET"]}}],"collection":[{"href":"https:\/\/www.europesays.com\/es\/wp-json\/wp\/v2\/posts"}],"about":[{"href":"https:\/\/www.europesays.com\/es\/wp-json\/wp\/v2\/types\/post"}],"author":[{"embeddable":true,"href":"https:\/\/www.europesays.com\/es\/wp-json\/wp\/v2\/users\/2"}],"replies":[{"embeddable":true,"href":"https:\/\/www.europesays.com\/es\/wp-json\/wp\/v2\/comments?post=188884"}],"version-history":[{"count":0,"href":"https:\/\/www.europesays.com\/es\/wp-json\/wp\/v2\/posts\/188884\/revisions"}],"wp:featuredmedia":[{"embeddable":true,"href":"https:\/\/www.europesays.com\/es\/wp-json\/wp\/v2\/media\/188885"}],"wp:attachment":[{"href":"https:\/\/www.europesays.com\/es\/wp-json\/wp\/v2\/media?parent=188884"}],"wp:term":[{"taxonomy":"category","embeddable":true,"href":"https:\/\/www.europesays.com\/es\/wp-json\/wp\/v2\/categories?post=188884"},{"taxonomy":"post_tag","embeddable":true,"href":"https:\/\/www.europesays.com\/es\/wp-json\/wp\/v2\/tags?post=188884"}],"curies":[{"name":"wp","href":"https:\/\/api.w.org\/{rel}","templated":true}]}}