{"id":188895,"date":"2025-10-20T08:07:10","date_gmt":"2025-10-20T08:07:10","guid":{"rendered":"https:\/\/www.europesays.com\/es\/188895\/"},"modified":"2025-10-20T08:07:10","modified_gmt":"2025-10-20T08:07:10","slug":"makhachev-dvalishvili-aleks-topuria-y-6-cinturones-en-juego","status":"publish","type":"post","link":"https:\/\/www.europesays.com\/es\/188895\/","title":{"rendered":"Makhachev, Dvalishvili, Aleks Topuria y 6 cinturones en juego"},"content":{"rendered":"<p class=\"ft-text\"><strong>La <\/strong><a class=\"ft-link ft-link--decoration\" href=\"https:\/\/www.sport.es\/es\/noticias\/ufc\/ufc-activa-plan-topuria-estrenar-122629966\" rel=\"nofollow noopener\" target=\"_blank\"><strong>UFC se despide de ESPN por todo lo alto<\/strong><\/a><strong>.<\/strong> La cadena estadounidense dejar\u00e1 de tener los derechos de exclusividad de la mejor liga de artes marciales mixtas del planeta a partir de enero, cuando entrar\u00e1 en vigor la <strong>nueva alianza con Paramount+<\/strong>. El acuerdo, valorado en <strong>7.700 millones de d\u00f3lares por siete a\u00f1os<\/strong>, marca el inicio de una nueva era en la compa\u00f1\u00eda, que ya trabaja para que <strong>Ilia Topuria<\/strong> sea el encargado de abrir esta etapa como cabeza de cartel del<a class=\"ft-link ft-link--decoration\" href=\"https:\/\/www.sport.es\/es\/ufc\/\" rel=\"nofollow noopener\" target=\"_blank\"><strong> UFC <\/strong><\/a><strong>324 en Los \u00c1ngeles<\/strong>.<\/p>\n<p class=\"ft-text\">En cualquier caso, ESPN cerrar\u00e1 su etapa con broche de oro. Este \u00faltimo trimestre de 2025 promete ser un aut\u00e9ntico fest\u00edn de MMA, con <strong>seis cinturones en juego<\/strong> y una bater\u00eda de combates de primer nivel que har\u00e1n olvidar un inicio de a\u00f1o algo irregular. Superestrellas como <strong>Islam Makhachev<\/strong>, <strong>Merab Dvalishvili<\/strong> o <strong>Tom Aspinall<\/strong> ser\u00e1n los grandes protagonistas de los tres \u00faltimos eventos numerados del curso.<\/p>\n<p>ASPINALL VUELVE TRAS EL &#8216;NO&#8217; DE JON JONES<\/p>\n<p class=\"ft-text\">La acci\u00f3n inmediata viajar\u00e1 hasta <strong>Abu Dabi<\/strong>, epicentro del pr\u00f3ximo <strong>UFC 321<\/strong>, donde estar\u00e1 en juego el t\u00edtulo de los pesos pesados. <strong>Tom Aspinall<\/strong>, ascendido a campe\u00f3n indiscutido tras la retirada de <strong>Jon Jones<\/strong>, defender\u00e1 por fin su cintur\u00f3n de manera leg\u00edtima ante <strong>Ciryl Gane<\/strong>. El franc\u00e9s, que ya cay\u00f3 en sus anteriores oportunidades titulares frente a Bones y <strong>Francis Ngannou<\/strong>, busca redimirse ante un Aspinall que no pelea desde hace 15 meses y que llega como una de las mayores joyas de la promotora. Con todas sus victorias finalizadas antes del l\u00edmite, el ingl\u00e9s promete espect\u00e1culo ante un kickboxer t\u00e9cnico como Gane en un duelo que dif\u00edcilmente superar\u00e1 el primer asalto.<\/p>\n<p><img decoding=\"async\" src=\"https:\/\/www.europesays.com\/es\/wp-content\/uploads\/2025\/10\/b6b6c55a-3ac4-4f61-b701-da1ca6cbad9a_alta-libre-aspect-ratio_default_0.jpg\" width=\"1200\" height=\"675\" alt=\"Tom Aspinall reconoci\u00f3 no tener opci\u00f3n ante los Topuria\" class=\"ft-helper-img-rd\" loading=\"lazy\" hasdataaida=\"true\"\/><\/p>\n<p class=\"ft-helper-fontColor-quaternary ft-helper-fontSize-body-S ft-helper-spacer-t-xxs\">Tom Aspinall reconoci\u00f3 no tener opci\u00f3n ante los Topuria  \/ TOM ASPINALL\/INSTAGRAM<\/p>\n<p class=\"ft-text\">En esta misma cartelera se disputar\u00e1 el <strong>t\u00edtulo vacante del peso paja femenino<\/strong> entre <strong>Virna Jandiroba<\/strong> y <strong>Mackenzie Dern<\/strong>, tras la subida de <strong>Zhang Weili<\/strong>. Adem\u00e1s, <strong>Umar Nurmagomedov<\/strong> y <strong>Mario Bautista<\/strong> se enfrentar\u00e1n en un combate decisivo rumbo al cintur\u00f3n de las 135 libras, mientras que <strong>Alexander Volkov<\/strong> y <strong>Jailton Almeida<\/strong> medir\u00e1n fuerzas en los pesados por un puesto de privilegio.<\/p>\n<p class=\"ft-text\">En los preliminares destacan duelos de alto voltaje como <strong>Rebecki vs. Klein<\/strong>, el regreso del explosivo <strong>Valter Walker<\/strong> \u2014el \u201casesino de tobillos\u201d\u2014 y la vuelta del carism\u00e1tico <strong>Chris Barnett<\/strong>, que super\u00f3 una larga lesi\u00f3n sufrida hace un a\u00f1o en el UFC 308.<\/p>\n<p>MAKHACHEV QUIERE EL DOBLE CINTUR\u00d3N<\/p>\n<p class=\"ft-text\">Un mes despu\u00e9s, la acci\u00f3n se trasladar\u00e1 a la <strong>Gran Manzana<\/strong> para el esperad\u00edsimo <strong>UFC 322<\/strong> en el <strong>Madison Square Garden<\/strong>, templo hist\u00f3rico del deporte mundial. All\u00ed, <strong>Islam Makhachev<\/strong> y <strong>Jack Della Madalena<\/strong> se ver\u00e1n las caras por el <strong>cintur\u00f3n del peso w\u00e9lter<\/strong>. El daguestan\u00ed, tras cuatro defensas exitosas del t\u00edtulo ligero, busca entrar en el selecto club de los <strong>dobles campeones<\/strong> de la UFC, mientras que el australiano llega tras coronarse con una brillante actuaci\u00f3n ante <strong>Belal Muhammad<\/strong>, donde exhibi\u00f3 una defensa de derribo impecable. Ser\u00e1 un duelo de estilos: la lucha sofocante del ruso contra el boxeo t\u00e9cnico y preciso de Della Madalena.<\/p>\n<p class=\"ft-text\">Antes del combate estelar, el p\u00fablico vivir\u00e1 un choque de ensue\u00f1o entre <strong>Zhang Weili<\/strong> y <strong>Valentina Shevchenko<\/strong>, en lo que muchos ya catalogan como el <strong>mejor combate femenino del a\u00f1o<\/strong>. La china, dominante en su divisi\u00f3n, sube al peso mosca para desafiar a la legendaria campeona kirguisa. La cartelera principal se completa con un electrizante <strong>Leon Edwards vs. Carlos Prates<\/strong>, donde el brasile\u00f1o podr\u00eda ganarse una oportunidad titular si repite su brutal KO con codo giratorio a <strong>Neal<\/strong> en agosto. Unos minutos antes, <strong>Sean Brady<\/strong> se enfrentar\u00e1 al invicto <strong>Michael Morales<\/strong> en una pelea de estilos opuestos: el grappling de \u00e9lite del estadounidense contra el striking demoledor del ecuatoriano.<\/p>\n<p class=\"ft-text\">El franc\u00e9s <strong>Benoit Saint Denis<\/strong> tambi\u00e9n estar\u00e1 de regreso tras su espectacular victoria en Par\u00eds frenando en seco el &#8216;hype&#8217; de Mauricio Ruffy y lo har\u00e1 enfrent\u00e1ndose a <strong>Beneil Dariush<\/strong> en un duelo de veteranos y contendientes. En las preliminares figuran nombres prometedores como <strong>Malcolm Wellmaker<\/strong>, <strong>Roman Kopylov<\/strong>, <strong>Gregory Rodrigues<\/strong> y el prodigioso wrestler <strong>Bo Nickal<\/strong>.<\/p>\n<p>RETO MAY\u00daSCULO PARA ALEKSANDRE TOPURIA<\/p>\n<p class=\"ft-text\">Antes del cierre de a\u00f1o, la UFC har\u00e1 escala en <strong>Doha, Qatar<\/strong>, para un <strong>Fight Night de lujo<\/strong> encabezado por <strong>Arman Tsarukyan<\/strong> y <strong>Dan Hooker<\/strong>. Ser\u00e1 una pelea clave dentro del peso ligero: el armenio regresa tras m\u00e1s de un a\u00f1o y medio de inactividad, mientras que el neozeland\u00e9s buscar\u00e1 volver a lo m\u00e1s alto con su caracter\u00edstico estilo agresivo.<\/p>\n<p><img decoding=\"async\" src=\"https:\/\/www.europesays.com\/es\/wp-content\/uploads\/2025\/10\/ff4c81dd-19aa-46f9-9065-037d680e4323_alta-libre-aspect-ratio_default_0.jpg\" width=\"1200\" height=\"675\" alt=\"Aleksandre Topuria busca fecha y rival en UFC\" class=\"ft-helper-img-rd\" loading=\"lazy\" hasdataaida=\"true\"\/><\/p>\n<p class=\"ft-helper-fontColor-quaternary ft-helper-fontSize-body-S ft-helper-spacer-t-xxs\">Aleksandre Topuria regresa en Doha  \/ EFE<\/p>\n<p class=\"ft-text\">De aqu\u00ed deber\u00eda salir el pr\u00f3ximo aspirante al t\u00edtulo, que podr\u00eda medirse al ganador del <strong>Topuria vs. Gaethje\/Pimblett<\/strong>, actualmente en negociaci\u00f3n. En esta cartelera tambi\u00e9n destacar\u00e1 la presencia de <a class=\"ft-link ft-link--decoration\" href=\"https:\/\/www.sport.es\/es\/noticias\/ufc\/ufc-oficial-segundo-combate-aleksandre-122248745\" rel=\"nofollow noopener\" target=\"_blank\">Aleksandre Topuria, hermano del campe\u00f3n, quien afrontar\u00e1 su segundo combate en la UFC ante el peligroso kazajo Bekzat Almakhan, un pegador temible.<\/a> En el coestelar, el excampe\u00f3n del w\u00e9lter <strong>Belal Muhammad<\/strong> chocar\u00e1 con <strong>Ian Machado Garry<\/strong> en un duelo con aroma a eliminatoria titular.<\/p>\n<p>DOS &#8216;GOAT&#8217; EN BUSCA DE LA EN\u00c9SIMA HEROICIDAD<\/p>\n<p class=\"ft-text\">El <strong>UFC 323<\/strong> pondr\u00e1 el broche de oro a la era ESPN con un cartel de ensue\u00f1o. En el combate estelar, <strong>Merab Dvalishvili<\/strong> buscar\u00e1 hacer historia al convertirse en el <strong>primer campe\u00f3n en defender un t\u00edtulo cuatro veces en un mismo a\u00f1o<\/strong>. El georgiano, en plena forma tras derrotar recientemente a <strong>Cory Sandhagen<\/strong>, se reencontrar\u00e1 con un viejo conocido: <strong>Petr Yan<\/strong>, a quien ya venci\u00f3 en su ascenso mete\u00f3rico dentro de las 135 libras.<\/p>\n<p class=\"ft-text\">Yan llega revitalizado tras superar a <strong>Song Yadong<\/strong>, <strong>Figueiredo<\/strong> y <strong>McGhee<\/strong>, y promete revancha con su caracter\u00edstico boxeo afilado. Pero Dvalishvili, amo del cardio y la lucha, intentar\u00e1 repetir la f\u00f3rmula que le llev\u00f3 a la cima.<\/p>\n<p class=\"ft-text\">En el <strong>coestelar<\/strong>, otro campe\u00f3n busca agrandar su legado: <strong>Alexandre Pantoja<\/strong> pondr\u00e1 en juego su cintur\u00f3n del peso mosca ante el joven fen\u00f3meno <strong>Joshua Van<\/strong>, considerado el heredero generacional de la divisi\u00f3n. El \u201cCannibal\u201d acumula cinco defensas exitosas y quiere acercarse al m\u00edtico r\u00e9cord de <strong>Demetrious Johnson<\/strong>, pero Van \u2014primer peleador nacido en los 2000 que podr\u00eda ser campe\u00f3n\u2014 llega con hambre de gloria tras su brillante victoria ante <strong>Brandon Royval<\/strong>. El evento tambi\u00e9n contar\u00e1 con el prometedor <strong>Brandon Moreno vs. Tatsuro Taira<\/strong>, duelo que podr\u00eda definir al pr\u00f3ximo retador del campe\u00f3n.<\/p>\n<p class=\"ft-text\"><strong>La era ESPN llega a su fin<\/strong>, pero lo hace dejando huella. En apenas tres meses, la promotora pondr\u00e1 sobre la mesa todo lo que la ha convertido en un fen\u00f3meno global: espect\u00e1culo, emoci\u00f3n y los mejores peleadores del planeta. A partir de enero, el testigo lo tomar\u00e1 <strong>Paramount+<\/strong>, con <strong>Ilia Topuria<\/strong> como la gran cara de una nueva etapa dorada para la UFC.<\/p>\n","protected":false},"excerpt":{"rendered":"La UFC se despide de ESPN por todo lo alto. La cadena estadounidense dejar\u00e1 de tener los derechos&hellip;\n","protected":false},"author":2,"featured_media":188896,"comment_status":"","ping_status":"","sticky":false,"template":"","format":"standard","meta":{"footnotes":""},"categories":[276],"tags":[52965,168,6698,25,24,388,743,23,167,348,343],"class_list":{"0":"post-188895","1":"post","2":"type-post","3":"status-publish","4":"format-standard","5":"has-post-thumbnail","7":"category-ufc","8":"tag-aspinall","9":"tag-deportes","10":"tag-dvalishvili","11":"tag-es","12":"tag-espana","13":"tag-makhachev","14":"tag-mma","15":"tag-spain","16":"tag-sports","17":"tag-topuria","18":"tag-ufc"},"share_on_mastodon":{"url":"https:\/\/pubeurope.com\/@es\/115405471470342116","error":""},"_links":{"self":[{"href":"https:\/\/www.europesays.com\/es\/wp-json\/wp\/v2\/posts\/188895","targetHints":{"allow":["GET"]}}],"collection":[{"href":"https:\/\/www.europesays.com\/es\/wp-json\/wp\/v2\/posts"}],"about":[{"href":"https:\/\/www.europesays.com\/es\/wp-json\/wp\/v2\/types\/post"}],"author":[{"embeddable":true,"href":"https:\/\/www.europesays.com\/es\/wp-json\/wp\/v2\/users\/2"}],"replies":[{"embeddable":true,"href":"https:\/\/www.europesays.com\/es\/wp-json\/wp\/v2\/comments?post=188895"}],"version-history":[{"count":0,"href":"https:\/\/www.europesays.com\/es\/wp-json\/wp\/v2\/posts\/188895\/revisions"}],"wp:featuredmedia":[{"embeddable":true,"href":"https:\/\/www.europesays.com\/es\/wp-json\/wp\/v2\/media\/188896"}],"wp:attachment":[{"href":"https:\/\/www.europesays.com\/es\/wp-json\/wp\/v2\/media?parent=188895"}],"wp:term":[{"taxonomy":"category","embeddable":true,"href":"https:\/\/www.europesays.com\/es\/wp-json\/wp\/v2\/categories?post=188895"},{"taxonomy":"post_tag","embeddable":true,"href":"https:\/\/www.europesays.com\/es\/wp-json\/wp\/v2\/tags?post=188895"}],"curies":[{"name":"wp","href":"https:\/\/api.w.org\/{rel}","templated":true}]}}