{"id":188934,"date":"2025-10-20T08:33:18","date_gmt":"2025-10-20T08:33:18","guid":{"rendered":"https:\/\/www.europesays.com\/es\/188934\/"},"modified":"2025-10-20T08:33:18","modified_gmt":"2025-10-20T08:33:18","slug":"la-cima-donde-el-tour-se-la-juega-y-a-veces-se-quema","status":"publish","type":"post","link":"https:\/\/www.europesays.com\/es\/188934\/","title":{"rendered":"la cima donde el Tour se la juega\u2026 y a veces se quema"},"content":{"rendered":"<p>\t\t\t\t\t\t\t\t\t\t\t\t\t\t<strong><a href=\"https:\/\/www.dtswiss.com\/es\" rel=\"nofollow noopener\" target=\"_blank\"><img loading=\"lazy\" decoding=\"async\" class=\"aligncenter wp-image-65007 size-full\" src=\"data:image\/svg+xml,%3Csvg%20xmlns=\" http:=\"\" alt=\"\" width=\"1024\" height=\"140\" data-lazy- data-lazy- data-lazy-src=\"https:\/\/www.europesays.com\/es\/wp-content\/uploads\/2025\/10\/joanseguidor-1024x140px-es-erc1100.png\"\/><\/a><\/strong><br \/>\n<strong data-start=\"201\" data-end=\"272\">Hautacam: la cima donde el Tour se la juega\u2026 y a veces se quema<\/strong><\/p>\n<p data-start=\"274\" data-end=\"645\">Aunque todos iremos al Tour de hace tres a\u00f1os, cuando Vingegaard sentenci\u00f3 el Tour a Pogacar -la imagen de ambos es justo despu\u00e9s de la batalla-, en una\u00a0 jornada inolvidable de Wout van Aert, nos acordaremos de la primera vez.<\/p>\n<p data-start=\"274\" data-end=\"645\"><strong>All\u00e1 por 1994, el mundo del ciclismo viv\u00eda varios cap\u00edtulos a la vez<\/strong>. Por un lado, un tal <a href=\"https:\/\/joanseguidor.com\/el-dia-que-indurain-se-cobro-a-pantani-hautacam\/\" target=\"_blank\" rel=\"noopener nofollow\">Miguel Indurain<\/a>, el navarro que parec\u00eda m\u00e1s franc\u00e9s que los propios franceses, reinaba como el Rey Sol. Mientras tanto, en el Giro, una nueva generaci\u00f3n irrump\u00eda con fuerza: Berzin romp\u00eda los esquemas y un joven calvito con chispa, Marco Pantani, empezaba a volar por las monta\u00f1as.<\/p>\n<p data-start=\"647\" data-end=\"750\">En ese momento todo parec\u00eda emocionante. Hoy, con el paso del tiempo, la historia se ve con otros ojos.<\/p>\n<p><a class=\"wppaslink\" href=\"https:\/\/joanseguidor.com\/pas\/ccmm-valenciana\/44016\/0\" target=\"_blank\" rel=\"nofollow noopener\"><img decoding=\"async\" src=\"data:image\/svg+xml,%3Csvg%20xmlns=\" http:=\"\" alt=\"CCMM Valenciana\" border=\"0\" data-lazy-src=\"https:\/\/www.europesays.com\/es\/wp-content\/uploads\/2025\/10\/1760949196_151_tl-joanseguidorcom-1024x140-1.png\"\/><\/a><\/p>\n<p data-start=\"752\" data-end=\"1014\">Pantani empez\u00f3 a dejar huella en dos etapas dolom\u00edticas \u00e9picas: Merano y Aprica. En esta \u00faltima, en una de esas jornadas que se quedan grabadas, el joven italiano bajaba como loco, sub\u00eda como una moto y se atrev\u00eda con ataques largu\u00edsimos, como aquel del Agnello.<\/p>\n<p data-start=\"1016\" data-end=\"1254\">Mientras tanto, Indurain, que llevaba desde el Tour del 91 sin perder una gran vuelta, se top\u00f3 por primera vez con una generaci\u00f3n de j\u00f3venes locos que lograron lo que cracks como Chiapucci, Bugno o Rominger nunca consiguieron: derrotarlo.<\/p>\n<p data-start=\"1256\" data-end=\"1399\">Pero claro, <strong>el Tour era el Tour<\/strong>. Esa carrera que, ganarla, justificaba toda la temporada. Y si eras Indurain, adem\u00e1s lo hac\u00edas con clase extra.<\/p>\n<p><strong data-start=\"1401\" data-end=\"1450\">13 de julio de 1994: Hautacam entra en la escena del Tour<\/strong><\/p>\n<p data-start=\"1452\" data-end=\"1653\">Esa fecha marc\u00f3 historia. Porque la primera etapa de monta\u00f1a en el Tour suele ser una carnicer\u00eda. Las piernas se adaptan como pueden, la bici no va igual, el cuerpo protesta\u2026 y siempre hay sorpresas.<\/p>\n<p data-start=\"1655\" data-end=\"1890\"><strong>En la crono de Bergerac, Indurain ya hab\u00eda puesto las cosas en su sitio doblando nada menos que a Lance Armstrong<\/strong>. Se visti\u00f3 de amarillo con otra exhibici\u00f3n marca de la casa. Pero lo que vino despu\u00e9s, en Hautacam, fue puro espect\u00e1culo.<\/p>\n<p data-start=\"1892\" data-end=\"2190\">Miguel, siempre discreto, ese d\u00eda decidi\u00f3 que no iba a esperar a nadie.<\/p>\n<p data-start=\"1892\" data-end=\"2190\">Rompi\u00f3 la carrera \u00e9l solito, sin necesidad de aliados. Rominger, que ven\u00eda en plan estelar, fue el primero en caer. Luego, uno a uno, todos los dem\u00e1s. Incluso Pantani, que intent\u00f3 hacer de las suyas, se perdi\u00f3 entre la niebla.<\/p>\n<p data-start=\"2192\" data-end=\"2337\"><strong>Fue una especie de revancha personal tras lo de Aprica<\/strong>. Miguel no siempre ganaba, pero cuando lo hac\u00eda, parec\u00eda f\u00e1cil. Un genio sin estridencias.<\/p>\n<p data-start=\"1328\" data-end=\"1637\"><a href=\"https:\/\/bestcyclingbrands.com\/brand\/741-castelli?utm_source=banner&amp;utm_medium=verano-castelli&amp;utm_campaign=elcuadernodejoanseguidor&amp;temporada=castelli-ss25\" rel=\"nofollow noopener\" target=\"_blank\"><img loading=\"lazy\" decoding=\"async\" class=\"aligncenter wp-image-65014 size-full\" src=\"data:image\/svg+xml,%3Csvg%20xmlns=\" http:=\"\" alt=\"\" width=\"1024\" height=\"300\" data-lazy- data-lazy- data-lazy-src=\"https:\/\/www.europesays.com\/es\/wp-content\/uploads\/2025\/07\/1753913948_280_joan-seguidor.jpg\"\/><\/a><\/p>\n<p><a href=\"https:\/\/www.turismodecastellon.com\/es\/que-hacer\/rutaCicloturismo\" rel=\"nofollow noopener\" target=\"_blank\"><img loading=\"lazy\" decoding=\"async\" class=\"aligncenter size-full wp-image-63764\" src=\"data:image\/svg+xml,%3Csvg%20xmlns=\" http:=\"\" alt=\"\" width=\"1024\" height=\"300\" data-lazy-src=\"https:\/\/www.europesays.com\/es\/wp-content\/uploads\/2025\/07\/1753913949_224_bn-cycling-1024x300-1.gif\"\/><\/a><\/p>\n<p><strong data-start=\"2339\" data-end=\"2387\">Hautacam, monta\u00f1a con historia\u2026 y cicatrices<\/strong><\/p>\n<p data-start=\"2389\" data-end=\"2599\">Desde entonces, Hautacam no dej\u00f3 de dar que hablar. <strong>En 2008, por ejemplo, viv\u00edamos un ciclismo herido<\/strong>. Festina, la ca\u00edda de Pantani, la era Armstrong, el l\u00edo de Rasmussen y la Operaci\u00f3n Puerto. Todo eso pesaba.<\/p>\n<p data-start=\"2601\" data-end=\"2888\"><strong>Ese Tour fue a\u00f1o ol\u00edmpico, y aunque hubo positivos (Due\u00f1as, Beltr\u00e1n, Schumacher, Kohl\u2026), la sensaci\u00f3n fue otra<\/strong>. Los favoritos parec\u00edan humanos, casi lentos.<\/p>\n<p data-start=\"2601\" data-end=\"2888\">Los Schleck, Sastre, Evans\u2026 se miraban sin atreverse a atacar. Por un momento, dio la impresi\u00f3n de que ve\u00edamos un ciclismo limpio.<\/p>\n<p data-start=\"2890\" data-end=\"3227\">Pero dur\u00f3 poco. <strong>En los Pirineos explot\u00f3 Riccardo Ricc\u00f2<\/strong>.<\/p>\n<p data-start=\"2890\" data-end=\"3227\">Subi\u00f3 el Aspin como si fuera en moto, dejando a todos tiesos y con cara de \u201c\u00bfpero este t\u00edo qu\u00e9 ha desayunado?\u201d. <strong>Luego, en Hautacam, \u00e9l y Piepoli hicieron lo que quisieron<\/strong>. Frank Schleck intent\u00f3 seguirles\u2026 sin \u00e9xito. D\u00edas despu\u00e9s, todo el equipo fuera del Tour. Otro episodio negro.<\/p>\n<p data-start=\"3229\" data-end=\"3523\">Y si retrocedemos doce a\u00f1os, volvemos a 1996. Bjarne Riis se marc\u00f3 la \u201cactuaci\u00f3n imposible\u201d en Hautacam, el d\u00eda en que Indurain, ya tocado, dijo adi\u00f3s a su sexto Tour. Riis, a\u00f1os despu\u00e9s, lo reconocer\u00eda: iba con los hematocritos por las nubes. Otro cap\u00edtulo para el archivo oscuro del ciclismo.<\/p>\n<p data-start=\"3525\" data-end=\"3763\">La primera vez que se subi\u00f3 Hautacam fue en 1994, la famosa exhibici\u00f3n de Miguel. Aunque ese d\u00eda gan\u00f3 Luc Leblanc, lo que todo el mundo recuerda es c\u00f3mo Indurain pas\u00f3 por encima de todos, incluido ese joven italiano de poco pelo, Pantani.<\/p>\n<p><strong data-start=\"3765\" data-end=\"3800\">El a\u00f1o 2000 y el drama de Otxoa<\/strong><\/p>\n<p data-start=\"3802\" data-end=\"4196\">Ese a\u00f1o, bajo una lluvia constante, el espa\u00f1ol Javier Otxoa logr\u00f3 su mayor triunfo como profesional. Un d\u00eda inolvidable que, lamentablemente, precedi\u00f3 a una tragedia: poco despu\u00e9s sufri\u00f3 un accidente brutal que le dej\u00f3 secuelas de por vida y le cost\u00f3 la vida a su hermano Ricardo. <strong>Aquel d\u00eda, Lance Armstrong tambi\u00e9n dej\u00f3 claro qui\u00e9n mandaba<\/strong>, mientras todos esperaban a Ullrich\u2026 que nunca lleg\u00f3.<\/p>\n<p><strong data-start=\"4198\" data-end=\"4226\">Y ahora\u2026 vuelve Hautacam<\/strong><\/p>\n<p data-start=\"4228\" data-end=\"4402\">Ya veis que no he hablado de Bajrne Riis antes de decir que Hautacam es el primer filtro del Tour 2025, el sitio de la verdad para ese duelo que nadie sabe qu\u00e9 nos va a deparar. .<\/p>\n<p data-start=\"4569\" data-end=\"4673\">Hautacam no es solo una monta\u00f1a. Es una especie de detector de mentiras. Y a veces, tambi\u00e9n de milagros.<\/p>\n<p data-start=\"4569\" data-end=\"4673\">Imagen: A.S.O.\/Pauline Ballet<\/p>\n","protected":false},"excerpt":{"rendered":"Hautacam: la cima donde el Tour se la juega\u2026 y a veces se quema Aunque todos iremos al&hellip;\n","protected":false},"author":2,"featured_media":188935,"comment_status":"","ping_status":"","sticky":false,"template":"","format":"standard","meta":{"footnotes":""},"categories":[273],"tags":[313,312,168,25,24,2548,52975,23,167,2550],"class_list":{"0":"post-188934","1":"post","2":"type-post","3":"status-publish","4":"format-standard","5":"has-post-thumbnail","7":"category-ciclismo","8":"tag-ciclismo","9":"tag-cycling","10":"tag-deportes","11":"tag-es","12":"tag-espana","13":"tag-featured","14":"tag-hautacam","15":"tag-spain","16":"tag-sports","17":"tag-tourfrancia"},"share_on_mastodon":{"url":"https:\/\/pubeurope.com\/@es\/115405573684203070","error":""},"_links":{"self":[{"href":"https:\/\/www.europesays.com\/es\/wp-json\/wp\/v2\/posts\/188934","targetHints":{"allow":["GET"]}}],"collection":[{"href":"https:\/\/www.europesays.com\/es\/wp-json\/wp\/v2\/posts"}],"about":[{"href":"https:\/\/www.europesays.com\/es\/wp-json\/wp\/v2\/types\/post"}],"author":[{"embeddable":true,"href":"https:\/\/www.europesays.com\/es\/wp-json\/wp\/v2\/users\/2"}],"replies":[{"embeddable":true,"href":"https:\/\/www.europesays.com\/es\/wp-json\/wp\/v2\/comments?post=188934"}],"version-history":[{"count":0,"href":"https:\/\/www.europesays.com\/es\/wp-json\/wp\/v2\/posts\/188934\/revisions"}],"wp:featuredmedia":[{"embeddable":true,"href":"https:\/\/www.europesays.com\/es\/wp-json\/wp\/v2\/media\/188935"}],"wp:attachment":[{"href":"https:\/\/www.europesays.com\/es\/wp-json\/wp\/v2\/media?parent=188934"}],"wp:term":[{"taxonomy":"category","embeddable":true,"href":"https:\/\/www.europesays.com\/es\/wp-json\/wp\/v2\/categories?post=188934"},{"taxonomy":"post_tag","embeddable":true,"href":"https:\/\/www.europesays.com\/es\/wp-json\/wp\/v2\/tags?post=188934"}],"curies":[{"name":"wp","href":"https:\/\/api.w.org\/{rel}","templated":true}]}}