{"id":188936,"date":"2025-10-20T08:34:18","date_gmt":"2025-10-20T08:34:18","guid":{"rendered":"https:\/\/www.europesays.com\/es\/188936\/"},"modified":"2025-10-20T08:34:18","modified_gmt":"2025-10-20T08:34:18","slug":"el-papelon-de-ferrari-que-involucra-a-chile","status":"publish","type":"post","link":"https:\/\/www.europesays.com\/es\/188936\/","title":{"rendered":"El papel\u00f3n de Ferrari que involucra a Chile"},"content":{"rendered":"<p class=\"article-body__paragraph\"><a href=\"https:\/\/www.latercera.com\/el-deportivo\/noticia\/verstappen-se-queda-con-un-accidentado-sprint-en-estados-unidos-y-sigue-recortando-distancia-ante-el-desastre-de-mclaren\/\" target=\"_blank\" rel=\"noreferrer nofollow noopener\" title=\"https:\/\/www.latercera.com\/el-deportivo\/noticia\/verstappen-se-queda-con-un-accidentado-sprint-en-estados-unidos-y-sigue-recortando-distancia-ante-el-desastre-de-mclaren\/\">El Gran Premio de Estados Unidos inici\u00f3 con un accidentado sprint.<\/a> <b>Max Verstappen se coron\u00f3 en el Circuito de las Am\u00e9ricas luego de que Lando Norris y Oscar Piastri chocaran en el primer giro. <\/b>El desastre dej\u00f3 afuera a los dos McLaren, adem\u00e1s de Fernando Alonso.<\/p>\n<p class=\"article-body__paragraph\">El neerland\u00e9s contin\u00faa recort\u00e1ndole distancia a los papaya. Est\u00e1 a 55 unidades de Piastri y a 33 de Norris, con 166 por disputar (seis carreras completas y dos sprint m\u00e1s).<\/p>\n<p>El error de Ferrari<\/p>\n<p class=\"article-body__paragraph\"><b>Ferrari, como en cada Gran Premio, suele realizar una trivia en sus redes sociales.<\/b> El objetivo es interactuar con sus seguidores en torno a sus conocimientos sobre los diferentes lugares que acogen las carreras de la F\u00f3rmula 1.<\/p>\n<p class=\"article-body__paragraph\">En esta oportunidad, era sobre el GP de Estados Unidos, que se realiza en el Circuito de las Am\u00e9ricas, en Austin, Texas.<\/p>\n<p class=\"article-body__paragraph\">\u201c<b>300. Es la cantidad de d\u00edas de sol que Austin disfruta cada a\u00f1o, lo que la convierte en una de las ciudades m\u00e1s soleadas de Estados Unidos<\/b>\u201d, afirmaron en el perfil oficial del Cavallino Rampante, en uno de los datos que se entreg\u00f3 sobre la ciudad.<\/p>\n<p class=\"article-body__paragraph\">Hasta ah\u00ed todo parec\u00eda normal. Sin embargo, la cuenta de Ferrari se equivoc\u00f3. <b>La informaci\u00f3n fue escrita sobre la bandera de Chile en vez de la del estado de Texas. <\/b><\/p>\n<p class=\"article-body__paragraph\"><b>Ambas tienen una evidente similitud entre s\u00ed.<\/b> De hecho, la confusi\u00f3n entre ambas ha sido algo com\u00fan, especialmente en redes sociales. Incluso,<b> en 2017, el gobierno de Texas present\u00f3 un proyecto para terminar con las equivocaciones.<\/b><\/p>\n<p class=\"article-body__paragraph\">En ese entonces, <b>el diputado Tom Oliverson present\u00f3 una resoluci\u00f3n en el parlamento estatal para \u201cllamar la atenci\u00f3n\u201d a quienes usen de manera equivocada las banderas en redes sociales.<\/b><\/p>\n<p class=\"article-body__paragraph\">Esto ocurr\u00eda principalmente por residentes de Texas, que utilizaban la bandera de Chile para referirse a su estado. \u201c<b>No hay un emoji que representa la bandera del estado de Texas y la gente aqu\u00ed a menudo utiliza la de la Rep\u00fablica de Chile, lo que no es correcto<\/b>\u201d, afirm\u00f3 a BCC Mundo.<\/p>\n<p class=\"article-body__paragraph\">\u201cDecidimos que necesit\u00e1bamos llamarles la atenci\u00f3n. Las dos banderas son diferentes y representan distintas cosas, por ello esto es una especie de aviso de que nadie puede sustituir una con la otra\u201d, a\u00f1adi\u00f3 el legislador.<\/p>\n<p>Los or\u00edgenes<\/p>\n<p class=\"article-body__paragraph\">La bandera actual de Chile tiene como origen el a\u00f1o 1817. \u201cLas principales interpretaciones del uso de los colores de la bandera atribuir\u00edan al azul la representaci\u00f3n de los cielos y el oc\u00e9ano Pac\u00edfico, al blanco las cumbres nevadas de la cordillera de los Andes, y al rojo la sangre vertida por los h\u00e9roes nacionales en la lucha por la independencia. A su vez, la estrella simbolizar\u00eda los tres poderes del Estado chileno (Ejecutivo, Legislativo y Judicial) que velan por la integridad de la naci\u00f3n \u2014otras interpretaciones indicar\u00edan que la estrella \u00fanica es una referencia al Estado unitario, a diferencia de, por ejemplo, las m\u00faltiples estrellas de la bandera de los Estados Unidos que representan el Estado federal\u2014. Sin embargo, considerando los versos del Canto XXI del poema \u00e9pico La Araucana (1569), los colores de la actual bandera chilena se remontar\u00edan a las bandas tricolores utilizadas por los toquis mapuches durante la Guerra de Arauco contra la Conquista espa\u00f1ola,\u200b mientras que la estrella representar\u00eda la \u2018estrella de Arauco\u2019, seg\u00fan Bernardo O\u2019Higgins\u201c,<a href=\"https:\/\/www.gob.cl\/nuestro-pais\/\" target=\"_blank\" rel=\"noreferrer nofollow noopener\" title=\"https:\/\/www.gob.cl\/nuestro-pais\/\"> describe el sitio web oficial del Gobierno<\/a>.<\/p>\n<p class=\"article-body__paragraph\">\u201cLa \u2018bandera de la estrella solitaria\u2019 tiene una gran historia, empezando con su adopci\u00f3n (\u2026) en 1839 y como nuestra bandera nunca podr\u00eda representar plenamente a Chile, tampoco la bandera chilena puede inspirar los sentimientos de orgullo y pasi\u00f3n que existen en el coraz\u00f3n de un verdadero texano\u201d, se\u00f1al\u00f3, en tanto, la resoluci\u00f3n de Oliverson de ese entonces.<\/p>\n","protected":false},"excerpt":{"rendered":"El Gran Premio de Estados Unidos inici\u00f3 con un accidentado sprint. Max Verstappen se coron\u00f3 en el Circuito&hellip;\n","protected":false},"author":2,"featured_media":188937,"comment_status":"","ping_status":"","sticky":false,"template":"","format":"standard","meta":{"footnotes":""},"categories":[270],"tags":[1763,2047,168,25,24,306,2091,271,272,47860,6220,23,167,3596,6583],"class_list":{"0":"post-188936","1":"post","2":"type-post","3":"status-publish","4":"format-standard","5":"has-post-thumbnail","7":"category-formula-1","8":"tag-automovilismo","9":"tag-chile","10":"tag-deportes","11":"tag-es","12":"tag-espana","13":"tag-f1","14":"tag-ferrari","15":"tag-formula-1","16":"tag-formula1","17":"tag-gran-premio-de-estados-unidos","18":"tag-motorsport","19":"tag-spain","20":"tag-sports","21":"tag-sprint","22":"tag-texas"},"share_on_mastodon":{"url":"https:\/\/pubeurope.com\/@es\/115405577517023695","error":""},"_links":{"self":[{"href":"https:\/\/www.europesays.com\/es\/wp-json\/wp\/v2\/posts\/188936","targetHints":{"allow":["GET"]}}],"collection":[{"href":"https:\/\/www.europesays.com\/es\/wp-json\/wp\/v2\/posts"}],"about":[{"href":"https:\/\/www.europesays.com\/es\/wp-json\/wp\/v2\/types\/post"}],"author":[{"embeddable":true,"href":"https:\/\/www.europesays.com\/es\/wp-json\/wp\/v2\/users\/2"}],"replies":[{"embeddable":true,"href":"https:\/\/www.europesays.com\/es\/wp-json\/wp\/v2\/comments?post=188936"}],"version-history":[{"count":0,"href":"https:\/\/www.europesays.com\/es\/wp-json\/wp\/v2\/posts\/188936\/revisions"}],"wp:featuredmedia":[{"embeddable":true,"href":"https:\/\/www.europesays.com\/es\/wp-json\/wp\/v2\/media\/188937"}],"wp:attachment":[{"href":"https:\/\/www.europesays.com\/es\/wp-json\/wp\/v2\/media?parent=188936"}],"wp:term":[{"taxonomy":"category","embeddable":true,"href":"https:\/\/www.europesays.com\/es\/wp-json\/wp\/v2\/categories?post=188936"},{"taxonomy":"post_tag","embeddable":true,"href":"https:\/\/www.europesays.com\/es\/wp-json\/wp\/v2\/tags?post=188936"}],"curies":[{"name":"wp","href":"https:\/\/api.w.org\/{rel}","templated":true}]}}