{"id":188970,"date":"2025-10-20T08:57:14","date_gmt":"2025-10-20T08:57:14","guid":{"rendered":"https:\/\/www.europesays.com\/es\/188970\/"},"modified":"2025-10-20T08:57:14","modified_gmt":"2025-10-20T08:57:14","slug":"asi-va-el-mundial-2025-de-formula-1-tras-el-gran-premio-de-estados-unidos","status":"publish","type":"post","link":"https:\/\/www.europesays.com\/es\/188970\/","title":{"rendered":"As\u00ed va el Mundial 2025 de F\u00f3rmula 1 tras el Gran Premio de Estados Unidos"},"content":{"rendered":"<p class=\"ft-text\"><strong>Oscar Piastri lidera el campeonato del mundo de <\/strong><a class=\"ft-link ft-link--decoration\" href=\"https:\/\/www.sport.es\/es\/motor\/formula1\/\" rel=\"nofollow noopener\" target=\"_blank\"><strong>F\u00f3rmula 1<\/strong><\/a><strong> <\/strong>tras la carrera disputada este domingo en el Gran Premio de Estados Unidos, decimonovena cita del <a class=\"ft-link ft-link--decoration\" href=\"https:\/\/www.sport.es\/es\/motor\/formula1\/calendario\/\" rel=\"nofollow noopener\" target=\"_blank\">calendario<\/a> 2025. El australiano se mantiene al frente del campeonato con 346 puntos y supera por solo 14 ventaja a su compa\u00f1ero<strong> Lando Norris. <\/strong><\/p>\n<p class=\"ft-text\">Por su parte, el campe\u00f3n <strong>Max Verstappen<\/strong>, que ha logrado dos victorias en Austin, al sprint el s\u00e1bado y en la carrera principal del domingo, sigue tercero en la clasificaci\u00f3n pero ya est\u00e1 a 40 puntos de Piastri a falta de cinco grandes premios para que la temporada 2025 baje el tel\u00f3n en Abu Dhabi.<\/p>\n<p class=\"ft-text\">Despu\u00e9s de que McLaren certificara el t\u00edtulo de constructores en Singapur con una abismal diferencia de puntos respecto a sus directos rivales, la lucha por el subcampeonato entre<strong> Mercedes (341), Ferrari (334) y Red Bull (331) se estrecha despu\u00e9s del fin de semana en Texas. <\/strong><\/p>\n<p class=\"ft-text\"><strong>Alonso, que ha terminado 10\u00ba en Estados Unidos, es duod\u00e9cimo en el campeonato, con 37 <\/strong>puntos, solo uno menos que <strong>Carlos Sainz, <\/strong>que el s\u00e1bado fue tercero al sprint y el domingo se retir\u00f3 por accidente.<\/p>\n<p>As\u00ed va el Mundial de pilotos (19\/24 GP + 4\/6 sprint) <\/p>\n<p class=\"ft-text\">1.<strong>\u00a0<\/strong>Oscar Piastri (AUS) 346 puntos\u00a0<\/p>\n<p class=\"ft-text\">2. Lando Norris (GBR) 332 puntos\u00a0<\/p>\n<p class=\"ft-text\">3. Max Verstappen (PB) 306 puntos\u00a0<\/p>\n<p class=\"ft-text\">4. George Russell (GBR) 252 puntos\u00a0<\/p>\n<p class=\"ft-text\">5. Charles Leclerc (MON) 192 puntos\u00a0<\/p>\n<p class=\"ft-text\">6. Lewis Hamilton (GBR) 142 puntos<\/p>\n<p class=\"ft-text\">7. Kimi Antonelli (ITA) 89 puntos\u00a0<\/p>\n<p class=\"ft-text\">8. Alex Albon (GBR) 73 puntos\u00a0<\/p>\n<p class=\"ft-text\">9. Nico Hulkenberg (ALE) 41 puntos<\/p>\n<p class=\"ft-text\">10. Isack Hadjar (FRA) 39 puntos\u00a0<\/p>\n<p class=\"ft-text\"><strong>11. Carlos Sainz (ESP) 38 puntos<\/strong><\/p>\n<p class=\"ft-text\"><strong>12. Fernando Alonso (ESP) 37 puntos<\/strong><\/p>\n<p class=\"ft-text\">13. Lance Stroll (CAN) 32 puntos<\/p>\n<p class=\"ft-text\">14. Liam Lawson\u00a0(NZL) 30 puntos<\/p>\n<p class=\"ft-text\">15.\u00a0Esteban Ocon (FRA) 28 puntos<\/p>\n<p class=\"ft-text\">16. Yuki Tsunoda (JAP) 28 puntos<\/p>\n<p class=\"ft-text\">17. Pierre Gasly (FRA) 20 puntos<\/p>\n<p class=\"ft-text\">18. Oliver Bearman (GBR) 20 puntos<\/p>\n<p class=\"ft-text\">19. Gabriel Bortoleto (BRA) 18 puntos<\/p>\n<p class=\"ft-text\">20. Franco Colapinto (ARG) 0 puntos<\/p>\n<p>Clasificaci\u00f3n por equipos:<\/p>\n<p class=\"ft-text\">1. McLaren &#8211; 678<\/p>\n<p class=\"ft-text\">2. Mercedes &#8211; 341<\/p>\n<p class=\"ft-text\">3. Ferrari -334<\/p>\n<p class=\"ft-text\">4. Red Bull &#8211; 331<\/p>\n<p class=\"ft-text\"><strong>5. Williams &#8211; 111<\/strong><\/p>\n<p class=\"ft-text\"><strong>6. <\/strong>VISA RB &#8211; 72<\/p>\n<p class=\"ft-text\">7. <strong>Aston Martin &#8211; 69<\/strong><\/p>\n<p class=\"ft-text\">8. Sauber &#8211; 59<\/p>\n<p class=\"ft-text\">9. Haas\u00a0&#8211; 48<\/p>\n<p class=\"ft-text\">10. Alpine &#8211; 20<\/p>\n","protected":false},"excerpt":{"rendered":"Oscar Piastri lidera el campeonato del mundo de F\u00f3rmula 1 tras la carrera disputada este domingo en el&hellip;\n","protected":false},"author":2,"featured_media":188971,"comment_status":"","ping_status":"","sticky":false,"template":"","format":"standard","meta":{"footnotes":""},"categories":[270],"tags":[3732,8722,5773,4860,4616,168,25,24,306,271,272,5564,2704,1070,2422,3731,1748,23,167,575,379],"class_list":{"0":"post-188970","1":"post","2":"type-post","3":"status-publish","4":"format-standard","5":"has-post-thumbnail","7":"category-formula-1","8":"tag-alonso","9":"tag-asi","10":"tag-campeon","11":"tag-carrera","12":"tag-clasificacion","13":"tag-deportes","14":"tag-es","15":"tag-espana","16":"tag-f1","17":"tag-formula-1","18":"tag-formula1","19":"tag-lider","20":"tag-mclaren","21":"tag-mundial","22":"tag-piastri","23":"tag-sainz","24":"tag-singapur","25":"tag-spain","26":"tag-sports","27":"tag-tras","28":"tag-va"},"share_on_mastodon":{"url":"https:\/\/pubeurope.com\/@es\/115405668072766714","error":""},"_links":{"self":[{"href":"https:\/\/www.europesays.com\/es\/wp-json\/wp\/v2\/posts\/188970","targetHints":{"allow":["GET"]}}],"collection":[{"href":"https:\/\/www.europesays.com\/es\/wp-json\/wp\/v2\/posts"}],"about":[{"href":"https:\/\/www.europesays.com\/es\/wp-json\/wp\/v2\/types\/post"}],"author":[{"embeddable":true,"href":"https:\/\/www.europesays.com\/es\/wp-json\/wp\/v2\/users\/2"}],"replies":[{"embeddable":true,"href":"https:\/\/www.europesays.com\/es\/wp-json\/wp\/v2\/comments?post=188970"}],"version-history":[{"count":0,"href":"https:\/\/www.europesays.com\/es\/wp-json\/wp\/v2\/posts\/188970\/revisions"}],"wp:featuredmedia":[{"embeddable":true,"href":"https:\/\/www.europesays.com\/es\/wp-json\/wp\/v2\/media\/188971"}],"wp:attachment":[{"href":"https:\/\/www.europesays.com\/es\/wp-json\/wp\/v2\/media?parent=188970"}],"wp:term":[{"taxonomy":"category","embeddable":true,"href":"https:\/\/www.europesays.com\/es\/wp-json\/wp\/v2\/categories?post=188970"},{"taxonomy":"post_tag","embeddable":true,"href":"https:\/\/www.europesays.com\/es\/wp-json\/wp\/v2\/tags?post=188970"}],"curies":[{"name":"wp","href":"https:\/\/api.w.org\/{rel}","templated":true}]}}