{"id":188996,"date":"2025-10-20T09:11:10","date_gmt":"2025-10-20T09:11:10","guid":{"rendered":"https:\/\/www.europesays.com\/es\/188996\/"},"modified":"2025-10-20T09:11:10","modified_gmt":"2025-10-20T09:11:10","slug":"trump-confirma-que-el-alto-el-fuego-sigue-en-gaza-y-niega-que-hamas-disparase-a-soldados-de-israel","status":"publish","type":"post","link":"https:\/\/www.europesays.com\/es\/188996\/","title":{"rendered":"Trump confirma que el alto el fuego sigue en Gaza y niega que Ham\u00e1s disparase a soldados de Israel"},"content":{"rendered":"<p>El presidente de Estados Unidos, <a href=\"https:\/\/www.huffingtonpost.es\/global\/todo-debes-donald-trump-aspirante-republicano-casa-blanca.html\" rel=\"nofollow noopener\" target=\"_blank\">Donald Trump<\/a>, ha puesto en la pacificaci\u00f3n de Gaza muchas de sus esperanzas: para quitarse de encima un problema que le distrae de otras cosas, para preservar sus negocios en Oriente Medio, para hacer m\u00e9ritos para ese Nobel de la Paz que anhela&#8230; As\u00ed que ha prometido arremangarse y poner firme a quien sea necesario para que el alto el fuego se cumpla.\u00a0<\/p>\n<p>Esta madrugada, y ante las <a href=\"https:\/\/www.huffingtonpost.es\/global\/netanyahu-ordena-atacar-objetivos-terroristas-franja-gaza.html\" rel=\"nofollow noopener\" target=\"_blank\">reiteradas violaciones del acuerdo<\/a> denunciadas tanto por Ham\u00e1s como por Israel, el republicano ha confirmado que el armisticio sigue vigente.\u00a0En declaraciones a la prensa a bordo del Air Force One de camino a Washington, ha exculpado incluso al liderazgo de Ham\u00e1s de los enfrentamientos sucedidos en la Franja y que fueron respondidos por Israel con una serie de bombardeos.\u00a0<\/p>\n<p>\u00abHa habido algunos disparos y creemos que tal vez los l\u00edderes (de Ham\u00e1s) no est\u00e1n involucrados en eso. Son algunos rebeldes de dentro. De cualquier manera, lo vamos a manejar con dureza, pero adecuadamente\u00bb, dijo, literalmente, en un gesto que contrar\u00eda a su amigo <a href=\"\">Benjamin Netanyahu<\/a>.\u00a0<\/p>\n<p>El mandatario respondi\u00f3 adem\u00e1s afirmativamente cuando un periodista le pregunt\u00f3 si el alto el fuego \u00absigue vigente\u00bb.<\/p>\n<p>Una semana despu\u00e9s de la entrada en vigor del alto el fuego impulsado por la Administraci\u00f3n de Trump, Israel bombarde\u00f3 varios puntos de la Franja de Gaza y mat\u00f3 a decenas de personas, como respuesta a lo que interpret\u00f3 como una \u00abviolaci\u00f3n\u00bb del acuerdo por parte de Ham\u00e1s.\u00a0Tras esos <a href=\"https:\/\/www.huffingtonpost.es\/global\/netanyahu-ordena-atacar-objetivos-terroristas-franja-gaza.html\" rel=\"nofollow noopener\" target=\"_blank\">operativos \u00abterroristas\u00bb<\/a>, el Ej\u00e9rcito israel\u00ed afirm\u00f3 haber \u00abreanudado la aplicaci\u00f3n del alto el fuego\u00bb.<\/p>\n<p>Los bombardeos se registraron este domingo, despu\u00e9s de unos enfrentamientos en la ma\u00f1ana en la zona de Rafah, sur de Gaza y controlada por el Ej\u00e9rcito israel\u00ed, que dejaron dos militares israel\u00edes muertos.\u00a0Dichos choques se produjeron supuestamente entre una unidad de la Polic\u00eda del Gobierno de Gaza, dependiente de Ham\u00e1s, y las tropas israel\u00edes, pero tanto Ham\u00e1s como su brazo armado se desvincularon de ellos en sendos comunicados. Hoy hay grupos armados, avalados por Israel, con los que el Movimiento de Resistencia Isl\u00e1mica est\u00e1 chocando, con tanta gravedad que <a href=\"https:\/\/www.huffingtonpost.es\/global\/choques-arrestos-ejecuciones-contra-enfrenta-hamas-gaza.html\" rel=\"nofollow noopener\" target=\"_blank\">hay miedo a una guerra civil en el interior de Gaza<\/a>.\u00a0<\/p>\n<p>Durante la semana, la Fuerza Radea, una unidad de la polic\u00eda del Gobierno de Ham\u00e1s en Gaza dependiente de su Ministerio de Interior, ha llevado a cabo persecuciones y ejecuciones contra distintas milicias y clanes a los que acusa de colaborar con Israel.<\/p>\n<p>El defensor de derechos humanos y exportavoz de la UNRWA, Chris Gunness, destac\u00f3 esta noche en <a href=\"https:\/\/www.aljazeera.com\/news\/liveblog\/2025\/10\/19\/live-israel-kills-97-palestinians-in-gaza-since-start-of-ceasefire\" target=\"_blank\" rel=\"nofollow noopener\">Al Jazeera<\/a> la dificultad de recuperar los cuerpos de los cautivos asesinados en Gaza, que es una de las violaciones que denuncia Israel. Subraya que los palestinos tienen poco poder para detener la reanudaci\u00f3n del <a href=\"https:\/\/www.huffingtonpost.es\/global\/todo-cambia-declaracion-genocidio-onu-sobre-israel.html\" rel=\"nofollow noopener\" target=\"_blank\">genocidio<\/a>, adem\u00e1s. \u00abEn este sentido, el acuerdo estaba destinado al fracaso, \u00bfno? Debido a la cantidad de cad\u00e1veres bajo los escombros y a la gran confusi\u00f3n generada tras dos a\u00f1os de genocidio, iba a ser muy dif\u00edcil entregar los cuerpos de los cautivos\u00bb, declar\u00f3 Gunness. \u201cAs\u00ed que Israel tiene un pretexto para cancelar el plan, reimponer el bloqueo y reiniciar el genocidio si as\u00ed lo desea, y los palestinos de Gaza carecen de los medios para impedirlo\u201d.<\/p>\n<p><img decoding=\"async\" loading=\"lazy\" src=\"https:\/\/img2.huffingtonpost.es\/files\/image_1200_800\/uploads\/2025\/10\/20\/ninos-palestinos-reciben-tratamiento-tras-resultar-heridos-en-un-ataque-israeli-en-el-hospital-nasser-de-khan-younis-en-el-sur-de-gaza-el-19-de-octubre-de-2025.jpeg\" width=\"1200\" height=\"800\"  data-full-src=\"https:\/\/www.europesays.com\/es\/wp-content\/uploads\/2025\/10\/ninos-palestinos-reciben-tratamiento-tras-resultar-heridos-en-un-ataque-israeli-en-el-hospital-nasse.jpeg\" \/><\/p>\n<p>        Ni\u00f1os palestinos reciben tratamiento tras resultar heridos en un ataque israel\u00ed en el Hospital Nasser de Khan Younis, en el sur de Gaza, el 19 de octubre de 2025.Ramadan Abed \/ Reuters<\/p>\n<p>Presi\u00f3n diplom\u00e1tica<\/p>\n<p>El vicepresidente de Estados Unidos, <a href=\"https:\/\/www.huffingtonpost.es\/global\/j-d-vance-candidato-vicepresidente-trump-pasado-insultarle-caminar-lado.html\" rel=\"nofollow noopener\" target=\"_blank\">JD Vance<\/a>, declar\u00f3 este domingo que podr\u00eda viajar en los pr\u00f3ximos d\u00edas a Israel para supervisar la implementaci\u00f3n del acuerdo.\u00a0<a href=\"https:\/\/www.cbsnews.com\/news\/israel-hamas-negotiation-process-witkoff-kushner-60-minutes\/\" target=\"_blank\" rel=\"nofollow noopener\">Vance se\u00f1al\u00f3<\/a> que el acuerdo de alto el fuego tendr\u00e1 \u00abaltibajos\u00bb pero producir\u00e1 una paz duradera a largo plazo. Ha reconocido, no obstante, que\u00a0\u00abva a ser complicado\u00bb que se mantenga, porque teme que Ham\u00e1s \u00abdisparar\u00e1 contra Israel\u00bb e \u00abIsrael tendr\u00e1 que responder\u00bb.<\/p>\n<p>Adicionalmente, Vance ha previsto tambi\u00e9n que algunas facciones de Ham\u00e1s no respetar\u00edan el acuerdo de alto el fuego y ha considerado que \u00abser\u00eda un poco absurdo que el presidente dijera: &#8216;Bueno, Ham\u00e1s ser\u00e1 desarmado dentro de tres o cuatro d\u00edas'\u00bb.<\/p>\n<p>En realidad, sus declaraciones chocan con las del presidente, que tambi\u00e9n dijo ayer domingo que \u00abno hay un plazo fijo\u00bb para ese desarme. \u00abEs un plazo que tengo en mente, y si en alg\u00fan momento no hacen lo que se supone que deben hacer, tendremos que hacerlo por ellos\u00bb, dijo Trump <a href=\"https:\/\/www.foxnews.com\/video\/6383071336112\" target=\"_blank\" rel=\"nofollow noopener\">en una entrevista con la cadena Fox News<\/a>.\u00a0<\/p>\n<p>De momento, los dos negociadores nombrados por el magnate,\u00a0Steve Witkoff y su propio yerno, Jared Kushner, acuden hoy a Israel para tener diversos encuentros con l\u00edderes del pa\u00eds para conocer sobre el terreno el estado de la cuesti\u00f3n. Witkoff, entrevistado antes de los ataques \u00faltimos de Israel, ha dicho que no ser\u00e1 dif\u00edcil para los pa\u00edses ricos de Oriente Medio recaudar fondos para reconstruir Gaza, donde Israel ha destruido m\u00e1s del 80 % de los edificios. \u00abSe estima que ser\u00e1n unos 50.000 millones de d\u00f3lares. Podr\u00eda ser un poco menos, o un poco m\u00e1s\u00bb, declar\u00f3. \u00abCreo que no es mucho dinero en esa regi\u00f3n\u00bb. Algunos defensores de los derechos humanos han argumentado que Israel deber\u00eda pagar la reconstrucci\u00f3n de Gaza como responsable de los da\u00f1os.<\/p>\n<p>En lo diplom\u00e1tico, es importante tambi\u00e9n que hoy, en la localidad eslovena de Portoroz, se celebra la cumbre euromediterr\u00e1nea, en la que los l\u00edderes de los nueve pa\u00edses de esta regi\u00f3n prev\u00e9n analizar la situaci\u00f3n en Gaza tras el alto el fuego entre Israel y Ham\u00e1s que ambas partes se reprochan haber violado. El presidente espa\u00f1ol, Pedro S\u00e1nchez, ser\u00e1 de la partida. Eslovenia tiene la presidencia de turno de lo que se denomina el MED9 y por eso act\u00faa este a\u00f1o como pa\u00eds anfitri\u00f3n de una reuni\u00f3n en la que participar\u00e1n, adem\u00e1s, Espa\u00f1a, Francia, Italia, Grecia, Portugal, Croacia, Malta y Chipre.<\/p>\n<p>Pero junto a los l\u00edderes de cada pa\u00eds (excepto en el caso de Italia, ya que seg\u00fan los organizadores no asistir\u00e1 Giorgia Meloni y estar\u00e1 representada por su ministro de Asuntos Exteriores, Antonio Tajani), estar\u00e1 presente la presidenta de la Comisi\u00f3n Europea, Ursula von der Leyen. Este a\u00f1o se ha invitado tambi\u00e9n a la cumbre al rey Abdal\u00e1 II de Jordania, una presencia que cobra especial relevancia en medio de los acontecimientos en Gaza tras el alto el fuego entre Israel y Ham\u00e1s y el plan de paz liderado por Estados Unidos <a href=\"\">presentado el pasado lunes en la localidad egipcia de Sharm el Sheij<\/a>.<\/p>\n<p>Una situaci\u00f3n insostenible<\/p>\n<p>Mientras, desde Gaza, se ha difundido un v\u00eddeo del jefe humanitario de la ONU que muestra la inmensa destrucci\u00f3n en la franja, que apenas recibe ayuda por pasos secundarios, menores, mientras Israel mantiene cerrado el de Rafah, el esencial, como represalia por las supuestas violaciones de Ham\u00e1s.\u00a0<\/p>\n<p>Tom Fletcher comparti\u00f3 en redes unas im\u00e1genes tomadas desde su veh\u00edculo mientras viajaba de Khan Younis a la ciudad de Gaza, que muestra escenas impactantes de la devastaci\u00f3n que Israel desat\u00f3 en la zona. \u00abNo queda nada: s\u00f3lo montones de escombros en un p\u00e1ramo desolado\u00bb, dice.<\/p>\n<p>El defensor de derechos humanos Kenneth Roth cit\u00f3 la Convenci\u00f3n de la ONU sobre el Genocidio en respuesta a las im\u00e1genes. &gt;\u00bbLa Gaza devastada de hoy: Una forma de cometer genocidio es \u2018infligir deliberadamente\u2019 a un grupo \u2018condiciones de vida que hayan de acarrear su destrucci\u00f3n f\u00edsica, total o parcial\u2019\u201d, escribi\u00f3 Roth en una publicaci\u00f3n en redes sociales.<\/p>\n<p>Casi un a\u00f1o despu\u00e9s de que la Corte Penal Internacional (CPI) emitiera una orden de arresto contra Netanyahu por cargos de cr\u00edmenes de guerra, incluyendo el uso de la hambruna como arma de guerra, el primer ministro israel\u00ed contin\u00faa amenazando a los palestinos con restringir la ayuda.<\/p>\n<p>El domingo, el Gobierno israel\u00ed suspendi\u00f3 temporalmente el flujo de asistencia humanitaria y, durante d\u00edas, la ha bloqueado parcialmente para presionar a Ham\u00e1s a localizar y transferir los cuerpos de los cautivos asesinados. El bloqueo de la ayuda parece ser una clara violaci\u00f3n del alto el fuego. Tambi\u00e9n constituye una infracci\u00f3n del derecho internacional humanitario.<\/p>\n<p>El Estatuto de la CPI proh\u00edbe \u201chacer padecer hambre a los civiles como m\u00e9todo de guerra, priv\u00e1ndolos de bienes indispensables para su supervivencia, incluyendo la obstrucci\u00f3n deliberada de los suministros de socorro previstos en los Convenios de Ginebra\u201d. Adem\u00e1s, investigadores de la ONU concluyeron en un informe el mes pasado que Israel estaba utilizando la hambruna como parte de su campa\u00f1a genocida en Gaza.<\/p>\n<p>\u201cEl uso que Israel hace de la hambruna como m\u00e9todo de guerra a trav\u00e9s del asedio total a la Franja de Gaza ha tenido efectos devastadores tambi\u00e9n en los ni\u00f1os, dando como resultado hambruna, tasas alarmantemente altas de desnutrici\u00f3n aguda, crecientes riesgos de brotes de enfermedades como el c\u00f3lera y la diarrea cr\u00f3nica y un exceso de mortalidad significativo\u201d, se\u00f1ala el informe.<\/p>\n","protected":false},"excerpt":{"rendered":"El presidente de Estados Unidos, Donald Trump, ha puesto en la pacificaci\u00f3n de Gaza muchas de sus esperanzas:&hellip;\n","protected":false},"author":2,"featured_media":188997,"comment_status":"","ping_status":"","sticky":false,"template":"","format":"standard","meta":{"footnotes":""},"categories":[42],"tags":[5341,17,18,352,52980,13,14,694,75,11,61,62,63,64,74,19,20,9,10,15,16,76,12,23357,21,22,65,66,67],"class_list":{"0":"post-188996","1":"post","2":"type-post","3":"status-publish","4":"format-standard","5":"has-post-thumbnail","7":"category-internacional","8":"tag-ayuda-humanitaria","9":"tag-breaking-news","10":"tag-breakingnews","11":"tag-donald-trump","12":"tag-ejercito-israel","13":"tag-featured-news","14":"tag-featurednews","15":"tag-gaza","16":"tag-hamas","17":"tag-headlines","18":"tag-internacional","19":"tag-international","20":"tag-international-news","21":"tag-internationalnews","22":"tag-israel","23":"tag-latest-news","24":"tag-latestnews","25":"tag-news","26":"tag-noticias","27":"tag-noticias-destacadas","28":"tag-noticiasdestacadas","29":"tag-palestina","30":"tag-titulares","31":"tag-tregua","32":"tag-ultimas-noticias","33":"tag-ultimasnoticias","34":"tag-world","35":"tag-world-news","36":"tag-worldnews"},"share_on_mastodon":{"url":"https:\/\/pubeurope.com\/@es\/115405723242596986","error":""},"_links":{"self":[{"href":"https:\/\/www.europesays.com\/es\/wp-json\/wp\/v2\/posts\/188996","targetHints":{"allow":["GET"]}}],"collection":[{"href":"https:\/\/www.europesays.com\/es\/wp-json\/wp\/v2\/posts"}],"about":[{"href":"https:\/\/www.europesays.com\/es\/wp-json\/wp\/v2\/types\/post"}],"author":[{"embeddable":true,"href":"https:\/\/www.europesays.com\/es\/wp-json\/wp\/v2\/users\/2"}],"replies":[{"embeddable":true,"href":"https:\/\/www.europesays.com\/es\/wp-json\/wp\/v2\/comments?post=188996"}],"version-history":[{"count":0,"href":"https:\/\/www.europesays.com\/es\/wp-json\/wp\/v2\/posts\/188996\/revisions"}],"wp:featuredmedia":[{"embeddable":true,"href":"https:\/\/www.europesays.com\/es\/wp-json\/wp\/v2\/media\/188997"}],"wp:attachment":[{"href":"https:\/\/www.europesays.com\/es\/wp-json\/wp\/v2\/media?parent=188996"}],"wp:term":[{"taxonomy":"category","embeddable":true,"href":"https:\/\/www.europesays.com\/es\/wp-json\/wp\/v2\/categories?post=188996"},{"taxonomy":"post_tag","embeddable":true,"href":"https:\/\/www.europesays.com\/es\/wp-json\/wp\/v2\/tags?post=188996"}],"curies":[{"name":"wp","href":"https:\/\/api.w.org\/{rel}","templated":true}]}}