{"id":188998,"date":"2025-10-20T09:12:08","date_gmt":"2025-10-20T09:12:08","guid":{"rendered":"https:\/\/www.europesays.com\/es\/188998\/"},"modified":"2025-10-20T09:12:08","modified_gmt":"2025-10-20T09:12:08","slug":"juanma-moreno-ve-peligrar-por-primera-vez-la-mayoria-absoluta-desde-antes-de-la-crisis-de-los-cribados-de-cancer-de-mama","status":"publish","type":"post","link":"https:\/\/www.europesays.com\/es\/188998\/","title":{"rendered":"Juanma Moreno ve peligrar por primera vez la mayor\u00eda absoluta desde antes de la crisis de los cribados de c\u00e1ncer de mama"},"content":{"rendered":"<p style=\"\">El presidente de la Junta de Andaluc\u00eda,<strong> Juanma Moreno<\/strong>, ve peligrar por primera vez la mayor\u00eda absoluta obtenida en las elecciones celebradas el 19 de junio de 2022 y empieza a acusar cierto desgaste en la gesti\u00f3n. As\u00ed se desprende del \u00faltimo<strong> <\/strong> &#8230; <strong>Bar\u00f3metro Andaluz que ha publicado este lunes 20 de octubre el Centro de Estudios Andaluces (Centra)<\/strong>, el llamado CIS andaluz, que depende de la Consejer\u00eda de la Presidencia, correspondiente al mes de septiembre de 2025, realizada entre el 15 de septiembre y el 1 de octubre. Justo este \u00faltimo d\u00eda estall\u00f3 la <strong>peor crisis a la que el mandatario del PP se ha enfrentado en casi ocho a\u00f1os de gobierno<\/strong> a cuenta de los errores y retrasos injustificados en el cribado de c\u00e1ncer de mama que han obligado a adoptar un plan de choque y el relevo de su consejera de salud. <\/p>\n<p class=\"voc-p\" style=\"\">El <strong>PP andaluz baja 2,4 puntos respecto a los resultados<\/strong> cosechados en las elecciones auton\u00f3micas de 2022 en las que consigui\u00f3 58 esca\u00f1os en el Parlamento. El bar\u00f3metro le concede entre 54 y 56 esca\u00f1os y el 40,7% de los votos. El umbral de la mayor\u00eda absoluta se encuentra en 55 de los 109 diputados que los andaluces eligen en las urnas. El anterior sondeo, correspondiente al mes de junio, le conced\u00eda al PP entre 55 y 57 esca\u00f1os.<\/p>\n<p class=\"voc-p\" style=\"\">Cuando faltan apenas ocho meses para los pr\u00f3ximos comicios, previstos en la primavera de 2026, el <strong>PSOE, que dirige desde febrero pasado Mar\u00eda Jes\u00fas Montero<\/strong>, remonta levemente y obtendr\u00eda entre 26 y 29 esca\u00f1os, equivalentes al 23,3% de los sufragios, seg\u00fan la encuesta de estimaci\u00f3n de voto del Centra. A pesar de la mejor\u00eda, Montero seguir\u00eda empeorando los 30 esca\u00f1os que su partido, bajo la candidatura del exalcalde de Sevilla Juan Espadas, logr\u00f3 en 2022, su peor marca en la historia en Andaluc\u00eda, donde <strong>gobern\u00f3 casi 37 a\u00f1os de manera ininterrumpida<\/strong>. En el anterior sondeo, el Centra le conced\u00eda al PSOE el 19,8% de los votos y entre 24 y 26 esca\u00f1os. <\/p>\n<p>\nLa derecha aventajar\u00eda en 34 esca\u00f1os al bloque de la izquierda\n<\/p>\n<p class=\"voc-p\" style=\"\">El PP sacar\u00eda 17,4 puntos de ventaja al PSOE 17,4 puntos en el caso de celebrarse ahora elecciones andaluzas. Aun en el caso de que <strong>Juanma Moreno perdiese la mayor\u00eda absoluta en los pr\u00f3ximos comicios,<\/strong> el bloque de la derecha sumar\u00eda m\u00e1s asientos en el Parlamento que el de los grupos de la izquierda. PP y Vox alcanzar\u00edan una horquilla de entre 70 y 74 esca\u00f1os en la C\u00e1mara, mientras que el PSOE, Por Andaluc\u00eda (Sumar) y Adelante Andaluc\u00eda juntar\u00edan 40 en el mejor de los casos, seg\u00fan la encuesta del Centra.<\/p>\n<p class=\"voc-p\" style=\"\"><strong>Vox continuar\u00e1 siendo la tercera fuerza m\u00e1s votada en la comunidad aut\u00f3noma<\/strong>, pero con una subida en estimaci\u00f3n de voto hasta el 15,9% de los sufragios que le conceder\u00edan entre 16 y 18 esca\u00f1os, al sacar 2,4 puntos m\u00e1s que los obtenidos en las \u00faltimas auton\u00f3micas. Supera a la confluencia de izquierdas Por Andaluc\u00eda (Sumar), que aglutina a Podemos, IU y M\u00e1s Pa\u00eds, entre otras fuerzas de izquierdas, que se sit\u00faa en cuarto lugar con el 8% de los sufragios y entre 6 y 8 esca\u00f1os, que se estancar\u00eda en el resultado de junio de 2022, al sumar apenas 0,3 puntos m\u00e1s.<\/p>\n<p class=\"voc-p\" style=\"\"><strong>Adelante Andaluc\u00eda ser\u00eda la quinta candidatura m\u00e1s votada<\/strong> y obtendr\u00eda un 6,4% de los sufragios, logrando 1,8 puntos m\u00e1s que hace tres a\u00f1os, lo que le otorgar\u00eda entre dos y tres esca\u00f1os en el Parlamento. Ninguna otra fuerza entrar\u00eda en al C\u00e1mara auton\u00f3mica.<\/p>\n<p>\nLa crisis del cribado estall\u00f3 el 1 de octubre\n<\/p>\n<p class=\"voc-p\" style=\"\">La encuesta, <strong>basada en 3.600 entrevistas telef\u00f3nicas entre residentes en Andaluc\u00eda mayores de edad<\/strong>, se llev\u00f3 a cabo entre los pasados d\u00edas 15 de septiembre y 1 de octubre. Fue precisamente el primer d\u00eda del mes en curso cuando saltaron las alarmas en el Gobierno andaluz a ra\u00edz de los testimonios de mujeres que apuntaban a que <strong>no hab\u00eda recibido avisos del Servicio Andaluz de Salud (SAS)<\/strong> tras el resultado dudoso que arrojaba la mamograf\u00eda a la que se hab\u00edan sometido en el programa de detecci\u00f3n precoz de esta enfermedad oncol\u00f3gica. <\/p>\n<p class=\"voc-p\" style=\"\">La primera reacci\u00f3n de la consejera de Salud y Consumo, Roc\u00edo Hern\u00e1ndez, que terminar\u00eda presentando su dimisi\u00f3n, fue reducir el problema a \u00abtres o cuatro casos puntuales\u00bb, durante una entrevista ofrecida en la Cadena Ser el 1 de octubre pasado.<strong> El mismo d\u00eda, horas despu\u00e9s, el presidente andaluz, Juanma Moreno, pidi\u00f3 disculpas<\/strong> por los errores en la informaci\u00f3n y citaci\u00f3n de unas 2.000 mujeres con lesiones en su mayor\u00eda benignas, si bien algunas terminaron desarrollando un c\u00e1ncer ante el retraso de la Administraci\u00f3n en su respuesta.<\/p>\n<p class=\"voc-p\" style=\"\">Con posterioridad, la Junta de Andaluc\u00eda ha puesto en marcha un plan de choque que contempla una ampliaci\u00f3n de la plantilla destinada al programa de cribado con la incorporaci\u00f3n de 119 profesionales que trabajar\u00e1n fines de semana y festivos. Se ha marcado como objetivo <strong>someter a las pruebas necesarias ante del 30 de noviembre pr\u00f3ximo<\/strong> todas las mujeres afectadas por los retrasos en los diagn\u00f3sticos.<\/p>\n","protected":false},"excerpt":{"rendered":"El presidente de la Junta de Andaluc\u00eda, Juanma Moreno, ve peligrar por primera vez la mayor\u00eda absoluta obtenida&hellip;\n","protected":false},"author":2,"featured_media":188999,"comment_status":"","ping_status":"","sticky":false,"template":"","format":"standard","meta":{"footnotes":""},"categories":[8],"tags":[17304,17,18,1066,25995,4170,25,24,13,14,11,20482,19,20,4917,30746,1712,9,10,15,16,33471,1078,23,12,21,22,1079],"class_list":{"0":"post-188998","1":"post","2":"type-post","3":"status-publish","4":"format-standard","5":"has-post-thumbnail","7":"category-espana","8":"tag-absoluta","9":"tag-breaking-news","10":"tag-breakingnews","11":"tag-cancer","12":"tag-cribados","13":"tag-crisis","14":"tag-es","15":"tag-espana","16":"tag-featured-news","17":"tag-featurednews","18":"tag-headlines","19":"tag-juanma","20":"tag-latest-news","21":"tag-latestnews","22":"tag-mama","23":"tag-mayoria","24":"tag-moreno","25":"tag-news","26":"tag-noticias","27":"tag-noticias-destacadas","28":"tag-noticiasdestacadas","29":"tag-peligrar","30":"tag-primera","31":"tag-spain","32":"tag-titulares","33":"tag-ultimas-noticias","34":"tag-ultimasnoticias","35":"tag-vez"},"share_on_mastodon":{"url":"https:\/\/pubeurope.com\/@es\/115405726926337988","error":""},"_links":{"self":[{"href":"https:\/\/www.europesays.com\/es\/wp-json\/wp\/v2\/posts\/188998","targetHints":{"allow":["GET"]}}],"collection":[{"href":"https:\/\/www.europesays.com\/es\/wp-json\/wp\/v2\/posts"}],"about":[{"href":"https:\/\/www.europesays.com\/es\/wp-json\/wp\/v2\/types\/post"}],"author":[{"embeddable":true,"href":"https:\/\/www.europesays.com\/es\/wp-json\/wp\/v2\/users\/2"}],"replies":[{"embeddable":true,"href":"https:\/\/www.europesays.com\/es\/wp-json\/wp\/v2\/comments?post=188998"}],"version-history":[{"count":0,"href":"https:\/\/www.europesays.com\/es\/wp-json\/wp\/v2\/posts\/188998\/revisions"}],"wp:featuredmedia":[{"embeddable":true,"href":"https:\/\/www.europesays.com\/es\/wp-json\/wp\/v2\/media\/188999"}],"wp:attachment":[{"href":"https:\/\/www.europesays.com\/es\/wp-json\/wp\/v2\/media?parent=188998"}],"wp:term":[{"taxonomy":"category","embeddable":true,"href":"https:\/\/www.europesays.com\/es\/wp-json\/wp\/v2\/categories?post=188998"},{"taxonomy":"post_tag","embeddable":true,"href":"https:\/\/www.europesays.com\/es\/wp-json\/wp\/v2\/tags?post=188998"}],"curies":[{"name":"wp","href":"https:\/\/api.w.org\/{rel}","templated":true}]}}