{"id":189006,"date":"2025-10-20T09:20:18","date_gmt":"2025-10-20T09:20:18","guid":{"rendered":"https:\/\/www.europesays.com\/es\/189006\/"},"modified":"2025-10-20T09:20:18","modified_gmt":"2025-10-20T09:20:18","slug":"la-marca-de-relojes-tag-heuer-sera-patrocinador-titular-de-la-formula-1-de-madrid","status":"publish","type":"post","link":"https:\/\/www.europesays.com\/es\/189006\/","title":{"rendered":"La marca de relojes TAG Heuer ser\u00e1 patrocinador titular de la F\u00f3rmula 1 de Madrid"},"content":{"rendered":"<p>La marca de relojes de lujo <strong>TAG Heuer<\/strong> se ha hecho con los naming rights del Gran Premio de Espa\u00f1a de <a href=\"https:\/\/www.reasonwhy.es\/noticias-sobre\/deporte\" target=\"_blank\" rel=\"nofollow noopener\"><strong>F\u00f3rmula 1<\/strong><\/a>, que tendr\u00e1 lugar en Madrid entre el 11 y 13 de septiembre de 2026. En este sentido, la compa\u00f1\u00eda suiza, parte del grupo LVMH, ser\u00e1 patrocinador titular de la competici\u00f3n que se celebrar\u00e1 en<strong> <\/strong><a href=\"https:\/\/www.reasonwhy.es\/actualidad\/madring-marca-circuito-formula-1-madrid\" target=\"_blank\" rel=\"nofollow noopener\"><strong>Madring<\/strong><\/a><strong>,<\/strong> el circuito que se est\u00e1 construyendo en la capital alrededor del recinto ferial IFEMA.\u00a0<\/p>\n<p>Con esta iniciativa, la marca extiende su colaboraci\u00f3n con el torneo automovil\u00edstico, ya que en la temporada 2025 ejerci\u00f3 como el cronometrador oficial de este deporte tras un acuerdo global de diez a\u00f1os entre LVMH y la F\u00f3rmula 1.\u00a0<\/p>\n<p>Para dar a conocer el movimiento, el pasado s\u00e1bado 13 de septiembre a las 15h, exactamente a un a\u00f1o vista del comienzo de la carrera, Tag Heuer ha activado <strong>un reloj gigante<\/strong> en una de las salidas de la estaci\u00f3n de metro de Sol, iniciando as\u00ed una cuenta atr\u00e1s de 365 d\u00edas hasta el comienzo del Gran Premio.\u00a0<\/p>\n<p>Para acompa\u00f1ar el anuncio, tambi\u00e9n desarroll\u00f3 una serie de <strong>acciones de street marketing, <\/strong>entre ellas, la instalaci\u00f3n de un casco gigante de la marca Madring en otra de las entradas de metro en la puerta del Sol. Asimismo, tambi\u00e9n llev\u00f3 a cabo una\u00a0<strong> flashmob<\/strong>, protagonizado por un grupo de bailarines vestido de negro, con cascos y mantones de Manila tradicionales.\u00a0<\/p>\n<p>La coreograf\u00eda, con inspiraci\u00f3n espa\u00f1ola, es, seg\u00fan han trasladado los organizadores de la competici\u00f3n, una muestra de la voluntad y ambici\u00f3n del Gran Premio por convertirse en una celebraci\u00f3n en toda la ciudad, y en una invitaci\u00f3n a todo el mundo a vivir la emoci\u00f3n de la F\u00f3rmula 1.\u00a0<\/p>\n<p>Adem\u00e1s, Madring ya ha puesto en marcha una campa\u00f1a de comunicaci\u00f3n para anunciar el inicio de la venta de entradas para el Gran Premio<strong>. \u201cBe the first\u201d, <\/strong>(S\u00e9 el primero) que invita a los aficionados del automovilismo a ser los primeros en hacerse con un ticket para la carrera, ha sido desarrollada por la agencia<strong> Annie Bonnie.\u00a0<\/strong><br \/>Cabe recordar que <a href=\"https:\/\/www.reasonwhy.es\/actualidad\/annie-bonnie-agencia-comunicacion-madring-circuito-formula-1-madrid\" target=\"_blank\" rel=\"nofollow noopener\">Annie Bonnie result\u00f3 adjudicataria<\/a> en mayo del concurso convocado el pasado mes de marzo por IFEMA para asumir los servicios de comunicaci\u00f3n y estrategia digital de Madring.\u00a0<\/p>\n<p>La campa\u00f1a recurre a algunos hitos de la humanidad, como la llegada a la Luna o el descubrimiento de Am\u00e9rica, para se\u00f1alar el regreso de la F\u00f3rmula 1 a Madrid como un acontecimiento hist\u00f3rico. La comunicaci\u00f3n, adem\u00e1s, juega con la propia esencia de la competici\u00f3n, ya que el objetivo de los pilotos es ser los primeros.\u00a0<br \/>Asimismo, la pieza apela a la emoci\u00f3n y al car\u00e1cter pionero de la audiencia, ya que aunque el Gran Premio de Madrid se disputar\u00e1 hasta 2035, s\u00f3lo habra\u0301 una oportunidad de vivir la primera edicio\u0301n.<\/p>\n","protected":false},"excerpt":{"rendered":"La marca de relojes de lujo TAG Heuer se ha hecho con los naming rights del Gran Premio&hellip;\n","protected":false},"author":2,"featured_media":189007,"comment_status":"","ping_status":"","sticky":false,"template":"","format":"standard","meta":{"footnotes":""},"categories":[270],"tags":[168,25,24,306,52990,271,52991,272,12267,52989,52987,52988,23,167,52981,52982,52983,52986,52985,52984],"class_list":{"0":"post-189006","1":"post","2":"type-post","3":"status-publish","4":"format-standard","5":"has-post-thumbnail","7":"category-formula-1","8":"tag-deportes","9":"tag-es","10":"tag-espana","11":"tag-f1","12":"tag-f1-madrid","13":"tag-formula-1","14":"tag-formula-1-madrid","15":"tag-formula1","16":"tag-madring","17":"tag-madring-comunicacion","18":"tag-madring-entradas","19":"tag-madring-marketing","20":"tag-spain","21":"tag-sports","22":"tag-tag-heuer","23":"tag-tag-heuer-f1","24":"tag-tag-heuer-formula-1","25":"tag-tag-heuer-madring","26":"tag-tag-heuer-patrocinador-formula-1","27":"tag-tag-heuer-patrocinio"},"share_on_mastodon":{"url":"https:\/\/pubeurope.com\/@es\/115405758518245816","error":""},"_links":{"self":[{"href":"https:\/\/www.europesays.com\/es\/wp-json\/wp\/v2\/posts\/189006","targetHints":{"allow":["GET"]}}],"collection":[{"href":"https:\/\/www.europesays.com\/es\/wp-json\/wp\/v2\/posts"}],"about":[{"href":"https:\/\/www.europesays.com\/es\/wp-json\/wp\/v2\/types\/post"}],"author":[{"embeddable":true,"href":"https:\/\/www.europesays.com\/es\/wp-json\/wp\/v2\/users\/2"}],"replies":[{"embeddable":true,"href":"https:\/\/www.europesays.com\/es\/wp-json\/wp\/v2\/comments?post=189006"}],"version-history":[{"count":0,"href":"https:\/\/www.europesays.com\/es\/wp-json\/wp\/v2\/posts\/189006\/revisions"}],"wp:featuredmedia":[{"embeddable":true,"href":"https:\/\/www.europesays.com\/es\/wp-json\/wp\/v2\/media\/189007"}],"wp:attachment":[{"href":"https:\/\/www.europesays.com\/es\/wp-json\/wp\/v2\/media?parent=189006"}],"wp:term":[{"taxonomy":"category","embeddable":true,"href":"https:\/\/www.europesays.com\/es\/wp-json\/wp\/v2\/categories?post=189006"},{"taxonomy":"post_tag","embeddable":true,"href":"https:\/\/www.europesays.com\/es\/wp-json\/wp\/v2\/tags?post=189006"}],"curies":[{"name":"wp","href":"https:\/\/api.w.org\/{rel}","templated":true}]}}