{"id":189020,"date":"2025-10-20T09:28:08","date_gmt":"2025-10-20T09:28:08","guid":{"rendered":"https:\/\/www.europesays.com\/es\/189020\/"},"modified":"2025-10-20T09:28:08","modified_gmt":"2025-10-20T09:28:08","slug":"critica-de-la-cena-que-viene-franco","status":"publish","type":"post","link":"https:\/\/www.europesays.com\/es\/189020\/","title":{"rendered":"Cr\u00edtica de &#8216;La cena&#8217;: Que viene Franco"},"content":{"rendered":"<p>Protagoniz\u00f3 una gala de RTVE en el \u00faltimo Zinemaldia esta pel\u00edcula comercial en la que el veterano Manuel G\u00f3mez Pereira mezcla con bastante tino entretenimiento  &#8230; y apunte hist\u00f3rico, comedia y drama.<\/p>\n<p>Valoraci\u00f3n<\/p>\n<p>Datos<\/p>\n<ul class=\"v-u\">\n<li class=\"v-u__l\">\n<p class=\"v-p\">\nDirecci\u00f3n:<br \/>\nManuel G\u00f3mez Pereira\n<\/p>\n<\/li>\n<li class=\"v-u__l\">\n<p class=\"v-p\">\nGuion:<br \/>\nJoaqu\u00edn Oristrell, Yolanda Garc\u00eda Serrano y M. G\u00f3mez Pereira, sobre la obra de Jos\u00e9 Luis Alonso de Santos.\n<\/p>\n<\/li>\n<li class=\"v-u__l\">\n<p class=\"v-p\">\nInt\u00e9rpretes:<br \/>\nMario Casas, Alberto San Juan, Asier Etxeandia.\n<\/p>\n<\/li>\n<li class=\"v-u__l\">\n<p class=\"v-p\">\nM\u00fasica:<br \/>\nAnne-Sophie Versnaeyen. Espa\u00f1a-Francia, 2025.\n<\/p>\n<\/li>\n<li class=\"v-u__l\">\n<p class=\"v-p\">\nCines:<br \/>\nAntiguo Berri, Pr\u00edncipe, Garbera, Urbil, Mendibil.\n<\/p>\n<\/li>\n<li class=\"v-u__l\">\n<p class=\"v-p\">\nDuraci\u00f3n:<br \/>\n106 m.\n<\/p>\n<\/li>\n<\/ul>\n<p class=\"v-p\">Se basa en la obra teatral &#8216;La cena de los generales&#8217; que escribi\u00f3 Alonso de Santos en 1998 pero no se estren\u00f3 hasta una d\u00e9cada despu\u00e9s (con Sancho Gracia en el papel que ahora borda Alberto San Juan). El planteamiento es atractivo: a los d\u00edas de ganar la Guerra Civil, Franco tiene el capricho de celebrarlo con una gran cena en el hotel Palace con sus generales. El maitre del hotel (San Juan) y un teniente (Mario Casas) deben montar esa cena en un d\u00eda de locos porque el gran sal\u00f3n est\u00e1 siendo usado como hospital, los mejores cocineros de Madrid est\u00e1n presos por rojos, los camareros contratados son franquistas&#8230;<\/p>\n<p class=\"v-p\">&#8216;La cena&#8217; se mueve bien entre muchos personajes, siguiendo esa tradici\u00f3n del cine coral espa\u00f1ol, y ofrece a buen ritmo numerosos elementos (porque tambi\u00e9n hay romance, infidelidad, muertos, un plan de fuga&#8230;). El conjunto se coloca un poco por encima de la media del cine comercial espa\u00f1ol, aunque tambi\u00e9n tiene algunas flaquezas. La risa parece a punto de asomar pero nunca estalla. Frente a un tono en general c\u00f3mico-costumbrista, a veces caricaturesco, los momentos de drama resultan extempor\u00e1neos y mal encajados. Da la sensaci\u00f3n de que la pel\u00edcula desaprovecha algunas de sus muchas bazas. Y su Franco es el menos cre\u00edble de los muchos vistos en el cine espa\u00f1ol.<\/p>\n<p class=\"v-p\">Pero en general &#8216;La cena&#8217; se deja ver con agrado y confirma a Alberto San Juan como gran actor (con el papel m\u00e1s rico del conjunto) y a Oscar Lasarte (protagonista de &#8216;\u00bfEs el enemigo? La pel\u00edcula de Gila&#8217;) como el nuevo modelo de chico tierno.<\/p>\n","protected":false},"excerpt":{"rendered":"Protagoniz\u00f3 una gala de RTVE en el \u00faltimo Zinemaldia esta pel\u00edcula comercial en la que el veterano Manuel&hellip;\n","protected":false},"author":2,"featured_media":189021,"comment_status":"","ping_status":"","sticky":false,"template":"","format":"standard","meta":{"footnotes":""},"categories":[169],"tags":[177,146,147,25,24,176,4999,175,23,16591],"class_list":{"0":"post-189020","1":"post","2":"type-post","3":"status-publish","4":"format-standard","5":"has-post-thumbnail","7":"category-cine","8":"tag-cine","9":"tag-entertainment","10":"tag-entretenimiento","11":"tag-es","12":"tag-espana","13":"tag-film","14":"tag-franco","15":"tag-movies","16":"tag-spain","17":"tag-viene"},"share_on_mastodon":{"url":"https:\/\/pubeurope.com\/@es\/115405789865468438","error":""},"_links":{"self":[{"href":"https:\/\/www.europesays.com\/es\/wp-json\/wp\/v2\/posts\/189020","targetHints":{"allow":["GET"]}}],"collection":[{"href":"https:\/\/www.europesays.com\/es\/wp-json\/wp\/v2\/posts"}],"about":[{"href":"https:\/\/www.europesays.com\/es\/wp-json\/wp\/v2\/types\/post"}],"author":[{"embeddable":true,"href":"https:\/\/www.europesays.com\/es\/wp-json\/wp\/v2\/users\/2"}],"replies":[{"embeddable":true,"href":"https:\/\/www.europesays.com\/es\/wp-json\/wp\/v2\/comments?post=189020"}],"version-history":[{"count":0,"href":"https:\/\/www.europesays.com\/es\/wp-json\/wp\/v2\/posts\/189020\/revisions"}],"wp:featuredmedia":[{"embeddable":true,"href":"https:\/\/www.europesays.com\/es\/wp-json\/wp\/v2\/media\/189021"}],"wp:attachment":[{"href":"https:\/\/www.europesays.com\/es\/wp-json\/wp\/v2\/media?parent=189020"}],"wp:term":[{"taxonomy":"category","embeddable":true,"href":"https:\/\/www.europesays.com\/es\/wp-json\/wp\/v2\/categories?post=189020"},{"taxonomy":"post_tag","embeddable":true,"href":"https:\/\/www.europesays.com\/es\/wp-json\/wp\/v2\/tags?post=189020"}],"curies":[{"name":"wp","href":"https:\/\/api.w.org\/{rel}","templated":true}]}}