{"id":189025,"date":"2025-10-20T09:31:11","date_gmt":"2025-10-20T09:31:11","guid":{"rendered":"https:\/\/www.europesays.com\/es\/189025\/"},"modified":"2025-10-20T09:31:11","modified_gmt":"2025-10-20T09:31:11","slug":"juan-del-val-duro-con-los-que-le-atacan-por-haber-ganado-el-premio-planeta-sin-haber-leido-su-novela-son-prejuicios","status":"publish","type":"post","link":"https:\/\/www.europesays.com\/es\/189025\/","title":{"rendered":"Juan del Val, duro con los que le atacan por haber ganado el Premio Planeta sin haber le\u00eddo su novela: \u00abSon prejuicios\u00bb"},"content":{"rendered":"<p style=\"\">Este pasado mi\u00e9rcoles, <strong>Juan del Val<\/strong> se hac\u00eda por sorpresa con el <strong>Premio Planeta 2025<\/strong>, dotado con un mill\u00f3n de euros. El colaborador de <a href=\"https:\/\/www.abc.es\/play\/television\/noticias\/juan-val-20251016215632-nt.html\" title=\"www.abc.es\" data-voc-vtm-id=\"in-text-traffic\" data-mrf-link=\"www.abc.es\" rel=\"nofollow noopener\" target=\"_blank\">&#8216;El Hormiguero&#8217;<\/a>, que se hab\u00eda presentado al galard\u00f3n bajo el seud\u00f3nimo de Elvira Torres, acab\u00f3 haci\u00e9ndose con el  &#8230; prestigioso trofeo literario por <strong>su novela &#8216;Vera, una historia de amor&#8217;<\/strong>, que saldr\u00e1 a la venta el <strong>pr\u00f3ximo 5 de noviembre<\/strong>.<\/p>\n<p class=\"voc-p\" style=\"\">Aunque esta rom\u00e1ntica historia que aborda la emancipaci\u00f3n de una mujer en la alta burgues\u00eda de Sevilla a\u00fan no ha llegado a las librer\u00edas, que esta fuera la seleccionada entre las <strong>1320 propuestas<\/strong> que se hab\u00edan presentado no ha hecho m\u00e1s que levantar asperezas en las redes sociales. Desde que se diera a conocer que el escritor madrile\u00f1o era el vencedor, <strong>las cr\u00edticas en redes sociales no han dejado de sucederse<\/strong>, con muchos usuarios cuestionando la <a href=\"https:\/\/www.abc.es\/recreo\/pedro-ruiz-opina-filtros-sobre-juan-val-20251017095820-nt.html\" title=\"www.abc.es\" data-voc-vtm-id=\"in-text-traffic\" data-mrf-link=\"www.abc.es\" rel=\"nofollow noopener\" target=\"_blank\">legitimidad del premio<\/a>.<\/p>\n<p class=\"voc-p\" style=\"\">No ha ayudado que Del Val sea uno de los grandes rostros <strong>vinculados al grupo Atresmedia<\/strong>, que <a href=\"https:\/\/www.abc.es\/recreo\/juan-val-tajante-acusan-haber-ganado-premio-20251018120000-nt.html\" title=\"www.abc.es\" data-voc-vtm-id=\"in-text-traffic\" data-mrf-link=\"www.abc.es\" rel=\"nofollow noopener\" target=\"_blank\">pertenece al Grupo Planeta<\/a>, encargado de entregar el galard\u00f3n. Lo mismo sucedi\u00f3 hace dos a\u00f1os cuando <strong>Sonsoles \u00d3nega<\/strong>, otra de las grandes presentadoras de Antena 3, se llev\u00f3 el premio, despertando cientos de comentarios negativos.<\/p>\n<p class=\"voc-p\" style=\"\">Este s\u00e1bado el periodista no ha dudado en pronunciarse acerca de las cr\u00edticas que ha recibido desde que se anunci\u00f3 que era el ganador del <strong>prestigioso galard\u00f3n literario<\/strong>. Lo ha hecho durante su aparici\u00f3n habitual de cada fin de semana en <strong>&#8216;La Roca&#8217;<\/strong>, el programa de su mujer, la presentadora Nuria Roca, donde Del Val quiso responder a todos los que han asegurado que <strong>no se merece el trofeo<\/strong>.<\/p>\n<p>\nJuan del Val responde a los que critican que le hayan dado el Premio Planeta sin haber le\u00eddo el libro\n<\/p>\n<p class=\"voc-p\" style=\"\">Preguntado por estos juicios, el madrile\u00f1o ha querido marcar la <strong>diferencia entre \u00ablos &#8216;haters&#8217;\u00bb<\/strong>, que ha afirmado que le dan \u00abexactamente igual\u00bb y que incluso le \u00abreconforta\u00bb, y por otro lado <strong>\u00ablas cr\u00edticas\u00bb<\/strong>. \u00abEsas <strong>las acepto absolutamente todas<\/strong>. Gente que tenga <strong>un criterio para hablar de una novela<\/strong>, o hablar de m\u00ed como personaje, <strong>me parece fenomenal<\/strong>\u00bb, ha diferenciado el presentador, dejando claro que admite todo tipo de comentarios acerca de su labor como escritor.<\/p>\n<p class=\"voc-p\" style=\"\">El problema, expone Juan del Val, viene cuando la gente habla sin tener criterio absoluto, como en el caso del galard\u00f3n que se le entreg\u00f3 el pasado mi\u00e9rcoles. \u00abMe llama la atenci\u00f3n que la gente no tenga ni siquiera la noci\u00f3n de lo que es el Premio Planeta. <strong>No se puede cuestionar un Premio Planeta que se da a una novela cuando la novela no ha salido<\/strong>\u00bb, ha aseverado el periodista, que no publicar\u00e1 su libro hasta el pr\u00f3ximo mes de noviembre.<\/p>\n<p class=\"voc-p\" style=\"\">\u00abEl otro d\u00eda vi una encuesta en un peri\u00f3dico que era <strong>&#8216;\u00bfcrees que Juan del Val se merece el Premio Planeta?&#8217;<\/strong>&#8230; Hombre, <strong>dilo el d\u00eda 5 de noviembre, que es cuando sale &#8216;Vera, una historia de amor&#8217;<\/strong>\u00bb, ha pedido el escritor a los cr\u00edticos. \u00abA partir de ah\u00ed se puede decir &#8216;joder, vaya desastre de novela&#8217;, &#8216;qu\u00e9 pedazo de novela&#8217;, &#8216;me parece muy merecido&#8217;, &#8216;me parece completamente inmerecido&#8217;&#8230; y fenomenal. A partir de ah\u00ed, <strong>todo lo dem\u00e1s son prejuicios<\/strong>\u00bb, ha lamentado el colaborador de &#8216;El Hormiguero&#8217; ante su esposa.<\/p>\n<p class=\"voc-p\" style=\"\">El tertuliano de La Sexta tambi\u00e9n ha contestado a todos aquellos que han asegurado que se ha llevado el premio por trabajar en Atresmedia, perteneciente al Grupo Planeta. \u00abRespecto al tema de <strong>si trabajo en Antena 3<\/strong>, pues qu\u00e9 quieres que te diga&#8230; Es evidente que yo llevo siete novelas publicadas, <strong>las novelas han ido muy bien cuando sal\u00eda menos en la tele o no sal\u00eda<\/strong>, han ido muy bien cuando ha salido despu\u00e9s en la tele. Tengo una base de lectores que me siguen por lo que escribo\u00bb, ha recordado el novelista.<\/p>\n<blockquote class=\"twitter-tweet\">\n<p lang=\"es\" dir=\"ltr\">Juan Del Val sobre las cr\u00edticas tras haberse llevado el Premio Planeta:<\/p>\n<p>\ud83d\udde3\ufe0f\u00bbNo se puede cuestionar un Premio Planeta que se da a una novela cuando la novela no ha salido\u00bb<\/p>\n<p>Por cierto, el d\u00eda 05 de noviembre su novela ver\u00e1 la luz y podr\u00e1 encontrarse ya a la venta.<a href=\"https:\/\/twitter.com\/hashtag\/LaRoca167?src=hash&amp;ref_src=twsrc%5Etfw\" rel=\"nofollow noopener\" target=\"_blank\">#LaRoca167<\/a> <a href=\"https:\/\/t.co\/LrqF8nOqq2\" rel=\"nofollow\">pic.twitter.com\/LrqF8nOqq2<\/a><\/p>\n<p>\u2014 La Roca (@LaRocaLaSexta) <a href=\"https:\/\/twitter.com\/LaRocaLaSexta\/status\/1979833130669523310?ref_src=twsrc%5Etfw\" rel=\"nofollow noopener\" target=\"_blank\">October 19, 2025<\/a><\/p><\/blockquote>\n<p class=\"voc-p\" style=\"\">\u00abPara m\u00ed lo que es este premio es una oportunidad sideral, la mejor oportunidad que puede existir, <strong>para llegar a gente con lo que yo escribo<\/strong>. Porque evidentemente estamos hablando de una repercusi\u00f3n que no tiene nada que ver con ninguna otra cosa. <strong>Las cr\u00edticas las acepto todas, pero hombre, vamos a esperar a leer la novela<\/strong>\u00bb, ha solicitado.<\/p>\n<p>\nJuan del Val, sobre si el Premio Planeta es su mejor novela hasta el momento\n<\/p>\n<p class=\"voc-p\" style=\"\">En cuanto a si &#8216;Vera, una historia de amor&#8217; es <strong>la mejor novela que ha publicado<\/strong> hasta ahora, Juan del Val ha sido claro: \u00ab<strong>Sin duda, pero no es una cosa que diga porque tenga que decir<\/strong>\u00bb, ha recordado en el programa, haciendo referencia a dos de sus obras anteriores. <\/p>\n<p class=\"voc-p\" style=\"\">\u00abYo tengo dos novelas que son distintas en cuanto a emociones: una se llama &#8216;Delpara\u00edso&#8217;, que es m\u00e1s literaria sin ninguna duda; y otra se llama &#8216;Candela&#8217;, que es m\u00e1s emocional. Y esta <strong>tiene mucha mezcla de las dos, o sea soy yo en estado en estado puro<\/strong>. Soy yo escribiendo absolutamente\u00bb, ha sentenciado el escritor al hablar de su pr\u00f3ximo y esperado lanzamiento.<\/p>\n<p><script async src=\"https:\/\/platform.twitter.com\/widgets.js\" charset=\"utf-8\"><\/script><\/p>\n","protected":false},"excerpt":{"rendered":"Este pasado mi\u00e9rcoles, Juan del Val se hac\u00eda por sorpresa con el Premio Planeta 2025, dotado con un&hellip;\n","protected":false},"author":2,"featured_media":189026,"comment_status":"","ping_status":"","sticky":false,"template":"","format":"standard","meta":{"footnotes":""},"categories":[91],"tags":[23191,2562,146,147,25,24,1487,6633,409,9996,1645,5635,52993,843,23,32693],"class_list":{"0":"post-189025","1":"post","2":"type-post","3":"status-publish","4":"format-standard","5":"has-post-thumbnail","7":"category-entretenimiento","8":"tag-atacan","9":"tag-duro","10":"tag-entertainment","11":"tag-entretenimiento","12":"tag-es","13":"tag-espana","14":"tag-ganado","15":"tag-haber","16":"tag-juan","17":"tag-leido","18":"tag-novela","19":"tag-planeta","20":"tag-prejuicios","21":"tag-premio","22":"tag-spain","23":"tag-val"},"share_on_mastodon":{"url":"https:\/\/pubeurope.com\/@es\/115405801739512276","error":""},"_links":{"self":[{"href":"https:\/\/www.europesays.com\/es\/wp-json\/wp\/v2\/posts\/189025","targetHints":{"allow":["GET"]}}],"collection":[{"href":"https:\/\/www.europesays.com\/es\/wp-json\/wp\/v2\/posts"}],"about":[{"href":"https:\/\/www.europesays.com\/es\/wp-json\/wp\/v2\/types\/post"}],"author":[{"embeddable":true,"href":"https:\/\/www.europesays.com\/es\/wp-json\/wp\/v2\/users\/2"}],"replies":[{"embeddable":true,"href":"https:\/\/www.europesays.com\/es\/wp-json\/wp\/v2\/comments?post=189025"}],"version-history":[{"count":0,"href":"https:\/\/www.europesays.com\/es\/wp-json\/wp\/v2\/posts\/189025\/revisions"}],"wp:featuredmedia":[{"embeddable":true,"href":"https:\/\/www.europesays.com\/es\/wp-json\/wp\/v2\/media\/189026"}],"wp:attachment":[{"href":"https:\/\/www.europesays.com\/es\/wp-json\/wp\/v2\/media?parent=189025"}],"wp:term":[{"taxonomy":"category","embeddable":true,"href":"https:\/\/www.europesays.com\/es\/wp-json\/wp\/v2\/categories?post=189025"},{"taxonomy":"post_tag","embeddable":true,"href":"https:\/\/www.europesays.com\/es\/wp-json\/wp\/v2\/tags?post=189025"}],"curies":[{"name":"wp","href":"https:\/\/api.w.org\/{rel}","templated":true}]}}