{"id":189027,"date":"2025-10-20T09:32:08","date_gmt":"2025-10-20T09:32:08","guid":{"rendered":"https:\/\/www.europesays.com\/es\/189027\/"},"modified":"2025-10-20T09:32:08","modified_gmt":"2025-10-20T09:32:08","slug":"fuffi-el-movil-que-se-parece-demasiado-al-iphone-17-que-vale-70-euros","status":"publish","type":"post","link":"https:\/\/www.europesays.com\/es\/189027\/","title":{"rendered":"Fuffi, el m\u00f3vil que se parece \u00abdemasiado\u00bb al iPhone 17 que vale 70 euros"},"content":{"rendered":"<p data-start=\"85\" data-end=\"382\">El mercado de los <strong data-start=\"103\" data-end=\"131\">smartphones de imitaci\u00f3n<\/strong> vuelve a sorprender con un nuevo modelo que ha llamado la atenci\u00f3n por su parecido con el buque insignia de Apple. Se trata del <strong data-start=\"260\" data-end=\"277\">FUFFi-M17 Pro<\/strong>, un tel\u00e9fono que cuesta apenas <strong data-start=\"309\" data-end=\"324\">69,99 euros<\/strong> y que, a simple vista, <strong data-start=\"348\" data-end=\"379\">parece un iPhone 17 Pro Max<\/strong>.<\/p>\n<p data-start=\"384\" data-end=\"662\">Su dise\u00f1o replica casi cada detalle del modelo de Apple: el <strong data-start=\"444\" data-end=\"488\">m\u00f3dulo de c\u00e1mara trasera con tres lentes<\/strong>, los <strong data-start=\"494\" data-end=\"516\">bordes redondeados<\/strong>, el <strong data-start=\"521\" data-end=\"551\">acabado met\u00e1lico brillante<\/strong> y hasta el <strong data-start=\"563\" data-end=\"577\">color rojo<\/strong> caracter\u00edstico que la marca de Cupertino lanz\u00f3 en una de sus ediciones especiales.<\/p>\n<p><strong data-start=\"673\" data-end=\"712\">Un clon est\u00e9tico con alma econ\u00f3mica<\/strong><\/p>\n<p data-start=\"716\" data-end=\"1226\">Aunque su aspecto puede enga\u00f1ar a m\u00e1s de uno, el <strong data-start=\"765\" data-end=\"782\">FUFFi-M17 Pro<\/strong> es, en realidad, un <strong data-start=\"803\" data-end=\"830\">smartphone de gama baja<\/strong> con especificaciones muy modestas.<br data-start=\"865\" data-end=\"868\"\/><br \/>\nCuenta con una <strong data-start=\"883\" data-end=\"912\">pantalla de 6,56 pulgadas<\/strong>, <strong data-start=\"914\" data-end=\"929\">3 GB de RAM<\/strong> y <strong data-start=\"932\" data-end=\"967\">32 GB de almacenamiento interno<\/strong>, ampliables mediante tarjeta microSD.<br data-start=\"1005\" data-end=\"1008\"\/><br \/>\nSu <strong data-start=\"1011\" data-end=\"1035\">procesador Quad Core<\/strong>, junto con una <strong data-start=\"1051\" data-end=\"1075\">bater\u00eda de 3.100 mAh<\/strong>, permite un rendimiento b\u00e1sico, suficiente para llamadas, redes sociales y mensajer\u00eda, pero lejos de la potencia o fluidez de un m\u00f3vil de alta gama.<\/p>\n<p data-start=\"1228\" data-end=\"1560\">En el apartado fotogr\u00e1fico, el dispositivo ofrece una <strong data-start=\"1282\" data-end=\"1326\">c\u00e1mara trasera dual de 2 + 2 megap\u00edxeles<\/strong> y una c\u00e1mara frontal sencilla, pensadas para capturas espor\u00e1dicas m\u00e1s que para fotograf\u00eda avanzada.<br data-start=\"1426\" data-end=\"1429\"\/><br \/>\nFunciona con <strong data-start=\"1442\" data-end=\"1458\">Android 10.0<\/strong>, admite <strong data-start=\"1467\" data-end=\"1479\">Dual SIM<\/strong> y conectividad <strong data-start=\"1495\" data-end=\"1501\">4G<\/strong>, lo que lo hace compatible con la mayor\u00eda de operadoras.<\/p>\n<p><strong data-start=\"1571\" data-end=\"1614\">Una copia que roza la perfecci\u00f3n visual<\/strong><\/p>\n<p data-start=\"1618\" data-end=\"1913\">Lo m\u00e1s llamativo del FUFFi-M17 Pro no son sus prestaciones, sino su <strong data-start=\"1686\" data-end=\"1736\">similitud casi exacta con el iPhone 17 Pro Max<\/strong>.<br data-start=\"1737\" data-end=\"1740\"\/><br \/>\nDesde la disposici\u00f3n de los sensores de c\u00e1mara hasta la tipograf\u00eda del logotipo y el color elegido, <strong data-start=\"1840\" data-end=\"1910\">todo parece calculado para imitar el aspecto del tel\u00e9fono de Apple<\/strong>.<\/p>\n<p data-start=\"1915\" data-end=\"2291\">El modelo en <strong data-start=\"1928\" data-end=\"1945\">rojo met\u00e1lico<\/strong>, en particular, ha generado revuelo en redes sociales por lo fiel que resulta a la versi\u00f3n premium del iPhone, pero a una fracci\u00f3n de su precio.<br data-start=\"2090\" data-end=\"2093\"\/><br \/>\nMientras el terminal de Apple supera con facilidad los <strong data-start=\"2148\" data-end=\"2163\">1.400 euros<\/strong>, el FUFFi-M17 Pro se vende por <strong data-start=\"2195\" data-end=\"2216\">menos de 70 euros<\/strong>, una diferencia que deja claro su enfoque: <strong data-start=\"2260\" data-end=\"2288\">aparentar lujo sin serlo<\/strong>.<\/p>\n<p><strong data-start=\"2302\" data-end=\"2363\">Una opci\u00f3n para quien busca est\u00e9tica sin gastar demasiado<\/strong><\/p>\n<p data-start=\"2367\" data-end=\"2621\">El FUFFi-M17 Pro se dirige a un p\u00fablico que prioriza el <strong data-start=\"2423\" data-end=\"2449\">dise\u00f1o y la apariencia<\/strong> sobre las prestaciones t\u00e9cnicas.<br data-start=\"2482\" data-end=\"2485\"\/><br \/>\nNo es un m\u00f3vil para juegos ni para fotograf\u00eda profesional, pero s\u00ed para quien desea <strong data-start=\"2569\" data-end=\"2605\">un tel\u00e9fono con estilo \u201cpremium\u201d<\/strong> a bajo coste.<\/p>\n<p data-start=\"2623\" data-end=\"2790\">Eso s\u00ed, al tratarse de un <strong data-start=\"2649\" data-end=\"2696\">smartphone gen\u00e9rico de procedencia asi\u00e1tica<\/strong>, conviene recordar que su soporte t\u00e9cnico, actualizaciones y garant\u00eda pueden ser limitados.<\/p>\n<p data-start=\"2797\" data-end=\"3144\" data-is-last-node=\"\" data-is-only-node=\"\">Por <strong data-start=\"2801\" data-end=\"2816\">69,99 euros<\/strong>, el FUFFi-M17 Pro demuestra que la imitaci\u00f3n sigue siendo un negocio rentable. Su parecido con el <strong data-start=\"2915\" data-end=\"2936\">iPhone 17 Pro Max<\/strong> es tan evidente que cuesta distinguirlos a simple vista \u2014una prueba m\u00e1s de c\u00f3mo los fabricantes low-cost siguen desafiando a las grandes marcas con dise\u00f1os que, aunque copiados, <strong data-start=\"3115\" data-end=\"3143\">conquistan por el precio<\/strong>.<\/p>\n","protected":false},"excerpt":{"rendered":"El mercado de los smartphones de imitaci\u00f3n vuelve a sorprender con un nuevo modelo que ha llamado la&hellip;\n","protected":false},"author":2,"featured_media":189028,"comment_status":"","ping_status":"","sticky":false,"template":"","format":"standard","meta":{"footnotes":""},"categories":[81],"tags":[119,123,124,25,24,2822,117,121,122,23,118,120],"class_list":{"0":"post-189027","1":"post","2":"type-post","3":"status-publish","4":"format-standard","5":"has-post-thumbnail","7":"category-ciencia-y-tecnologia","8":"tag-ciencia","9":"tag-ciencia-y-tecnologia","10":"tag-cienciaytecnologia","11":"tag-es","12":"tag-espana","13":"tag-iphone","14":"tag-science","15":"tag-science-and-technology","16":"tag-scienceandtechnology","17":"tag-spain","18":"tag-technology","19":"tag-tecnologia"},"share_on_mastodon":{"url":"https:\/\/pubeurope.com\/@es\/115405805635349804","error":""},"_links":{"self":[{"href":"https:\/\/www.europesays.com\/es\/wp-json\/wp\/v2\/posts\/189027","targetHints":{"allow":["GET"]}}],"collection":[{"href":"https:\/\/www.europesays.com\/es\/wp-json\/wp\/v2\/posts"}],"about":[{"href":"https:\/\/www.europesays.com\/es\/wp-json\/wp\/v2\/types\/post"}],"author":[{"embeddable":true,"href":"https:\/\/www.europesays.com\/es\/wp-json\/wp\/v2\/users\/2"}],"replies":[{"embeddable":true,"href":"https:\/\/www.europesays.com\/es\/wp-json\/wp\/v2\/comments?post=189027"}],"version-history":[{"count":0,"href":"https:\/\/www.europesays.com\/es\/wp-json\/wp\/v2\/posts\/189027\/revisions"}],"wp:featuredmedia":[{"embeddable":true,"href":"https:\/\/www.europesays.com\/es\/wp-json\/wp\/v2\/media\/189028"}],"wp:attachment":[{"href":"https:\/\/www.europesays.com\/es\/wp-json\/wp\/v2\/media?parent=189027"}],"wp:term":[{"taxonomy":"category","embeddable":true,"href":"https:\/\/www.europesays.com\/es\/wp-json\/wp\/v2\/categories?post=189027"},{"taxonomy":"post_tag","embeddable":true,"href":"https:\/\/www.europesays.com\/es\/wp-json\/wp\/v2\/tags?post=189027"}],"curies":[{"name":"wp","href":"https:\/\/api.w.org\/{rel}","templated":true}]}}