{"id":189039,"date":"2025-10-20T09:38:08","date_gmt":"2025-10-20T09:38:08","guid":{"rendered":"https:\/\/www.europesays.com\/es\/189039\/"},"modified":"2025-10-20T09:38:08","modified_gmt":"2025-10-20T09:38:08","slug":"premios-tauromaquia-andalucia-la-junta-prepara-una-estrategia-para-blindar-la-fiesta-de-los-toros-y-convoca-la-tercera-edicion-de-los-premios-andalucia-de-la-tauromaquia","status":"publish","type":"post","link":"https:\/\/www.europesays.com\/es\/189039\/","title":{"rendered":"PREMIOS TAUROMAQUIA ANDALUC\u00cdA | La Junta prepara una estrategia para blindar \u00abla fiesta de los toros\u00bb y convoca la tercera edici\u00f3n de los Premios Andaluc\u00eda de la Tauromaquia"},"content":{"rendered":"<p class=\"ft-text\">El consejero de Sanidad, Presidencia y Emergencias, <a class=\"ft-link ft-link--decoration\" href=\"https:\/\/www.elcorreoweb.es\/tags\/antonio-sanz\/\" rel=\"nofollow noopener\" target=\"_blank\">Antonio Sanz<\/a>, ha anunciado que<a class=\"ft-link ft-link--decoration\" href=\"https:\/\/www.elcorreoweb.es\/tags\/boja\/\" rel=\"nofollow noopener\" target=\"_blank\"> el Bolet\u00edn Oficial de la Junta de Andaluc\u00eda (BOJA)<\/a> ha publicado este lunes la convocatoria de la tercera edici\u00f3n de los <a class=\"ft-link ft-link--decoration\" href=\"https:\/\/www.elcorreoweb.es\/tags\/tauromaquia\/\" rel=\"nofollow noopener\" target=\"_blank\">Premios Andaluc\u00eda de la Tauromaquia<\/a>, con el objetivo de <strong>\u00abreconocer la labor meritoria de personas, entidades e instituciones que contribuyen a la difusi\u00f3n, defensa y promoci\u00f3n de la cultura taurina\u00bb.<\/strong><\/p>\n<p class=\"ft-text\">Seg\u00fan ha informado la Junta en una nota, las candidaturas podr\u00e1n ser presentadas por personas f\u00edsicas o entidades p\u00fablicas y privadas vinculadas con la tauromaquia, mediante exposici\u00f3n razonada y documentaci\u00f3n acreditativa. <strong>El plazo de presentaci\u00f3n ser\u00e1 de un mes a partir del d\u00eda siguiente a la publicaci\u00f3n de la orden en el BOJA.<\/strong><\/p>\n<p>Defensa a la tauromaquia<\/p>\n<p class=\"ft-text\">Sanz, que ha realizado el anuncio en la previa de la final de la Liga Nacional de Novilladas, celebrada en Sanl\u00facar de Barrameda (C\u00e1diz), ha destacado que <strong>\u00abAndaluc\u00eda ha sido, es y ser\u00e1 taurina, y el Gobierno de la Junta apostar\u00e1 siempre por ella\u00bb<\/strong>. Y ha puesto como prueba de ello la entrega de estos premios que finalmente sali\u00f3 vencedor el catal\u00e1n Mario Vilau.<\/p>\n<p class=\"ft-text\">El consejero ha defendido que<strong> \u00abla tauromaquia es tradici\u00f3n, cultura, espect\u00e1culo y tambi\u00e9n turismo y econom\u00eda y, en ning\u00fan caso es irrelevante, como dijo el ministro Urtasun\u00bb<\/strong>. Adem\u00e1s, ha incidido en que \u00abel mundo del toro es un motor econ\u00f3mico, pues miles de personas viven gracias a la tauromaquia y a los servicios que genera, adem\u00e1s de ser un foco de atracci\u00f3n tur\u00edstica para beneficio de hoteles y restaurantes\u00bb.<\/p>\n<p>Los premios se entregar\u00e1n en 2026<\/p>\n<p class=\"ft-text\">Estos galardones, de car\u00e1cter exclusivamente honor\u00edfico y que se entregar\u00e1n en el primer trimestre del pr\u00f3ximo a\u00f1o, se conceden anualmente en cuatro modalidades: <strong>Premio Costillares a la carrera profesional taurina, Premio Veragua a la ganader\u00eda de reses bravas, Premio Hemingway a la divulgaci\u00f3n art\u00edstica y Premio Puerta Grande a la promoci\u00f3n de la fiesta.<\/strong><\/p>\n<p class=\"ft-text\">El jurado estar\u00e1 presidido por el propio consejero de la Presidencia y contar\u00e1 con una composici\u00f3n equilibrada en t\u00e9rminos de g\u00e9nero, conforme a la normativa vigente. <strong>Los premios se entregar\u00e1n en un acto p\u00fablico y solemne<\/strong>, y podr\u00e1n ser declarados desiertos si as\u00ed lo propone el jurado.<\/p>\n<p class=\"ft-text\">En la anterior edici\u00f3n de 2024<a class=\"ft-link ft-link--decoration\" href=\"https:\/\/www.elcorreoweb.es\/cultura\/2025\/03\/26\/cordobes-roca-rey-recogen-premios-115696615.html\" target=\"_blank\" rel=\"nofollow noopener\"> los galardones fueron concedidos a Manuel Ben\u00edtez &#8216;El Cordob\u00e9s&#8217;, a la ganader\u00eda de Juan Pedro Domecq, a Albert Serra y Andr\u00e9s Roca Rey,<\/a> a Juan del Val y la Real Uni\u00f3n de Criadores de Toros de Lidia recibi\u00f3 una menci\u00f3n especial. En la primera edici\u00f3n de 2023 fueron distinguidos Curro Romero, la ganader\u00eda Miura, Morante de la Puebla, Fernando Savater y la Universidad de C\u00f3rdoba recibi\u00f3 una menci\u00f3n especial.<\/p>\n<p>Nuevo plan para blindar la tauromaquia<\/p>\n<p class=\"ft-text\">Asimismo, el consejero ha declarado que la Junta de Andaluc\u00eda va a llevar a Consejo de Gobierno en las pr\u00f3ximas semanas<strong> la puesta en marcha de la primera estrategia Andaluc\u00eda de Tauromaquia que va a servir para \u00abblindar, defender, proteger, promocionar y tambi\u00e9n respaldar\u00bb<\/strong> la fiesta de los toros en la comunidad andaluza, ante la iniciativa pol\u00edtica presentada por la \u00abizquierda radical\u00bb que pretende, a su juicio \u00abromper con la libertad y romper con el respeto al derecho a que puedan desarrollarse los toros y la promoci\u00f3n de la tauromaquia, que es parte de nuestra cultura y es parte de nuestra arte\u00bb.<\/p>\n<p class=\"ft-text\"><strong>\u00abSe ha pretendido hacer un atentado a la cultura, porque un atentado a la tauromaquia es un atentado a la cultura espa\u00f1ola<\/strong>, a una de las m\u00e1ximas difusiones de nuestra cultura, by nosotros vamos a responder a esa iniciativa que finalmente, por una abstenci\u00f3n final del Partido Socialista, no ha salido, pero que nos preocupa\u00bb, ha expuesto Sanz.<\/p>\n","protected":false},"excerpt":{"rendered":"El consejero de Sanidad, Presidencia y Emergencias, Antonio Sanz, ha anunciado que el Bolet\u00edn Oficial de la Junta&hellip;\n","protected":false},"author":2,"featured_media":189040,"comment_status":"","ping_status":"","sticky":false,"template":"","format":"standard","meta":{"footnotes":""},"categories":[277],"tags":[259,47803,373,168,25,24,1090,2328,2024,4931,5936,23,167,625,374],"class_list":{"0":"post-189039","1":"post","2":"type-post","3":"status-publish","4":"format-standard","5":"has-post-thumbnail","7":"category-toreo","8":"tag-andalucia","9":"tag-blindar","10":"tag-bullfighting","11":"tag-deportes","12":"tag-es","13":"tag-espana","14":"tag-estrategia","15":"tag-fiesta","16":"tag-junta","17":"tag-junta-de-andalucia","18":"tag-prepara","19":"tag-spain","20":"tag-sports","21":"tag-tauromaquia","22":"tag-toreo"},"share_on_mastodon":{"url":"https:\/\/pubeurope.com\/@es\/115405829108549144","error":""},"_links":{"self":[{"href":"https:\/\/www.europesays.com\/es\/wp-json\/wp\/v2\/posts\/189039","targetHints":{"allow":["GET"]}}],"collection":[{"href":"https:\/\/www.europesays.com\/es\/wp-json\/wp\/v2\/posts"}],"about":[{"href":"https:\/\/www.europesays.com\/es\/wp-json\/wp\/v2\/types\/post"}],"author":[{"embeddable":true,"href":"https:\/\/www.europesays.com\/es\/wp-json\/wp\/v2\/users\/2"}],"replies":[{"embeddable":true,"href":"https:\/\/www.europesays.com\/es\/wp-json\/wp\/v2\/comments?post=189039"}],"version-history":[{"count":0,"href":"https:\/\/www.europesays.com\/es\/wp-json\/wp\/v2\/posts\/189039\/revisions"}],"wp:featuredmedia":[{"embeddable":true,"href":"https:\/\/www.europesays.com\/es\/wp-json\/wp\/v2\/media\/189040"}],"wp:attachment":[{"href":"https:\/\/www.europesays.com\/es\/wp-json\/wp\/v2\/media?parent=189039"}],"wp:term":[{"taxonomy":"category","embeddable":true,"href":"https:\/\/www.europesays.com\/es\/wp-json\/wp\/v2\/categories?post=189039"},{"taxonomy":"post_tag","embeddable":true,"href":"https:\/\/www.europesays.com\/es\/wp-json\/wp\/v2\/tags?post=189039"}],"curies":[{"name":"wp","href":"https:\/\/api.w.org\/{rel}","templated":true}]}}