{"id":189046,"date":"2025-10-20T09:44:10","date_gmt":"2025-10-20T09:44:10","guid":{"rendered":"https:\/\/www.europesays.com\/es\/189046\/"},"modified":"2025-10-20T09:44:10","modified_gmt":"2025-10-20T09:44:10","slug":"el-ucam-murcia-prepara-las-maletas-en-la-fiba-europe-cup","status":"publish","type":"post","link":"https:\/\/www.europesays.com\/es\/189046\/","title":{"rendered":"El UCAM Murcia prepara las maletas en la FIBA Europe Cup"},"content":{"rendered":"<p class=\"ft-text\"><strong>El <\/strong><a class=\"ft-link ft-link--decoration\" href=\"https:\/\/www.laopiniondemurcia.es\/tags\/ucam-murcia-cb.html\" rel=\"nofollow noopener\" target=\"_blank\"><strong>UCAM Murcia CB<\/strong><\/a><strong> apenas tiene tiempo de digerir su primera derrota del curso en la Liga Endesa. Y es que, tras caer el pasado s\u00e1bado ante <\/strong><a class=\"ft-link ft-link--decoration\" href=\"https:\/\/www.laopiniondemurcia.es\/deportes\/2025\/10\/18\/directo-laguna-tenerife-ucam-murcia-122762862.html\" rel=\"nofollow noopener\" target=\"_blank\">La Laguna Tenerife (96-80),<\/a> el conjunto universitario tuvo que poner rumbo a Bosnia y Herzegovina para afrontar ma\u00f1ana (19.30 horas, Popular TV) su primera salida en la FIBA Europe Cup. <strong>Ser\u00e1 una semana larga para los de Sito <\/strong><a class=\"ft-link ft-link--decoration\" href=\"https:\/\/formula1.lne.es\/fernando-alonso\/\" rel=\"nofollow noopener\" target=\"_blank\"><strong>Alonso<\/strong><\/a><strong> al tener que compaginar el doble <\/strong><a class=\"ft-link ft-link--decoration\" href=\"https:\/\/www.sport.es\/es\/motor\/moto-gp\/calendario\/\" target=\"_blank\" rel=\"nofollow noopener\"><strong>calendario<\/strong><\/a><strong> con los viajes de ambas competiciones, pero es algo a lo que deber\u00e1 habituarse pr\u00e1cticamente en este mes. <\/strong><\/p>\n<p class=\"ft-text\">Porque el partido ante el KK Bosna BH Telecom ser\u00e1 el primero de los tres consecutivos a domicilio que afrontar\u00e1 el UCAM lejos de la capital del Segura en la FIBA Europe Cup. Es decir, despu\u00e9s de superar al Rilski Sportist b\u00falgaro en el Palacio en la jornada inaugural, ahora se medir\u00e1 al conjunto bosnio y al Start Lublin polaco a domicilio para cerrar la primera vuelta de la fase regular de la segunda competici\u00f3n de la Federaci\u00f3n Internacional de <a class=\"ft-link ft-link--decoration\" href=\"https:\/\/www.laopiniondemurcia.es\/tags\/baloncesto\/\" rel=\"nofollow noopener\" target=\"_blank\">Baloncesto<\/a>. <strong> Despu\u00e9s de eso, iniciar\u00e1 la segunda vuelta con su segundo duelo ante el Rilski Sportist, lo que le obligar\u00e1 a viajar a Bulgaria, y despu\u00e9s cerrar\u00e1 en el Palacio esta fase de grupos con dos encuentros consecutivos en Murcia. <\/strong><\/p>\n<p class=\"ft-text\">Uno de los aspectos ser\u00e1 ver c\u00f3mo gestiona las convocatorias Sito Alonso en estos pr\u00f3ximos encuentros, especialmente fuera de casa, de la competici\u00f3n europea. El entrenador universitario ya avis\u00f3 de que iba a realizar rotaciones, por lo que cada jornada alg\u00fan jugador llamado a ser importante podr\u00eda quedarse sin minutos e incluso fuera de la convocatoria con la intenci\u00f3n de llegar frescos a la competici\u00f3n dom\u00e9stica en el fin de semana.<strong> Ya ante el Rilski se quedaron fuera Cacok, Sant-Roos y Nakic, por lo que habr\u00e1 que ver cu\u00e1l es la f\u00f3rmula del entrenador universitario para ma\u00f1ana en Bosnia. Y es que, al tener que introducir cinco jugadores con ficha de cupo de formaci\u00f3n en la convocatoria, los que s\u00ed que pueden estar para el encuentro ante el KK Bosna ser\u00e1n Dani Garc\u00eda y Rub\u00e9n L\u00f3pez de la Torre,<\/strong> dos jugadores a desempe\u00f1ar un papel fundamental en esta fase de grupos de la FIBA Europe Cup y que ya tuvieron minutos importantes precisamente el pasado mi\u00e9rcoles ante el Rilski b\u00falgaro.<\/p>\n<p class=\"ft-text\">El UCAM regresar\u00e1 de Bosnia el mi\u00e9rcoles y deber\u00e1 cambiar de nuevo el chip para recibir al Baskonia en el Palacio este domingo (12.30 horas, DAZN) en su vuelta a casa en la ACB despu\u00e9s de dos partidos consecutivos a domicilio en la Liga Endesa. Deber\u00e1 tener las maletas preparadas, <strong>porque despu\u00e9s deber\u00e1 partir hacia Polonia para medirse el mi\u00e9rcoles 29, a las 18.30 horas (Popular TV) al Start Lublin, rival al que ya venci\u00f3 en el primer partido de la fase de <\/strong><a class=\"ft-link ft-link--decoration\" href=\"https:\/\/www.sport.es\/es\/motor\/moto-gp\/clasificacion\/\" rel=\"nofollow noopener\" target=\"_blank\"><strong>clasificaci\u00f3n<\/strong><\/a><strong> para la Champions League el pasado septiembre. <\/strong><\/p>\n<p class=\"ft-text\">Su vuelta a Murcia el jueves ser\u00e1 por unos d\u00edas, ya que ese domingo 2 de noviembre, deber\u00e1 medirse al Bar\u00e7a en el Palau Blaugrana en la ACB (17.00 horas, DAZN). <strong>Y desde ah\u00ed poner rumbo a Bulgaria, de nuevo a la ciudad de Samokov, donde se disput\u00f3 la fase de clasificaci\u00f3n de la BCL,<\/strong> para medirse al Rilski Sportist el martes 4 de noviembre a las 17.30 horas.<\/p>\n<p class=\"ft-text\">A partir de ah\u00ed el UCAM Murcia no saldr\u00e1 mucho de casa, puesto que coincidir\u00e1 sus dos partidos consecutivos en el Palacio de la FIBA Europe Cup <strong>para cerrar la fase regular con otros dos seguidos en casa en la Liga Endesa para medirse al BAXI Manresa y R\u00edo Breog\u00e1n. <\/strong>Todo eso entre el 8 y el 19 de noviembre.<\/p>\n","protected":false},"excerpt":{"rendered":"El UCAM Murcia CB apenas tiene tiempo de digerir su primera derrota del curso en la Liga Endesa.&hellip;\n","protected":false},"author":2,"featured_media":189047,"comment_status":"","ping_status":"","sticky":false,"template":"","format":"standard","meta":{"footnotes":""},"categories":[269],"tags":[299,298,16198,385,4842,168,2917,25,24,13863,21344,1478,5936,23,167,9413,3918,1402],"class_list":{"0":"post-189046","1":"post","2":"type-post","3":"status-publish","4":"format-standard","5":"has-post-thumbnail","7":"category-baloncesto","8":"tag-baloncesto","9":"tag-basketball","10":"tag-bosnia","11":"tag-casa","12":"tag-competicion","13":"tag-deportes","14":"tag-endesa","15":"tag-es","16":"tag-espana","17":"tag-fiba","18":"tag-maletas","19":"tag-murcia","20":"tag-prepara","21":"tag-spain","22":"tag-sports","23":"tag-ucam","24":"tag-ucam-murcia","25":"tag-ucam-murcia-cb"},"share_on_mastodon":{"url":"https:\/\/pubeurope.com\/@es\/115405852741283894","error":""},"_links":{"self":[{"href":"https:\/\/www.europesays.com\/es\/wp-json\/wp\/v2\/posts\/189046","targetHints":{"allow":["GET"]}}],"collection":[{"href":"https:\/\/www.europesays.com\/es\/wp-json\/wp\/v2\/posts"}],"about":[{"href":"https:\/\/www.europesays.com\/es\/wp-json\/wp\/v2\/types\/post"}],"author":[{"embeddable":true,"href":"https:\/\/www.europesays.com\/es\/wp-json\/wp\/v2\/users\/2"}],"replies":[{"embeddable":true,"href":"https:\/\/www.europesays.com\/es\/wp-json\/wp\/v2\/comments?post=189046"}],"version-history":[{"count":0,"href":"https:\/\/www.europesays.com\/es\/wp-json\/wp\/v2\/posts\/189046\/revisions"}],"wp:featuredmedia":[{"embeddable":true,"href":"https:\/\/www.europesays.com\/es\/wp-json\/wp\/v2\/media\/189047"}],"wp:attachment":[{"href":"https:\/\/www.europesays.com\/es\/wp-json\/wp\/v2\/media?parent=189046"}],"wp:term":[{"taxonomy":"category","embeddable":true,"href":"https:\/\/www.europesays.com\/es\/wp-json\/wp\/v2\/categories?post=189046"},{"taxonomy":"post_tag","embeddable":true,"href":"https:\/\/www.europesays.com\/es\/wp-json\/wp\/v2\/tags?post=189046"}],"curies":[{"name":"wp","href":"https:\/\/api.w.org\/{rel}","templated":true}]}}