{"id":189066,"date":"2025-10-20T09:55:09","date_gmt":"2025-10-20T09:55:09","guid":{"rendered":"https:\/\/www.europesays.com\/es\/189066\/"},"modified":"2025-10-20T09:55:09","modified_gmt":"2025-10-20T09:55:09","slug":"la-nasa-confirma-que-el-agujero-negro-sagitario-a-de-la-via-lactea-despertara-tras-una-colision-galactica","status":"publish","type":"post","link":"https:\/\/www.europesays.com\/es\/189066\/","title":{"rendered":"La NASA confirma que el agujero negro Sagitario A* de la V\u00eda L\u00e1ctea despertar\u00e1 tras una colisi\u00f3n gal\u00e1ctica"},"content":{"rendered":"<p data-start=\"939\" data-end=\"1306\" style=\"text-align: justify;\">Cient\u00edficos de la <strong data-start=\"1039\" data-end=\"1047\">NASA<\/strong> y de la <strong data-start=\"1056\" data-end=\"1095\">Universidad de Durham (Reino Unido)<\/strong> confirmaron que el <strong data-start=\"1115\" data-end=\"1144\">agujero negro Sagitario A<\/strong>* \u2014con una masa cuatro millones de veces superior a la del Sol\u2014 podr\u00eda <strong data-start=\"1215\" data-end=\"1237\">volver a activarse<\/strong> en el futuro, liberando enormes cantidades de radiaci\u00f3n y materia.<\/p>\n<p data-start=\"1308\" data-end=\"1739\" style=\"text-align: justify;\">El fen\u00f3meno ocurrir\u00e1 cuando la <strong data-start=\"1339\" data-end=\"1353\">V\u00eda L\u00e1ctea<\/strong> colisione con la <strong data-start=\"1371\" data-end=\"1430\">Gran Nube de Magallanes (LMC, por sus siglas en ingl\u00e9s)<\/strong>, una galaxia enana que actualmente se encuentra a <strong data-start=\"1481\" data-end=\"1514\">200.000 a\u00f1os luz de distancia<\/strong>. La interacci\u00f3n gravitatoria entre ambas galaxias <strong data-start=\"1565\" data-end=\"1625\">alimentar\u00e1 el agujero negro con gas y polvo interestelar<\/strong>, reactivando su n\u00facleo y convirti\u00e9ndolo en lo que los astr\u00f3nomos llaman un <strong data-start=\"1701\" data-end=\"1736\">\u201cn\u00facleo gal\u00e1ctico activo\u201d (AGN)<\/strong>.<\/p>\n<p data-start=\"1741\" data-end=\"2182\" style=\"text-align: justify;\">De acuerdo con el profesor <strong data-start=\"1768\" data-end=\"1784\">Carlos Frenk<\/strong>, uno de los astrof\u00edsicos que particip\u00f3 en el estudio publicado en Monthly Notices of the Royal Astronomical Society, esta fase \u201cno ser\u00e1 peligrosa para la vida en la Tierra, pero s\u00ed transformar\u00e1 por completo la apariencia de nuestra galaxia\u201d. Durante este proceso, <strong data-start=\"2051\" data-end=\"2066\">Sagitario A<\/strong>* podr\u00eda emitir chorros de radiaci\u00f3n equivalentes a millones de soles, visibles incluso m\u00e1s all\u00e1 de la V\u00eda L\u00e1ctea.<\/p>\n<p data-start=\"2184\" data-end=\"2685\" style=\"text-align: justify;\">A pesar del dramatismo del anuncio, la <strong data-start=\"2223\" data-end=\"2231\">NASA<\/strong> aclar\u00f3 que no existe <strong data-start=\"2253\" data-end=\"2280\">ning\u00fan riesgo inmediato<\/strong>. La colisi\u00f3n y el consiguiente \u201cdespertar\u201d se producir\u00e1n dentro de unos <strong data-start=\"2353\" data-end=\"2379\">2.000 millones de a\u00f1os<\/strong>, cuando el sistema solar probablemente ya haya cambiado por completo su estructura. \u201cEs un evento inevitable, pero extremadamente lejano. Lo fascinante es que ahora tenemos la capacidad de preverlo con modelos cada vez m\u00e1s precisos\u201d, explic\u00f3 la astrof\u00edsica <strong data-start=\"2637\" data-end=\"2651\">Jane Rigby<\/strong>, del Centro Goddard de la NASA.<\/p>\n<p data-start=\"2687\" data-end=\"2998\" style=\"text-align: justify;\">El <strong data-start=\"2690\" data-end=\"2709\">telescopio IXPE<\/strong> de la agencia espacial ya hab\u00eda detectado indicios de actividad pasada en el coraz\u00f3n gal\u00e1ctico: hace apenas <strong data-start=\"2818\" data-end=\"2830\">200 a\u00f1os<\/strong>, Sagitario A* habr\u00eda liberado una peque\u00f1a erupci\u00f3n de rayos X, una especie de <strong data-start=\"2909\" data-end=\"2930\">\u201clatido residual\u201d<\/strong> que demostr\u00f3 que el monstruo dormido a\u00fan conserva signos de vida.<\/p>\n<p data-start=\"3000\" data-end=\"3375\" style=\"text-align: justify;\">El investigador <strong data-start=\"3016\" data-end=\"3032\">Joseph Lazio<\/strong>, del Jet Propulsion Laboratory (JPL), explic\u00f3 en declaraciones a Scientific American que los agujeros negros no permanecen inactivos para siempre: \u201cCuando una galaxia vecina se aproxima, el flujo de gas cambia, y ese combustible es lo que despierta al agujero negro. Es como si, tras millones de a\u00f1os de quietud, volviera a tener hambre.\u201d<\/p>\n<p data-start=\"3377\" data-end=\"3768\" style=\"text-align: justify;\">Adem\u00e1s de su papel destructivo, los agujeros negros son <strong data-start=\"3433\" data-end=\"3481\">esenciales para la evoluci\u00f3n de las galaxias<\/strong>. Funcionan como \u201canclas gravitacionales\u201d que mantienen unidas las estructuras estelares y regulan la formaci\u00f3n de nuevas estrellas. Su intensa gravedad distorsiona el <strong data-start=\"3649\" data-end=\"3667\">espacio-tiempo<\/strong>, provocando fen\u00f3menos como los <strong data-start=\"3699\" data-end=\"3723\">chorros relativistas<\/strong>, visibles con telescopios de alta energ\u00eda.<\/p>\n<p data-start=\"3770\" data-end=\"4080\" style=\"text-align: justify;\">Los expertos destacan que el estudio de Sagitario A* y su futuro \u201cdespertar\u201d ayudar\u00e1 a comprender <strong data-start=\"3868\" data-end=\"3933\">c\u00f3mo los agujeros negros moldean la arquitectura del universo<\/strong>. \u201cCada uno de estos eventos nos ense\u00f1a sobre el equilibrio entre destrucci\u00f3n y creaci\u00f3n, las dos fuerzas que sostienen el cosmos\u201d, se\u00f1al\u00f3 Frenk.<\/p>\n<p data-start=\"4082\" data-end=\"4404\" style=\"text-align: justify;\">Mientras tanto, la NASA contin\u00faa observando la regi\u00f3n central de la V\u00eda L\u00e1ctea con telescopios como el <strong data-start=\"4185\" data-end=\"4199\">James Webb<\/strong> y el <strong data-start=\"4205\" data-end=\"4232\">Event Horizon Telescope<\/strong>, que en 2022 ofreci\u00f3 la primera imagen directa de Sagitario A*. Estas observaciones permiten anticipar los procesos que alg\u00fan d\u00eda transformar\u00e1n la galaxia que habitamos.<\/p>\n","protected":false},"excerpt":{"rendered":"Cient\u00edficos de la NASA y de la Universidad de Durham (Reino Unido) confirmaron que el agujero negro Sagitario&hellip;\n","protected":false},"author":2,"featured_media":189067,"comment_status":"","ping_status":"","sticky":false,"template":"","format":"standard","meta":{"footnotes":""},"categories":[81],"tags":[37381,3830,119,123,124,25,24,642,117,121,122,23,118,120,25292],"class_list":{"0":"post-189066","1":"post","2":"type-post","3":"status-publish","4":"format-standard","5":"has-post-thumbnail","7":"category-ciencia-y-tecnologia","8":"tag-agujero-negro","9":"tag-alerta","10":"tag-ciencia","11":"tag-ciencia-y-tecnologia","12":"tag-cienciaytecnologia","13":"tag-es","14":"tag-espana","15":"tag-nasa","16":"tag-science","17":"tag-science-and-technology","18":"tag-scienceandtechnology","19":"tag-spain","20":"tag-technology","21":"tag-tecnologia","22":"tag-via-lactea"},"share_on_mastodon":{"url":"https:\/\/pubeurope.com\/@es\/115405896236233672","error":""},"_links":{"self":[{"href":"https:\/\/www.europesays.com\/es\/wp-json\/wp\/v2\/posts\/189066","targetHints":{"allow":["GET"]}}],"collection":[{"href":"https:\/\/www.europesays.com\/es\/wp-json\/wp\/v2\/posts"}],"about":[{"href":"https:\/\/www.europesays.com\/es\/wp-json\/wp\/v2\/types\/post"}],"author":[{"embeddable":true,"href":"https:\/\/www.europesays.com\/es\/wp-json\/wp\/v2\/users\/2"}],"replies":[{"embeddable":true,"href":"https:\/\/www.europesays.com\/es\/wp-json\/wp\/v2\/comments?post=189066"}],"version-history":[{"count":0,"href":"https:\/\/www.europesays.com\/es\/wp-json\/wp\/v2\/posts\/189066\/revisions"}],"wp:featuredmedia":[{"embeddable":true,"href":"https:\/\/www.europesays.com\/es\/wp-json\/wp\/v2\/media\/189067"}],"wp:attachment":[{"href":"https:\/\/www.europesays.com\/es\/wp-json\/wp\/v2\/media?parent=189066"}],"wp:term":[{"taxonomy":"category","embeddable":true,"href":"https:\/\/www.europesays.com\/es\/wp-json\/wp\/v2\/categories?post=189066"},{"taxonomy":"post_tag","embeddable":true,"href":"https:\/\/www.europesays.com\/es\/wp-json\/wp\/v2\/tags?post=189066"}],"curies":[{"name":"wp","href":"https:\/\/api.w.org\/{rel}","templated":true}]}}