{"id":189088,"date":"2025-10-20T10:09:08","date_gmt":"2025-10-20T10:09:08","guid":{"rendered":"https:\/\/www.europesays.com\/es\/189088\/"},"modified":"2025-10-20T10:09:08","modified_gmt":"2025-10-20T10:09:08","slug":"se-ira-comprendiendo-con-el-tiempo","status":"publish","type":"post","link":"https:\/\/www.europesays.com\/es\/189088\/","title":{"rendered":"Se ir\u00e1 comprendiendo con el tiempo"},"content":{"rendered":"<p class=\"c-paragraph\"><b\/>Todo apuntaba a que <b>The Smashing Machine<\/b> har\u00eda carrera en los Oscar. La separaci\u00f3n de<b> Josh y Benny Safdie<\/b> hab\u00eda sacudido a la cinefilia, pero la primera pel\u00edcula que dirig\u00eda Benny en solitario (mientras Josh se pon\u00eda con <b>Marty Supreme<\/b>) fue muy bien recibida en el <b>Festival de Venecia<\/b>. Safdie quiso la vida del luchador <b>Mark Kerr<\/b>, escogiendo a <b>Dwayne Johnson<\/b> para el papel en lo que pod\u00eda ser un gran giro para la carrera de quien llam\u00e1bamos<b> The Rock<\/b> desde sus tiempos en la lucha libre.<\/p>\n<p class=\"c-paragraph\">Y todo pareci\u00f3 salir bien. Las cr\u00edticas de The Smashing Machine fueron estupendas y por si fuera poco Safdie gan\u00f3 el<b> Le\u00f3n de Plata a Mejor direcci\u00f3n<\/b>, con lo que de pronto su biopic se hall\u00f3 en todas las quinielas.<\/p>\n<p class=\"c-paragraph\">Sobre todo empez\u00f3 a barruntarse una nominaci\u00f3n al <b>Oscar<\/b> para The Rock, pero para eso The Smashing Machine primero deb\u00eda ser apreciada por el p\u00fablico. Y no es lo que ha sucedido. La pel\u00edcula de Safdie (que no cosech\u00f3 tanto entusiasmo fuera de Venecia) se ha hundido en taquilla, habiendo recaudado<b> solo 10 millones de d\u00f3lares <\/b>frente a un presupuesto de 50 millones. No parece que la cosa se vaya a enderezar pr\u00f3ximamente.<\/p>\n<p class=\"c-paragraph\">As\u00ed que <b>Christopher Nolan <\/b>ha querido subirle la moral a Benny Safdie. A fin de cuentas ya han trabajado juntos antes: Safdie tuvo un papel secundario en <b>Oppenheimer<\/b>, y de hecho fue gracias a alternar con<b> Emily Blunt <\/b>en este exitos\u00edsimo biopic (que le dio el<b> Oscar a Mejor direcci\u00f3n<\/b> a Nolan), que luego quiso ficharla como pareja de Mark Kerr en The Smashing Machine. Safdie y Nolan han tenido una conversaci\u00f3n en el podcast <a href=\"https:\/\/open.spotify.com\/episode\/1zLDPriFYSEKKSsUP6xV1G\" rel=\"nofollow noreferrer noopener\" target=\"_blank\">The Director\u2019s Cut<\/a>, donde el responsable de Oppenheimer ha resultado ser un gran admirador de The Smashing Machine.<\/p>\n<p class=\"c-paragraph\">En concreto, de la actuaci\u00f3n de The Rock. \u201cCreo que es<b> una interpretaci\u00f3n incre\u00edble<\/b>. No creo que vea una interpretaci\u00f3n mejor este a\u00f1o ni en la mayor\u00eda de los dem\u00e1s a\u00f1os\u201d, asegura Nolan. No han querido profundizar en el fracaso de The Smashing Machine, pero el director de Oppenheimer est\u00e1 convencido de que al final hallar\u00e1 su p\u00fablico.<\/p>\n<p class=\"c-paragraph\">\u00bfPodr\u00eda ser un t\u00edtulo de culto: \u201cEs <b>una obra realmente notable y radical<\/b> que se ir\u00e1 entendiendo m\u00e1s con el tiempo. Estoy muy orgulloso de conocerte\u201d. Lo malo es que Nolan parece dar a entender que, lo que es ahora, las opciones oscarizables del film son m\u00ednimas.<\/p>\n","protected":false},"excerpt":{"rendered":"Todo apuntaba a que The Smashing Machine har\u00eda carrera en los Oscar. La separaci\u00f3n de Josh y Benny&hellip;\n","protected":false},"author":2,"featured_media":189089,"comment_status":"","ping_status":"","sticky":false,"template":"","format":"standard","meta":{"footnotes":""},"categories":[174],"tags":[4641,19788,255,16008,146,147,25,24,256,14202,23,3498],"class_list":{"0":"post-189088","1":"post","2":"type-post","3":"status-publish","4":"format-standard","5":"has-post-thumbnail","7":"category-famosos","8":"tag-actuacion","9":"tag-alaba","10":"tag-celebrities","11":"tag-christopher","12":"tag-entertainment","13":"tag-entretenimiento","14":"tag-es","15":"tag-espana","16":"tag-famosos","17":"tag-nolan","18":"tag-spain","19":"tag-the"},"share_on_mastodon":{"url":"https:\/\/pubeurope.com\/@es\/115405951155171094","error":""},"_links":{"self":[{"href":"https:\/\/www.europesays.com\/es\/wp-json\/wp\/v2\/posts\/189088","targetHints":{"allow":["GET"]}}],"collection":[{"href":"https:\/\/www.europesays.com\/es\/wp-json\/wp\/v2\/posts"}],"about":[{"href":"https:\/\/www.europesays.com\/es\/wp-json\/wp\/v2\/types\/post"}],"author":[{"embeddable":true,"href":"https:\/\/www.europesays.com\/es\/wp-json\/wp\/v2\/users\/2"}],"replies":[{"embeddable":true,"href":"https:\/\/www.europesays.com\/es\/wp-json\/wp\/v2\/comments?post=189088"}],"version-history":[{"count":0,"href":"https:\/\/www.europesays.com\/es\/wp-json\/wp\/v2\/posts\/189088\/revisions"}],"wp:featuredmedia":[{"embeddable":true,"href":"https:\/\/www.europesays.com\/es\/wp-json\/wp\/v2\/media\/189089"}],"wp:attachment":[{"href":"https:\/\/www.europesays.com\/es\/wp-json\/wp\/v2\/media?parent=189088"}],"wp:term":[{"taxonomy":"category","embeddable":true,"href":"https:\/\/www.europesays.com\/es\/wp-json\/wp\/v2\/categories?post=189088"},{"taxonomy":"post_tag","embeddable":true,"href":"https:\/\/www.europesays.com\/es\/wp-json\/wp\/v2\/tags?post=189088"}],"curies":[{"name":"wp","href":"https:\/\/api.w.org\/{rel}","templated":true}]}}