{"id":189106,"date":"2025-10-20T10:20:08","date_gmt":"2025-10-20T10:20:08","guid":{"rendered":"https:\/\/www.europesays.com\/es\/189106\/"},"modified":"2025-10-20T10:20:08","modified_gmt":"2025-10-20T10:20:08","slug":"el-centrista-rodrigo-paz-nacido-en-galicia-gana-la-segunda-vuelta-y-sera-el-nuevo-presidente-de-bolivia-la-voz-de-galicia","status":"publish","type":"post","link":"https:\/\/www.europesays.com\/es\/189106\/","title":{"rendered":"El centrista Rodrigo Paz, nacido en Galicia, gana la segunda vuelta y ser\u00e1 el nuevo presidente de Bolivia &#8211; La Voz de Galicia"},"content":{"rendered":"<ol>\n<li><a href=\"https:\/\/news.google.com\/rss\/articles\/CBMiiAJBVV95cUxPWFRnS1hUUFN3MXdCVUFNYkJKMnRkcTNwRUd3Ty10eGxEQXhhUEdsVnJGSnJKa0g5TV9TS3VTVlRzcDEwalZkbmMyYkp1bVV4RGhhamhMQ3lJS0w2eFlvcHdZZ25jcC1tVDRxQ1EySnNUcjh5UVotNnZBLWVKLXJ5OEdRQWdQbmpOWFEyUktuVTk5QTBzZ0VzMS1fUUEyeElQTTFQYmlSYmcwQnJIRDQ4alFHQ3BRSlV3cXVWSWNPdlZuZjZqdVp4eFY2LWh1UVhHN1pTbUJBUkttaEIzaVFJcVBjN1FqVEZuSGppbVhLT2JEQzlOWTRTaXlXbGVJZk5LUWp6d3l2M0_SAaQCQVVfeXFMTkU4M1VHcE1WQjZJOGx3SVdLMjRWdmRyUmlfMkVDdWgtM0hkVmlBOVpHbS1jaC1VRlF0dzd5YTM5cFRfcE9wdTFHN2ROLUxuUmx3WWltWW83TmdvcEpqWDVkRGsxb3IxTlpVeGpOeVptV05kMGV6bndWSUNzTmZCa1JaNkV2UmVsS3ExdWlyQjlKZzVId094d3Z4cnZwZFdkSEFxdXgyT0VaQ19UUVNTMXFlWFdLaWotei1FV0VKZHBwa01hRHdJcXdNVmMzZnlsSTFFVkpQd2tNY21sc3BIV0dyeFNPUkQxb3N3bUtOT3JuVEpkUUo3MG14REZTemZRd05JMktkb1NEVmhLVTlQYk5wYzhDUE9LMnBnWjN5VEtIdmhMYg?oc=5\" target=\"_blank\" rel=\"nofollow noopener\">El centrista Rodrigo Paz, nacido en Galicia, gana la segunda vuelta y ser\u00e1 el nuevo presidente de Bolivia<\/a>&nbsp;&nbsp;La Voz de Galicia<\/li>\n<li><a href=\"https:\/\/news.google.com\/rss\/articles\/CBMi0wFBVV95cUxPeVlGSEc2Q2RBWHdKaGtkcTh6bnh2bHlwbXp4elJYaG1JUkpydnFzRklocWhXdmdtSTJiaVFMVXJ4czFRdVJNMlZZNDRlTnFraVNmR1VMOEIxaVM5Znc0TkhYaG80SVA3b3dkNXNfU2dHUXpyMTBFMm1JdTFCbG1ybDlacXl4a3RXUzdXUGxzcmx4RGRHWVRacFRWUTF0d1lqVS0zd3U0QlRKVlVmSTRqVEJaMjBVM09xeXFWNnRHQW5qYnZkUl9MMWYxSXNidS1WdWhv0gHYAUFVX3lxTE1KLUNubWFZZlVzM2FHdGY2d1pCa3BDQXo4UTJhSnR3TDZldnJqamFGNDhpaUdoaUlvaElfSldZeFFSZUNINjBpMnpKUXpWakthY2RjclR6TDZROVVhcVBfNjdkYU1odlNyM3MwbG10VS1YVTRacGpKMHU5MExmcmd5blVqdkpkTEFWU3lFek1TOXpBcThiOWJnYS1fYUNUNGFmS3BUZ01sYnNQOGZxZ3NvQ3JjRG5iWnhSdTVBbjVfLW52c3lVaGtNTzBNMngyRk9oQmE2YU84ag?oc=5\" target=\"_blank\" rel=\"nofollow noopener\">El Gobierno felicita a Rodrigo Paz por su victoria en las elecciones de Bolivia<\/a>&nbsp;&nbsp;La Vanguardia<\/li>\n<li><a href=\"https:\/\/news.google.com\/rss\/articles\/CBMipAFBVV95cUxOcUhzdEhNUnY0Y3VXV2pzRkpqb0FTRDhBNklPWTJYa2ZROEp0NlM1Y0tQNEtNcmlZQW9JRFAtM1lzemRoYWN2Y0c2blpyY1h3S05XVVFDSjN4ZlMzVWwtNHRvUGtTNzdRMUtQQ1Z4aGJrTVFiWmZmdlZLbkwxM2kxZXEwOFBfT1VpUWVDemZrWHpsYXljbzIwQUdxS2VPckI1TGZMatIBqgFBVV95cUxPRU9PMklQaEhiZVZCREY0UHBVTmlzQmhOTXd2ZGNxWUs3WkdUa25WV3BraHk2a1VDclpVSjRTdW40VTFCdmhjVjNveHJhUVNUWG4tZC1vMnRaSFlaN2twVXAyUmVuYjJQU0N0WC13SFk3R3RFZ3U3Q0V4TGV2aUQ5TWVUNEJxSkRYbTVSVGVwZHpidEtZalgtekdHRE5EaGRldHk2VldCbHBqQQ?oc=5\" target=\"_blank\" rel=\"nofollow noopener\">Rodrigo Paz gana las elecciones presidenciales de Bolivia y desbanca a la izquierda<\/a>&nbsp;&nbsp;El Confidencial<\/li>\n<li><a href=\"https:\/\/news.google.com\/rss\/articles\/CBMi_gFBVV95cUxQSjlydzF3bjBwWHNvTFZHTWc2dDVEMG9QcmRhcC02QmE4REh4emZkRnpWcnliOVN0N0pHMjdYZmpmT0tZZTFXUmllWkZidlo3bmt2ek13TFlpeGpZeTY5OEZaeDVDbExjdzlVc3pIZ01PQlJiWFAtWUJ5VmpYTlBjczAzcDRkQTZhVUdTV0t6dVQxdFJncUFTSGk4djBzQmhpbTl1aElGZGpUcDN4N2JtZUxldzlveEl5bzlLR01uWmQ5UjhUbXRONGtBdWdZUnNBcDBsRC1zWkFyOTRuRHp4ek1fSGxWTlpVbWZfdlo5Tl9MZ1lmVS1tNTdHbjRWUQ?oc=5\" target=\"_blank\" rel=\"nofollow noopener\">Cr\u00f3nica internacional &#8211; Rodrigo Paz, candidato del Partido Dem\u00f3crata Cristiano, ser\u00e1 el nuevo presidente de Bolivia.<\/a>&nbsp;&nbsp;RTVE.es<\/li>\n<li><a href=\"https:\/\/news.google.com\/rss\/articles\/CBMiqAFBVV95cUxPOUctdGZnVURUQVQ4M2NYSDVrLWhtSlRmUHJNMlhzcWphU29vLVNwMThIaFBvWWI0R1ZuWDUwYmRuX3hFbW1fMzNOaTNVMHFoMkM3RjZZZEVKQmZJVHkxQVFPMW90R1RXTDc5RnJiV01kckpTS1o5ZUpKNDdvVF94RDJod1NUQVlTT0xBZU5DYjYwdmM2R2FIc2VQMUZPTmtUVjkxdUxXNXI?oc=5\" target=\"_blank\" rel=\"nofollow noopener\">El TSE desmiente manipulaci\u00f3n del sistema de conteo tras protestas opositoras<\/a>&nbsp;&nbsp;ABC<\/li>\n<\/ol>\n","protected":false},"excerpt":{"rendered":"El centrista Rodrigo Paz, nacido en Galicia, gana la segunda vuelta y ser\u00e1 el nuevo presidente de Bolivia&nbsp;&nbsp;La&hellip;\n","protected":false},"author":2,"featured_media":189107,"comment_status":"","ping_status":"","sticky":false,"template":"","format":"standard","meta":{"footnotes":""},"categories":[42],"tags":[8997,17,18,13,14,11,61,62,63,64,19,20,9,10,15,16,12,21,22,65,66,67],"class_list":{"0":"post-189106","1":"post","2":"type-post","3":"status-publish","4":"format-standard","5":"has-post-thumbnail","7":"category-internacional","8":"tag-bolivia","9":"tag-breaking-news","10":"tag-breakingnews","11":"tag-featured-news","12":"tag-featurednews","13":"tag-headlines","14":"tag-internacional","15":"tag-international","16":"tag-international-news","17":"tag-internationalnews","18":"tag-latest-news","19":"tag-latestnews","20":"tag-news","21":"tag-noticias","22":"tag-noticias-destacadas","23":"tag-noticiasdestacadas","24":"tag-titulares","25":"tag-ultimas-noticias","26":"tag-ultimasnoticias","27":"tag-world","28":"tag-world-news","29":"tag-worldnews"},"share_on_mastodon":{"url":"","error":""},"_links":{"self":[{"href":"https:\/\/www.europesays.com\/es\/wp-json\/wp\/v2\/posts\/189106","targetHints":{"allow":["GET"]}}],"collection":[{"href":"https:\/\/www.europesays.com\/es\/wp-json\/wp\/v2\/posts"}],"about":[{"href":"https:\/\/www.europesays.com\/es\/wp-json\/wp\/v2\/types\/post"}],"author":[{"embeddable":true,"href":"https:\/\/www.europesays.com\/es\/wp-json\/wp\/v2\/users\/2"}],"replies":[{"embeddable":true,"href":"https:\/\/www.europesays.com\/es\/wp-json\/wp\/v2\/comments?post=189106"}],"version-history":[{"count":0,"href":"https:\/\/www.europesays.com\/es\/wp-json\/wp\/v2\/posts\/189106\/revisions"}],"wp:featuredmedia":[{"embeddable":true,"href":"https:\/\/www.europesays.com\/es\/wp-json\/wp\/v2\/media\/189107"}],"wp:attachment":[{"href":"https:\/\/www.europesays.com\/es\/wp-json\/wp\/v2\/media?parent=189106"}],"wp:term":[{"taxonomy":"category","embeddable":true,"href":"https:\/\/www.europesays.com\/es\/wp-json\/wp\/v2\/categories?post=189106"},{"taxonomy":"post_tag","embeddable":true,"href":"https:\/\/www.europesays.com\/es\/wp-json\/wp\/v2\/tags?post=189106"}],"curies":[{"name":"wp","href":"https:\/\/api.w.org\/{rel}","templated":true}]}}