{"id":189114,"date":"2025-10-20T10:24:09","date_gmt":"2025-10-20T10:24:09","guid":{"rendered":"https:\/\/www.europesays.com\/es\/189114\/"},"modified":"2025-10-20T10:24:09","modified_gmt":"2025-10-20T10:24:09","slug":"premios-de-beziers-avance-taurino","status":"publish","type":"post","link":"https:\/\/www.europesays.com\/es\/189114\/","title":{"rendered":"Premios de Beziers \u2013 Avance Taurino"},"content":{"rendered":"<p>La ciudad francesa de B\u00e9ziers celebr\u00f3 su tradicional gala taurina de entrega de trofeos, en la que se reconoci\u00f3 a los triunfadores de su feria de agosto. <\/p>\n<p>\u00a0<\/p>\n<p>En un ambiente de gran afici\u00f3n y emoci\u00f3n, el acto reuni\u00f3 a toreros, ganaderos, pe\u00f1as y representantes de los distintos clubes taurinos de la regi\u00f3n. El gran protagonista de la noche fue Christian Parejo, que se alz\u00f3 con dos galardones: el de Triunfador de la Feria, otorgado por la Federaci\u00f3n de Clubes Taurinos de B\u00e9ziers, y el de Mejor Joven, concedido por el Club Taurino de la Juventud de B\u00e9ziers.<\/p>\n<p>El premio a la Mejor Faena recay\u00f3 en Borja Jim\u00e9nez, mientras que el reconocimiento al Mejor Banderillero fue para Marco Leal. La ganader\u00eda de Jandilla fue distinguida con el trofeo al Mejor Lote de Toros, y el t\u00edtulo de Mejor Toro fue para \u201cAlambisco\u201d, de Pedraza de Yeltes, premiado por el Cercle Taurin Biterrois.<\/p>\n<p>El Tastevin de Plata correspondi\u00f3 a Aar\u00f3n Palacio, y la ganader\u00eda de La Paluna fue reconocida con el galard\u00f3n al Mejor Lote de Novillos. Finalmente, Clovis Germainrecibi\u00f3 el premio al Mejor Novillero en estado puro, otorgado por el Club Taurino de Monteblanco.<\/p>\n<p>\u00a0<\/p>\n","protected":false},"excerpt":{"rendered":"La ciudad francesa de B\u00e9ziers celebr\u00f3 su tradicional gala taurina de entrega de trofeos, en la que se&hellip;\n","protected":false},"author":2,"featured_media":189115,"comment_status":"","ping_status":"","sticky":false,"template":"","format":"standard","meta":{"footnotes":""},"categories":[277],"tags":[373,168,25,24,23,167,374],"class_list":{"0":"post-189114","1":"post","2":"type-post","3":"status-publish","4":"format-standard","5":"has-post-thumbnail","7":"category-toreo","8":"tag-bullfighting","9":"tag-deportes","10":"tag-es","11":"tag-espana","12":"tag-spain","13":"tag-sports","14":"tag-toreo"},"share_on_mastodon":{"url":"https:\/\/pubeurope.com\/@es\/115406010004654031","error":""},"_links":{"self":[{"href":"https:\/\/www.europesays.com\/es\/wp-json\/wp\/v2\/posts\/189114","targetHints":{"allow":["GET"]}}],"collection":[{"href":"https:\/\/www.europesays.com\/es\/wp-json\/wp\/v2\/posts"}],"about":[{"href":"https:\/\/www.europesays.com\/es\/wp-json\/wp\/v2\/types\/post"}],"author":[{"embeddable":true,"href":"https:\/\/www.europesays.com\/es\/wp-json\/wp\/v2\/users\/2"}],"replies":[{"embeddable":true,"href":"https:\/\/www.europesays.com\/es\/wp-json\/wp\/v2\/comments?post=189114"}],"version-history":[{"count":0,"href":"https:\/\/www.europesays.com\/es\/wp-json\/wp\/v2\/posts\/189114\/revisions"}],"wp:featuredmedia":[{"embeddable":true,"href":"https:\/\/www.europesays.com\/es\/wp-json\/wp\/v2\/media\/189115"}],"wp:attachment":[{"href":"https:\/\/www.europesays.com\/es\/wp-json\/wp\/v2\/media?parent=189114"}],"wp:term":[{"taxonomy":"category","embeddable":true,"href":"https:\/\/www.europesays.com\/es\/wp-json\/wp\/v2\/categories?post=189114"},{"taxonomy":"post_tag","embeddable":true,"href":"https:\/\/www.europesays.com\/es\/wp-json\/wp\/v2\/tags?post=189114"}],"curies":[{"name":"wp","href":"https:\/\/api.w.org\/{rel}","templated":true}]}}