{"id":189143,"date":"2025-10-20T10:43:08","date_gmt":"2025-10-20T10:43:08","guid":{"rendered":"https:\/\/www.europesays.com\/es\/189143\/"},"modified":"2025-10-20T10:43:08","modified_gmt":"2025-10-20T10:43:08","slug":"puedo-ayudarlos-a-sobrevivir-en-un-mundo-libre","status":"publish","type":"post","link":"https:\/\/www.europesays.com\/es\/189143\/","title":{"rendered":"Puedo ayudarlos a sobrevivir en un mundo libre"},"content":{"rendered":"<p class=\"c-paragraph\">El presidente estadounidense, <a href=\"https:\/\/www.20minutos.es\/tags\/personas\/donald-trump.html\" title=\"Donald Trump\" rel=\"nofollow noopener\" target=\"_blank\">Donald Trump<\/a>, ha sugerido este domingo que su pa\u00eds<b> comprar\u00e1 carne de res a Argentina<\/b>, en un intento por contener la inflaci\u00f3n y reducir los altos precios de este producto en Estados Unidos.<\/p>\n<p class=\"c-paragraph\">\u00abPodr\u00edamos comprar algo de carne de Argentina. Si lo hici\u00e9ramos, los precios bajar\u00edan\u00bb, ha explicado el jefe de Estado a la prensa a bordo del avi\u00f3n Air Force One de camino a Washington y agreg\u00f3 que, de hacerlo, ayudar\u00eda a Argentina, <b>un pa\u00eds que considera un \u00abmuy buen aliado\u00bb.<\/b><\/p>\n<p class=\"c-paragraph\">Trump avanz\u00f3 el viernes que su Gobierno estaba trabajando en un acuerdo para reducir los precios de la carne de res, que subieron en su pa\u00eds a niveles r\u00e9cord debido a la reducci\u00f3n de reba\u00f1os por las sequ\u00edas en el oeste.<\/p>\n<p class=\"c-paragraph\">Estas declaraciones se producen despu\u00e9s de que <a href=\"https:\/\/www.20minutos.es\/internacional\/trump-condiciona-su-apoyo-argentina-una-victoria-milei-las-legislativas-si-no-gana-no-seremos-generosos_6515521_0.html\" title=\"Trump condiciona su apoyo a Argentina a una victoria de Milei en las legislativas: &quot;Si no gana, no seremos generosos&quot;\" rel=\"nofollow noopener\" target=\"_blank\">Trump recibiera el martes en la Casa Blanca a su hom\u00f3logo argentino, Javier Milei<\/a>, para abordar el auxilio financiero que Estados Unidos dio a Argentina con una l\u00ednea de cr\u00e9dito de veinte mil millones de d\u00f3lares para fortalecer el peso.<\/p>\n<p class=\"c-paragraph\">En la reuni\u00f3n, <b>Trump expres\u00f3 su total respaldo a Milei<\/b>, al tiempo que condicion\u00f3 el futuro del auxilio financiero a que el l\u00edder ultralibertario y su partido La Libertad Avanza sigan gobernando.<\/p>\n<p class=\"c-paragraph\"><b>\u00ab(Argentina) no tiene dinero, no tienen nada<\/b>, est\u00e1n luchando fuerte para sobrevivir, si puedo ayudarlos a sobrevivir en un mundo libre&#8230; El presidente de Argentina esta haciendo lo mejor que puede, pero est\u00e1n muriendo\u00bb, ha dicho Trump este domingo sobre su apoyo a ese pa\u00eds.<\/p>\n","protected":false},"excerpt":{"rendered":"El presidente estadounidense, Donald Trump, ha sugerido este domingo que su pa\u00eds comprar\u00e1 carne de res a Argentina,&hellip;\n","protected":false},"author":2,"featured_media":189144,"comment_status":"","ping_status":"","sticky":false,"template":"","format":"standard","meta":{"footnotes":""},"categories":[42],"tags":[517,17,18,13,14,11,61,62,63,64,19,20,9,10,15,16,12,21,22,65,66,67],"class_list":{"0":"post-189143","1":"post","2":"type-post","3":"status-publish","4":"format-standard","5":"has-post-thumbnail","7":"category-internacional","8":"tag-actualidad","9":"tag-breaking-news","10":"tag-breakingnews","11":"tag-featured-news","12":"tag-featurednews","13":"tag-headlines","14":"tag-internacional","15":"tag-international","16":"tag-international-news","17":"tag-internationalnews","18":"tag-latest-news","19":"tag-latestnews","20":"tag-news","21":"tag-noticias","22":"tag-noticias-destacadas","23":"tag-noticiasdestacadas","24":"tag-titulares","25":"tag-ultimas-noticias","26":"tag-ultimasnoticias","27":"tag-world","28":"tag-world-news","29":"tag-worldnews"},"share_on_mastodon":{"url":"https:\/\/pubeurope.com\/@es\/115406084760849981","error":""},"_links":{"self":[{"href":"https:\/\/www.europesays.com\/es\/wp-json\/wp\/v2\/posts\/189143","targetHints":{"allow":["GET"]}}],"collection":[{"href":"https:\/\/www.europesays.com\/es\/wp-json\/wp\/v2\/posts"}],"about":[{"href":"https:\/\/www.europesays.com\/es\/wp-json\/wp\/v2\/types\/post"}],"author":[{"embeddable":true,"href":"https:\/\/www.europesays.com\/es\/wp-json\/wp\/v2\/users\/2"}],"replies":[{"embeddable":true,"href":"https:\/\/www.europesays.com\/es\/wp-json\/wp\/v2\/comments?post=189143"}],"version-history":[{"count":0,"href":"https:\/\/www.europesays.com\/es\/wp-json\/wp\/v2\/posts\/189143\/revisions"}],"wp:featuredmedia":[{"embeddable":true,"href":"https:\/\/www.europesays.com\/es\/wp-json\/wp\/v2\/media\/189144"}],"wp:attachment":[{"href":"https:\/\/www.europesays.com\/es\/wp-json\/wp\/v2\/media?parent=189143"}],"wp:term":[{"taxonomy":"category","embeddable":true,"href":"https:\/\/www.europesays.com\/es\/wp-json\/wp\/v2\/categories?post=189143"},{"taxonomy":"post_tag","embeddable":true,"href":"https:\/\/www.europesays.com\/es\/wp-json\/wp\/v2\/tags?post=189143"}],"curies":[{"name":"wp","href":"https:\/\/api.w.org\/{rel}","templated":true}]}}