{"id":189150,"date":"2025-10-20T10:47:11","date_gmt":"2025-10-20T10:47:11","guid":{"rendered":"https:\/\/www.europesays.com\/es\/189150\/"},"modified":"2025-10-20T10:47:11","modified_gmt":"2025-10-20T10:47:11","slug":"los-adioses-puebla","status":"publish","type":"post","link":"https:\/\/www.europesays.com\/es\/189150\/","title":{"rendered":"Los adioses &#8211; Puebla"},"content":{"rendered":"<p style=\"text-align: justify;\">Fernando Roble\u00f1o, matador de toros madrile\u00f1o, hab\u00eda anunciado su despedida para el pasado domingo 12 en la Monumental de su ciudad natal. Fue Roble\u00f1o un torero no s\u00f3lo valeroso sino t\u00e9cnicamente solvente y taur\u00f3macamente puro al que, como a tantos, las casas empresariales ninguneron de todas las formas posibles a lo largo de sus 25 a\u00f1os de trayectoria. Pero su p\u00fablico de Madrid, infinitamente m\u00e1s sensible que los mercaderes con y sin traje de luces, le dispens\u00f3 una c\u00e1lida bienvenida y un adi\u00f3s conmovedor, a tono con su excelente faena al \u00faltimo toro que mat\u00f3 en su vida. Despedida y oreja m\u00e1s que merecidas.<\/p>\n<p style=\"text-align: justify;\">Ese fue el adi\u00f3s programado, previsto y felizmente consumado del d\u00eda. Pero minutos antes se hab\u00eda producido otro, m\u00e1s conmocionante por inesperado: Morante de la Puebla, portador no ya de las m\u00e1s caras esencias sino del toreo mismo como arte, como cultura y como historia, tras cortarle las orejas al cuarto ejemplar de Garcigrande, se hab\u00eda dirigido a los medios del coso de Las Ventas para desprenderse lentamente el a\u00f1adido, dando por concluida su gloriosa y atormentada carrera. Porque si sus intermitencias y altibajos emocionales eran bien conocidos y asumidos por cualquier aficionado medianamente enterado, nadie contaba con un corte de caja as\u00ed de abrupto y por lo tanto as\u00ed de sentido, acostumbrados todos a rezar porque el torero de Puebla del R\u00edo pudiera comparecer en la siguiente plaza que lo tuviese anunciado con la promesa t\u00e1cita de colmarla de torer\u00eda.<\/p>\n<p style=\"text-align: justify;\">Morante, que empez\u00f3 su andar con perfil relativamente bajo \u2013aunque a nadie escapaban sus sobresalientes cualidades para el arte\u2013, con una plaza de segunda como escenario de la alternativa y escaso eco entre los hacedores de ferias y carteles, poco a poco fue ocupando el sitio que por m\u00e9ritos le correspond\u00eda, mientras lidiaba con los problemas ps\u00edquicos que m\u00e1s de una vez lo apartaron de los ruedos \u2013en 2004 incluso tuvo que tomarse un sab\u00e1tico para someterse a un tratamiento de profundidad en Estados Unidos\u2013. Pero aun as\u00ed, el torero nacido de la Puebla andaluza (02.10.79) portaba en el alma \u2013que es la que torea\u2013 algo que solamente es patrimonio de los elegidos, ese expresar con el cuerpo todo y las ondulaciones de unas telas rojizas el hondo misterio del que habl\u00f3 Rafael El Gallo. Y que en su caso era el de un ser tan superdotado para el arte como atormentado por sus demonios interiores.<\/p>\n<p style=\"text-align: justify;\">Es muy probable que esa singular conjunci\u00f3n, entre maldita y afortunada, haya sido la raz\u00f3n de su eclosi\u00f3n art\u00edstica postpandemia. Si ya hab\u00eda esparcido por los ruedos suficientes testimonios de su grandeza, a partir de 2021 todo lo que Morante llevaba dentro lo derram\u00f3 a manos llenas hasta situarlo como un grande entre los grandes. La faena del rabo en Sevilla (26.04.23) ser\u00eda apenas la feliz culminaci\u00f3n de una serie de tardes en el albero maestrante equiparables con las gestas m\u00e1s gloriosas del toreo de todos los tiempos. Como esos pocos toros inolvidables que cuaj\u00f3 en Madrid, que alcanzaron niveles de apoteosis a veces sin necesidad de que la faena fuera redonda \u2013s\u00ed lo fueron la primera suya del San Isidro de este a\u00f1o, o la del toro \u201cPeluc\u00f3n\u201d de Alcurrucen en 2022. Por no hablar de lo que hab\u00eda hecho y firmado desde antes de su cuatrienio dorado, con \u201cCacareo\u201d de Cuvillo en Bilbao, por ejemplo (23.08.11), y con tantos m\u00e1s, que incluyen, por incre\u00edble que parezca, hasta dos o tres espec\u00edmenes del post toro de lidia mexicano. Faenas cuya diversidad y exuberancia \u2013nunca la misma, todas distintas, a veces hasta sin ese toro propicio que casi nunca le toc\u00f3 en sorteo\u2014las convert\u00eda en piezas \u00fanicas.<\/p>\n<p style=\"text-align: justify;\">Y en todas, en cada paso y cada pase suyo por las arenas de cualquier plaza del mundo, el sello inconfundible de Morante de la Puebla, con lo que eso pueda significar.<\/p>\n<p style=\"text-align: justify;\">Ha dicho adi\u00f3s Jos\u00e9 Antonio Morante Camacho, un torero de \u00e9poca.<\/p>\n<p style=\"text-align: justify;\"><strong>Despedidas en perspectiva.<\/strong> Ya hay quien pone en duda que este adi\u00f3s morantista no vaya a romperse en alg\u00fan momento para que Jos\u00e9 Antonio vuelva a enfundarse en el terno de luces. A favor de esta hip\u00f3tesis obran innumerables antecedentes, especialmente en Espa\u00f1a, donde las despedidas oficiales han sido proporcionalmente escasas. Y las efectivas todav\u00eda m\u00e1s, entre las cuales solamente se cuentan las de Ricardo Torres \u201cBombita\u201d (16.10.1913), Marcial Lalanda (18.10.42) y, se supone, las recientes de El Juli (30.09.23) y Enrique Ponce (28.09.24). Todas las dem\u00e1s \u2013Antonio Bienvenida, C\u00e9sar Gir\u00f3n, Gregorio S\u00e1nchez, dos veces Anto\u00f1ete\u2026\u2013 o resultaron falsas o corresponden a diestros que por raz\u00f3n de su edad toreaban ya muy poco. Eso en Madrid, porque en Sevilla, que recuerde, fuera del adi\u00f3s definitivo de Diego Puerta (12.10.74) \u2013honrado y formal hasta en eso\u2013, s\u00f3lo puedo recordar el segundo de Manolo V\u00e1zquez, ya con muchos a\u00f1os a cuestas (12.10.83), luego de su retirada en falso de 1968, tambi\u00e9n en la Real Maestranza.<\/p>\n<p style=\"text-align: justify;\">Son casos excepcionales, pues, como digo, la mayor\u00eda de los matadores hispanos \u2013sean o no figuras\u2014 es muy raro que se corten la coleta, quiz\u00e1 persuadidos de lo dif\u00edcil que es resistirse a volver al cabo de cierto tiempo. Y de los pocos que eligieron para despedirse de la profesi\u00f3n en nuestra ya casi finada Plaza M\u00e9xico, Cagancho (21.01.54), Paco Camino (01.04.78) y Jos\u00e9 Mari Manzanares (09.02.97) y Juan Jos\u00e9 Padilla (16.12.18) \u00a0incumplieron su prop\u00f3sito inicial, y solamente El Ni\u00f1o de la Capea (05.02.95) y Manuel Caballero (21.11.2004) mantuvieron, relativamente, la promesa de no torear m\u00e1s. Digo relativamente porque Caballero a\u00fan cumpli\u00f3 algunos contratos en plazas colombianas y El Capea particip\u00f3 en una corrida en M\u00e1laga \u2013para darle la alternativa a Javier Conde (16.04.95)\u2014y otra en la M\u00e9xico \u2013para confirm\u00e1rsela a su hijo Pedro Moya Lorenzo (05.12.04), adem\u00e1s del festejo conmemorativo de sus cincuenta a\u00f1os de matador (Guijuelo, 19.06.22). En cambio, Miguel B\u00e1ez Sp\u00ednola \u201dLitri\u201d, sin tanta alharaca, se fue del toreo en la Monumental de Insurgentes (12.12.99) y jam\u00e1s volvi\u00f3 a vestirse de seda y oro. Mismo caso de Jos\u00e9 Ortega Cano, aunque este ya llevaba alg\u00fan tiempo fuera de circulaci\u00f3n cuando, por sorpresa, \u201cse cort\u00f3 la coleta\u201d en Insurgentes (07.12.03). Entre las que tienen visos de definitividad hay que contar, desde luego, las recientes de Pablo Hermoso de Mendoza (05.02.24) y Enrique Ponce (05.02.25).<\/p>\n<p style=\"text-align: justify;\"><strong>La M\u00e9xico, plaza con m\u00e1s adioses.<\/strong> Si bien hab\u00edan dejado honda huella en la memoria del viejo Toreo de la colonia Condesa las despedidas \u2013ambas definitivas\u2014de Rodolfo Gaona (12.04.1925) y Pepe Ortiz (14.03.43) \u2013aunque tambi\u00e9n se puede contar la de un Juan Silveti Ma\u00f1\u00f3n, ya viejo y pr\u00e1cticamente inactivo (01.05.42)\u2013, en toda la historia de la fiesta ha sido la Plaza M\u00e9xico el escenario del mayor n\u00famero de corridas con ese especial significado. Es posible que la tendencia sentimental del mexicano haya influido para que se d\u00e9 tal situaci\u00f3n estad\u00edstica (Dicen que no son tristes, Cielito lindo, las despedidas \/ Dile al que te lo dijo, Cielito lindo, que se despida\u2026).<\/p>\n<p style=\"text-align: justify;\">Fue as\u00ed que se han ido sucediendo las despedidas solemnemente programadas de Ferm\u00edn Espinosa \u201cArmillita\u201d (03.04.49), Jes\u00fas Sol\u00f3rzano D\u00e1valos (10.04.49), Carlos Arruza y Manolo Dos Santos (22.02.53), Silverio P\u00e9rez (01.03.53), Ferm\u00edn Rivera (17.02.57), Calesero (20.02.66), Jorge Aguilar \u201cEl Ranchero\u201d (11.02.68), Manuel Capetillo Villase\u00f1or (28.02.68), Humberto Moro Trevi\u00f1o (31.01.71), Joselito Huerta (28.01.73), Luis Procuna (10.03.74), Manolo Mart\u00ednez (30.05.82), Eloy Cavazos (dos veces y ninguna efectiva:10.03.85 y 16.12.01), Jaime Rangel (05.05.85), Manuel Espinosa \u201cArmillita Chico\u201d (23.02.92), Curro Rivera (15.11.92), Antonio Lomel\u00edn (18.02.96), Miguel Espinosa (12.12.04), El Pana\u00a0 (07.01.07), Jorge Guti\u00e9rrez (04.02.07), Manolo Arruza (08.11.09), Manolo Mej\u00eda (02.12.12), Rafael Ortega Blancas (15.12.13), El Zotoluco (04.02.17), Ignacio Garibay (18.11.18), Alfredo R\u00edos \u201cEl Conde\u201d (23.12.18), Federico Pizarro (13.01.19) y Guillermo Gonz\u00e1lez \u201cChilolo\u201d (05.01.20). A las que hay que agregar las de los nueve diestros espa\u00f1oles \u2013m\u00e1s el rejoneador Pablo Hermoso\u2013 mencionados en el apartado anterior.<\/p>\n<p style=\"text-align: justify;\">Sobra decir que la inmensa mayor\u00eda no resisti\u00f3 la tentaci\u00f3n de volver. Entre los que s\u00ed respetaron el simb\u00f3lico corte de coleta est\u00e1n Sol\u00f3rzano padre, Silverio, El Ranchero, los Arruza (Carlos y su hijo Manolo), Humberto Moro padre, Procuna, Jorge Guti\u00e9rrez, Manolo Mej\u00eda y, de la generaci\u00f3n de los 90 Pizarro, Garibay y El Chilolo. Tambi\u00e9n El Zotoluco, que era un poco anterior.<\/p>\n<p style=\"text-align: justify;\">Hay que se\u00f1alar como un caso aparte el de Jos\u00e9 (Joselito) Huerta Rivera, que se despidi\u00f3 siendo figura y veinte a\u00f1os despu\u00e9s, estando a\u00fan notoriamente en forma como lo demostr\u00f3 en reiterados festivales ben\u00e9ficos, despreci\u00f3 una oferta sumamente tentadora y mantuvo inc\u00f3lume la palabra empe\u00f1ada en el lejano 1973. Muchos a\u00f1os antes, Rodolfo Gaona, el Indio Grande, hab\u00eda estado en una situaci\u00f3n similar, y tambi\u00e9n la resisti\u00f3 gallardamente.<\/p>\n","protected":false},"excerpt":{"rendered":"Fernando Roble\u00f1o, matador de toros madrile\u00f1o, hab\u00eda anunciado su despedida para el pasado domingo 12 en la Monumental&hellip;\n","protected":false},"author":2,"featured_media":189151,"comment_status":"","ping_status":"","sticky":false,"template":"","format":"standard","meta":{"footnotes":""},"categories":[277],"tags":[229,373,209,168,25,24,33425,15776,448,23,167,374],"class_list":{"0":"post-189150","1":"post","2":"type-post","3":"status-publish","4":"format-standard","5":"has-post-thumbnail","7":"category-toreo","8":"tag-arte","9":"tag-bullfighting","10":"tag-cultura","11":"tag-deportes","12":"tag-es","13":"tag-espana","14":"tag-fernando-robleno","15":"tag-garcigrande","16":"tag-historia","17":"tag-spain","18":"tag-sports","19":"tag-toreo"},"share_on_mastodon":{"url":"https:\/\/pubeurope.com\/@es\/115406100411535402","error":""},"_links":{"self":[{"href":"https:\/\/www.europesays.com\/es\/wp-json\/wp\/v2\/posts\/189150","targetHints":{"allow":["GET"]}}],"collection":[{"href":"https:\/\/www.europesays.com\/es\/wp-json\/wp\/v2\/posts"}],"about":[{"href":"https:\/\/www.europesays.com\/es\/wp-json\/wp\/v2\/types\/post"}],"author":[{"embeddable":true,"href":"https:\/\/www.europesays.com\/es\/wp-json\/wp\/v2\/users\/2"}],"replies":[{"embeddable":true,"href":"https:\/\/www.europesays.com\/es\/wp-json\/wp\/v2\/comments?post=189150"}],"version-history":[{"count":0,"href":"https:\/\/www.europesays.com\/es\/wp-json\/wp\/v2\/posts\/189150\/revisions"}],"wp:featuredmedia":[{"embeddable":true,"href":"https:\/\/www.europesays.com\/es\/wp-json\/wp\/v2\/media\/189151"}],"wp:attachment":[{"href":"https:\/\/www.europesays.com\/es\/wp-json\/wp\/v2\/media?parent=189150"}],"wp:term":[{"taxonomy":"category","embeddable":true,"href":"https:\/\/www.europesays.com\/es\/wp-json\/wp\/v2\/categories?post=189150"},{"taxonomy":"post_tag","embeddable":true,"href":"https:\/\/www.europesays.com\/es\/wp-json\/wp\/v2\/tags?post=189150"}],"curies":[{"name":"wp","href":"https:\/\/api.w.org\/{rel}","templated":true}]}}