{"id":189172,"date":"2025-10-20T11:03:09","date_gmt":"2025-10-20T11:03:09","guid":{"rendered":"https:\/\/www.europesays.com\/es\/189172\/"},"modified":"2025-10-20T11:03:09","modified_gmt":"2025-10-20T11:03:09","slug":"stella-banderas-sorprendio-con-un-segundo-vestido-de-novia-satinado-en-su-boda-con-alex-gruszynski-en-valladolid","status":"publish","type":"post","link":"https:\/\/www.europesays.com\/es\/189172\/","title":{"rendered":"Stella Banderas sorprendi\u00f3 con un segundo vestido de novia satinado en su boda con Alex Gruszynski en Valladolid"},"content":{"rendered":"<p data-journey-content=\"true\" data-node-id=\"2\" class=\"css-6wxqfj emevuu60\">Stella Banderas se daba el &#8216;s\u00ed, quiero&#8217; con su amor de toda la vida este mismo fin de semana en Valladolid. La hija de Antonio Banderas ha celebrado su boda en la Abad\u00eda Retuerta donde ha reunido a los 200 invitados que han acudido al enlace. Tal y como ha contado el propio Antonio cuando ha salido a brindar junto a los periodistas, <strong data-node-id=\"2.1\">\u00absu hija se enamor\u00f3 inmediatamente de este lugar en cuanto lo vio\u00bb<\/strong>. Adem\u00e1s, ha contado que ella ten\u00eda claro que quer\u00eda casarse en Espa\u00f1a y este enclave tan especial cumpl\u00eda todos los requisitos. Uno de los momentos m\u00e1s emotivos de la ceremonia, tal y como ha revelado el padre de la novia, ha sido el brindis, donde \u00e9l ha deseado \u00abque le hagan abuelo pronto\u00bb. <\/p>\n<p data-journey-content=\"true\" data-node-id=\"3\" class=\"css-6wxqfj emevuu60\">Aunque esta celebraci\u00f3n ha contado con una seguridad excepcional, <a href=\"https:\/\/www.elle.com\/es\/star-style\/noticias-famosos\/a69083737\/stella-banderas-vestido-novia-boda-estilo-bohemio-transparencias\/\" target=\"_blank\" data-vars-ga-outbound-link=\"https:\/\/www.elle.com\/es\/star-style\/noticias-famosos\/a69083737\/stella-banderas-vestido-novia-boda-estilo-bohemio-transparencias\/\" data-vars-ga-ux-element=\"Hyperlink\" data-vars-ga-call-to-action=\"la revista People ha filtrado la primera imagen de su vestido de novia.\" data-node-id=\"3.1\" class=\"body-link css-103hk4r emevuu60\" rel=\"nofollow noopener\">la revista People ha filtrado la primera imagen de su vestido de novia.<\/a> Pese a ser siempre uno de loa detalles mejor guardados de este tipo de eventos, hemos podido ver c\u00f3mo la hija de Melanie Griffith y Antonio Banderas se casaba junto a su amor de toda la vida <strong data-node-id=\"3.3\">enfundada en un precioso vestido bordado de estilo boho con mangas de estilo medieval<\/strong> y escote que dejaba a la vista los hombros. Un dise\u00f1o que cambi\u00f3 para la fiesta posterior y que ahora hemos podido ver, gracias a una de las invitadas, por cu\u00e1l lo sustituy\u00f3. <\/p>\n<p>El segundo vestido de novia de Stella Banderas<\/p>\n<p data-journey-content=\"true\" data-node-id=\"5\" class=\"css-6wxqfj emevuu60\">El segundo vestido de Stella Banderas era mucho m\u00e1s sencillo pero con corte nupcial. <strong data-node-id=\"5.1\">Hablamos de un dise\u00f1o satinado sin mangas<\/strong>, con la cola anudada a la mu\u00f1eca para una mayor comodidad que ha combinado con unos zapatos de tac\u00f3n destalonados en blanco. Hemos podido ver que, tanto para la ceremonia como para la recepci\u00f3n, la novia eleg\u00eda un estilismo &#8216;beauty&#8217; de lo m\u00e1s natural con su melena lisa suelta. <\/p>\n<p data-journey-content=\"true\" data-node-id=\"8\" class=\"css-6wxqfj emevuu60\">Aunque no han trascendido muchas im\u00e1genes de este enlace nos quedamos con los mejores momentos que nos ha dejado nuestro querido Antonio Banderas, completamente emocionado por la boda de su hija.  <\/p>\n<p><img src=\"https:\/\/www.europesays.com\/es\/wp-content\/uploads\/2025\/10\/1760958188_624_ade596ee-932c-4fd8-997c-ab0e77af060a_1668503088.file\" alt=\"Headshot of Sara Alcoceba\" title=\"Headshot of Sara Alcoceba\" width=\"100%\" height=\"100%\" decoding=\"async\" loading=\"lazy\" class=\"css-o0wq4v ev8dhu53\"\/><\/p>\n<p>Sara Alcoceba es experta en estilo, celebrities y moda. No hay estilismo de famosa que le pase desapercibido y es capaz de bucear en todas las webs de las marcas de moda hasta sacar el outfit completo que han llevado a su \u00faltimo evento. De Zara, Mango o H&amp;M hasta la boutique m\u00e1s rec\u00f3ndita: Sara es especialista en contarte de qu\u00e9 visten las famosas y c\u00f3mo llevar su look.\u00a0<\/p>\n<p>Su gran pasi\u00f3n es cubrir la actualidad en alfombras rojas y eventos de moda. De los Oscars a la Gala Met, pasando por el d\u00eda a d\u00eda que comparten influencers y celebrities en sus redes sociales o los photocalls a los que acuden los royals y la alta sociedad. Siempre tiene un ojo puesto en lo que se cuece en Instagram y TikTok.\u00a0<\/p>\n<p>Sara Alcoceba se gradu\u00f3 en Periodismo en la Universidad Carlos III de Madrid y desde entonces se ha especializado en medios de comunicaci\u00f3n digitales, trabajando en revistas de moda y lifestyle. Pas\u00f3 por Cosmopolitan, HOLA y Vanitatis cubriendo actualidad y belleza, y tuvo una temporada muy fitness escribiendo sobre entrenamientos y nutrici\u00f3n en Women\u2019s Health. \u00a0\u00a0<\/p>\n<p>Con una trayectoria de casi una d\u00e9cada en medios digitales, Sara lleva m\u00e1s de 7 a\u00f1os vinculada a ELLE, donde ahora ha tomado las riendas de la secci\u00f3n de Star Style para contarte todo lo que tienes que saber sobre tus famosas favoritas. \u00a0\u00a0<\/p>\n","protected":false},"excerpt":{"rendered":"Stella Banderas se daba el &#8216;s\u00ed, quiero&#8217; con su amor de toda la vida este mismo fin de&hellip;\n","protected":false},"author":2,"featured_media":189173,"comment_status":"","ping_status":"","sticky":false,"template":"","format":"standard","meta":{"footnotes":""},"categories":[91],"tags":[253,146,147,25,24,23],"class_list":{"0":"post-189172","1":"post","2":"type-post","3":"status-publish","4":"format-standard","5":"has-post-thumbnail","7":"category-entretenimiento","8":"tag-discover","9":"tag-entertainment","10":"tag-entretenimiento","11":"tag-es","12":"tag-espana","13":"tag-spain"},"share_on_mastodon":{"url":"","error":""},"_links":{"self":[{"href":"https:\/\/www.europesays.com\/es\/wp-json\/wp\/v2\/posts\/189172","targetHints":{"allow":["GET"]}}],"collection":[{"href":"https:\/\/www.europesays.com\/es\/wp-json\/wp\/v2\/posts"}],"about":[{"href":"https:\/\/www.europesays.com\/es\/wp-json\/wp\/v2\/types\/post"}],"author":[{"embeddable":true,"href":"https:\/\/www.europesays.com\/es\/wp-json\/wp\/v2\/users\/2"}],"replies":[{"embeddable":true,"href":"https:\/\/www.europesays.com\/es\/wp-json\/wp\/v2\/comments?post=189172"}],"version-history":[{"count":0,"href":"https:\/\/www.europesays.com\/es\/wp-json\/wp\/v2\/posts\/189172\/revisions"}],"wp:featuredmedia":[{"embeddable":true,"href":"https:\/\/www.europesays.com\/es\/wp-json\/wp\/v2\/media\/189173"}],"wp:attachment":[{"href":"https:\/\/www.europesays.com\/es\/wp-json\/wp\/v2\/media?parent=189172"}],"wp:term":[{"taxonomy":"category","embeddable":true,"href":"https:\/\/www.europesays.com\/es\/wp-json\/wp\/v2\/categories?post=189172"},{"taxonomy":"post_tag","embeddable":true,"href":"https:\/\/www.europesays.com\/es\/wp-json\/wp\/v2\/tags?post=189172"}],"curies":[{"name":"wp","href":"https:\/\/api.w.org\/{rel}","templated":true}]}}