{"id":189180,"date":"2025-10-20T11:07:08","date_gmt":"2025-10-20T11:07:08","guid":{"rendered":"https:\/\/www.europesays.com\/es\/189180\/"},"modified":"2025-10-20T11:07:08","modified_gmt":"2025-10-20T11:07:08","slug":"la-junta-advierte-que-el-colegio-de-las-irlandesas-de-loreto-de-sevilla-podria-perder-el-concierto-tras-la-muerte-de-sandra","status":"publish","type":"post","link":"https:\/\/www.europesays.com\/es\/189180\/","title":{"rendered":"La Junta advierte que el colegio de las Irlandesas de Loreto de Sevilla podr\u00eda perder el concierto tras la muerte de Sandra"},"content":{"rendered":"<p style=\"\">La Consejer\u00eda de Desarrollo Educativo y Formaci\u00f3n Profesional de la Junta de Andaluc\u00eda ha advertido este lunes que el colegio Irlandesas Loreto de Sevilla en el que estudiaba la menor que presuntamente se suicid\u00f3 por sufrir acoso escolar <strong>podr\u00eda perder el concierto educativo<\/strong> \u00absi  &#8230; el expediente administrativo concluyera que ha existido un incumplimiento muy grave\u00bb del mismo.<\/p>\n<p class=\"voc-p\" style=\"\">\u00abSer\u00e1 la Fiscal\u00eda la que determine la posibles responsabilidades, as\u00ed como la titularidad del centro es la que debe actuar depurando las responsabilidades de su personal conforme a los requerimientos enviados por parte de la Consejer\u00eda. A partir de ah\u00ed,<strong> en el caso de que el expediente administrativo concluyera que ha existido un incumplimiento muy grave del concierto<\/strong>, se podr\u00eda determinar su retirada por parte de la Junta\u00bb, han explicado a Europa Press fuentes de la Consejer\u00eda.<\/p>\n<p class=\"voc-p\" style=\"\">La Consejer\u00eda al confirm\u00f3 el 16 de octubre de que el colegio Irlandesas Loreto de Sevilla<strong> no activ\u00f3 ni el protocolo de acoso ni el de conductas autol\u00edticas<\/strong>, como as\u00ed estaba obligado por la normativa vigente seg\u00fan el organismo. Adem\u00e1s, inform\u00f3 de que derivaba a la Fiscal\u00eda toda la informaci\u00f3n del caso y abr\u00eda un expediente administrativo, con los consiguientes requerimientos, para depurar las posibles responsabilidades.<\/p>\n<p class=\"voc-p\" style=\"\">La Inspecci\u00f3n Educativa <strong>abri\u00f3 \u00abde forma inmediata\u00bb una investigaci\u00f3n<\/strong> para recabar toda la informaci\u00f3n acerca del caso, recogiendo tanto los testimonios de la direcci\u00f3n de este centro privado concertado como el registro documental tanto de las comunicaciones como de las actuaciones que el centro puso en marcha, levantando acta y elevando informe de propuesta de medidas.<\/p>\n<p class=\"voc-p\" style=\"\">El Defensor del Pueblo Andaluz, Jes\u00fas Maeztu, ha confirmado igualmente la apertura de una investigaci\u00f3n de oficio para conocer el funcionamiento del protocolo contra acoso escolar en el caso de la muerte de la menor. Ha elevado la queja a la autoridad educativa y ha hecho una llamada a la prevenci\u00f3n ante se\u00f1ales de acoso y violencia. \u00abLos protocolos tienen que funcionar\u00bb, ha remarcado.<\/p>\n<p class=\"voc-p\" style=\"\">Por su parte, la memoria de la Fiscal\u00eda Superior de Andaluc\u00eda de 2024 recoge que se incoaron un total de 75 expedientes de reforma &#8211;procedimiento penal que se inicia cuando un menor de entre 14 y 18 a\u00f1os comete un presunto delito&#8211; por acoso escolar. De estos 75 expedientes, en M\u00e1laga se concentran 62, seguidos de los seis de C\u00e1diz, cuatro de Ja\u00e9n y tres en Huelva. <strong>No consta ning\u00fan caso en la provincia de Sevilla<\/strong>.<\/p>\n<p class=\"voc-p\" style=\"\">En la memoria consultada por Europa Press se se\u00f1ala que \u00abtodas las secciones de menores vienen a indicar, como se reitera memoria tras memoria, que la gran mayor\u00eda de los expedientes se resuelven v\u00eda soluci\u00f3n extrajudicial\u00bb. En el balance de la actividad desplegada por la Fiscal\u00eda Superior de Andaluc\u00eda en 2023, la instituci\u00f3n judicial llamaba la atenci\u00f3n sobre \u00abla preocupaci\u00f3n por este tema\u00bb.<\/p>\n","protected":false},"excerpt":{"rendered":"La Consejer\u00eda de Desarrollo Educativo y Formaci\u00f3n Profesional de la Junta de Andaluc\u00eda ha advertido este lunes que&hellip;\n","protected":false},"author":2,"featured_media":189181,"comment_status":"","ping_status":"","sticky":false,"template":"","format":"standard","meta":{"footnotes":""},"categories":[8],"tags":[10854,17,18,42658,2339,25,24,13,14,11,51356,2024,19,20,51357,4920,9,10,15,16,13327,7279,1171,23,12,575,21,22],"class_list":{"0":"post-189180","1":"post","2":"type-post","3":"status-publish","4":"format-standard","5":"has-post-thumbnail","7":"category-espana","8":"tag-advierte","9":"tag-breaking-news","10":"tag-breakingnews","11":"tag-colegio","12":"tag-concierto","13":"tag-es","14":"tag-espana","15":"tag-featured-news","16":"tag-featurednews","17":"tag-headlines","18":"tag-irlandesas","19":"tag-junta","20":"tag-latest-news","21":"tag-latestnews","22":"tag-loreto","23":"tag-muerte","24":"tag-news","25":"tag-noticias","26":"tag-noticias-destacadas","27":"tag-noticiasdestacadas","28":"tag-perder","29":"tag-sandra","30":"tag-sevilla","31":"tag-spain","32":"tag-titulares","33":"tag-tras","34":"tag-ultimas-noticias","35":"tag-ultimasnoticias"},"share_on_mastodon":{"url":"https:\/\/pubeurope.com\/@es\/115406179386760145","error":""},"_links":{"self":[{"href":"https:\/\/www.europesays.com\/es\/wp-json\/wp\/v2\/posts\/189180","targetHints":{"allow":["GET"]}}],"collection":[{"href":"https:\/\/www.europesays.com\/es\/wp-json\/wp\/v2\/posts"}],"about":[{"href":"https:\/\/www.europesays.com\/es\/wp-json\/wp\/v2\/types\/post"}],"author":[{"embeddable":true,"href":"https:\/\/www.europesays.com\/es\/wp-json\/wp\/v2\/users\/2"}],"replies":[{"embeddable":true,"href":"https:\/\/www.europesays.com\/es\/wp-json\/wp\/v2\/comments?post=189180"}],"version-history":[{"count":0,"href":"https:\/\/www.europesays.com\/es\/wp-json\/wp\/v2\/posts\/189180\/revisions"}],"wp:featuredmedia":[{"embeddable":true,"href":"https:\/\/www.europesays.com\/es\/wp-json\/wp\/v2\/media\/189181"}],"wp:attachment":[{"href":"https:\/\/www.europesays.com\/es\/wp-json\/wp\/v2\/media?parent=189180"}],"wp:term":[{"taxonomy":"category","embeddable":true,"href":"https:\/\/www.europesays.com\/es\/wp-json\/wp\/v2\/categories?post=189180"},{"taxonomy":"post_tag","embeddable":true,"href":"https:\/\/www.europesays.com\/es\/wp-json\/wp\/v2\/tags?post=189180"}],"curies":[{"name":"wp","href":"https:\/\/api.w.org\/{rel}","templated":true}]}}