{"id":189184,"date":"2025-10-20T11:09:09","date_gmt":"2025-10-20T11:09:09","guid":{"rendered":"https:\/\/www.europesays.com\/es\/189184\/"},"modified":"2025-10-20T11:09:09","modified_gmt":"2025-10-20T11:09:09","slug":"victoria-balsamica-del-bm-dolmenes-antequera-por-30-29-ante-el-cantera-sur-de-almeria","status":"publish","type":"post","link":"https:\/\/www.europesays.com\/es\/189184\/","title":{"rendered":"Victoria bals\u00e1mica del BM D\u00f3lmenes Antequera por 30-29 ante el Cantera Sur de Almer\u00eda"},"content":{"rendered":"<p>            <a href=\"https:\/\/www.merchanendirecto.es\/wp-content\/uploads\/2025\/10\/Imagen-de-WhatsApp-2025-10-19-a-las-09.32.16_8319e841.webp\" data-caption=\"\" rel=\"nofollow noopener\" target=\"_blank\"><img loading=\"lazy\" decoding=\"async\" width=\"696\" height=\"464\" class=\"entry-thumb td-modal-image\" src=\"https:\/\/www.europesays.com\/es\/wp-content\/uploads\/2025\/10\/Imagen-de-WhatsApp-2025-10-19-a-las-09.32.16_8319e841-696x464.webp.webp\"   alt=\"\" title=\"Imagen de WhatsApp 2025-10-19 a las 09.32.16_8319e841\"\/><\/a><\/p>\n<p>Semana dura la que han atravesado los pupilos de Agust\u00edn Vidal tras caer derrotados el pasado fin de semana en Bola\u00f1os, confirmarse la lesi\u00f3n de larga duraci\u00f3n de Consuegra y sufrir el varapalo del fallecimiento de Miguel \u00c1ngel Soto, padre del jugador Migui Soto, referente del Balonmano en la ciudad y muy allegado al club en todas sus facetas desde hace a\u00f1os. El equipo quer\u00eda resarcirse de estos d\u00edas complicados con una victoria que sirviera de homenaje y as\u00ed lo hizo desde el primer momento, saltando a la pista con una pancarta en su honor. <\/p>\n<p>Un partido que no fue nada f\u00e1cil, ante el l\u00edder de la categor\u00eda, que llegaba al Arg\u00fcelles invicto y con ganas de seguir en la misma senda. La primera parte comenz\u00f3 con intercambio de golpes entre ambos equipos e igualdad m\u00e1xima en el marcador (2-2, minuto 5) entre dos equipos que quer\u00edan la victoria y se not\u00f3. Esa igualdad fue la t\u00f3nica dominante durante los primeros minutos del encuentro donde ninguno de los dos equipos consegu\u00eda despegarse en el marcador y los goles se suced\u00edan en ambas porter\u00edas (5-5, minuto 10). Una exclusi\u00f3n de los visitantes dio la oportunidad a los verdes de poner tierra de por medio y ampliar distancias hasta los 3 goles de diferencia (8-5, minuto 15). Distancias que supieron mantener gracias a unos buenos minutos en ataque de Nacho del Castillo y Jeremy Figueredo y dos goles desde los 7 metros de Soto, que tuvieron una dedicatoria muy especial (12-8, minuto 20).<\/p>\n<p>Los almerienses intentaron volver a meterse en el partido aprovechando una exclusi\u00f3n de Dilan en el minuto 22, pero las paradas de Pepe Mart\u00edn y los goles de un Jeremy muy inspirado, se lo impidieron (14-10, minuto 25). Algo que s\u00ed consiguieron en los \u00faltimos 5 minutos tras dos ataques de los locales sin anotar, mientras que los visitantes s\u00ed acertaron de cara a puerta reduciendo la diferencia de 6 goles que hab\u00edan conseguido los de Vidal, volviendo a ponerse a 4 para marcharse al descanso con un marcador de 16 a 12.<\/p>\n<p>La segunda mitad comenz\u00f3 por los mismos derroteros que la primera, con intercambio de goles en ambas porter\u00edas (19-16, minuto 5). A partir de ah\u00ed, fue de nuevo una exclusi\u00f3n de Cantera Sur la que espole\u00f3 a los verdes para volver a ampliar distancias (21-17, minuto 10). Seguidamente fueron los antequeranos los que sufrieron dos exclusiones seguidas que metieron a los visitantes en el partido junto con una actuaci\u00f3n arbitral que desquici\u00f3 a equipo y afici\u00f3n, a\u00fan as\u00ed, los de Vidal supieron mantener la renta (22-18, minuto 15). A las dos exclusiones locales les sigui\u00f3 una roja visitante y el partido se convirti\u00f3 en un correcalles de intensidad m\u00e1xima que ajust\u00f3 el marcador (25-22, minuto 20). A partir de ah\u00ed, el encuentro entr\u00f3 en un intercambio de goles y, tras varios fallos de los locales en ataque, se acerc\u00f3 en el marcador al Cantera Sur, que puso el partido a dos goles a falta de 5 minutos (28- 26, minuto 25)<\/p>\n<p>Unos minutos finales de infarto y unos \u00faltimos segundos para el recuerdo, en el que pudo pasar de todo, pero la victoria esta jornada se iba a quedar en casa y as\u00ed fue, la afici\u00f3n apret\u00f3 de lo lindo y los de Vidal mordieron en defensa m\u00e1s que nunca para que los 2 puntos no se escaparan con un ag\u00f3nico 30-29 final. En definitiva, victoria que devuelve la sonrisa a un equipo que lo necesitaba y que servir\u00e1, seguro, de aliciente para afrontar un nuevo partido en casa el pr\u00f3ximo fin de semana, ante Ciudad de Algeciras, en el que buscar\u00e1n de nuevamente dejar los dos puntos en el Arg\u00fcelles. Ser\u00e1 el s\u00e1bado 25 de octubre a las 18:30 horas.<\/p>\n","protected":false},"excerpt":{"rendered":"Semana dura la que han atravesado los pupilos de Agust\u00edn Vidal tras caer derrotados el pasado fin de&hellip;\n","protected":false},"author":2,"featured_media":189185,"comment_status":"","ping_status":"","sticky":false,"template":"","format":"standard","meta":{"footnotes":""},"categories":[278],"tags":[376,31225,168,25,24,375,744,23,167],"class_list":{"0":"post-189184","1":"post","2":"type-post","3":"status-publish","4":"format-standard","5":"has-post-thumbnail","7":"category-balonmano","8":"tag-balonmano","9":"tag-bm-dolmenes-antequera","10":"tag-deportes","11":"tag-es","12":"tag-espana","13":"tag-handball","14":"tag-polideportivo","15":"tag-spain","16":"tag-sports"},"share_on_mastodon":{"url":"https:\/\/pubeurope.com\/@es\/115406187021962883","error":""},"_links":{"self":[{"href":"https:\/\/www.europesays.com\/es\/wp-json\/wp\/v2\/posts\/189184","targetHints":{"allow":["GET"]}}],"collection":[{"href":"https:\/\/www.europesays.com\/es\/wp-json\/wp\/v2\/posts"}],"about":[{"href":"https:\/\/www.europesays.com\/es\/wp-json\/wp\/v2\/types\/post"}],"author":[{"embeddable":true,"href":"https:\/\/www.europesays.com\/es\/wp-json\/wp\/v2\/users\/2"}],"replies":[{"embeddable":true,"href":"https:\/\/www.europesays.com\/es\/wp-json\/wp\/v2\/comments?post=189184"}],"version-history":[{"count":0,"href":"https:\/\/www.europesays.com\/es\/wp-json\/wp\/v2\/posts\/189184\/revisions"}],"wp:featuredmedia":[{"embeddable":true,"href":"https:\/\/www.europesays.com\/es\/wp-json\/wp\/v2\/media\/189185"}],"wp:attachment":[{"href":"https:\/\/www.europesays.com\/es\/wp-json\/wp\/v2\/media?parent=189184"}],"wp:term":[{"taxonomy":"category","embeddable":true,"href":"https:\/\/www.europesays.com\/es\/wp-json\/wp\/v2\/categories?post=189184"},{"taxonomy":"post_tag","embeddable":true,"href":"https:\/\/www.europesays.com\/es\/wp-json\/wp\/v2\/tags?post=189184"}],"curies":[{"name":"wp","href":"https:\/\/api.w.org\/{rel}","templated":true}]}}