{"id":189198,"date":"2025-10-20T11:20:13","date_gmt":"2025-10-20T11:20:13","guid":{"rendered":"https:\/\/www.europesays.com\/es\/189198\/"},"modified":"2025-10-20T11:20:13","modified_gmt":"2025-10-20T11:20:13","slug":"si-no-vuelas-con-este-libro-es-que-estas-muerto-dice-rosa-montero-de-este-libro-sobre-ciencia-y-sus-otras-sugerencias-el-placer-de-la-lectura","status":"publish","type":"post","link":"https:\/\/www.europesays.com\/es\/189198\/","title":{"rendered":"\u00abSi no vuelas con este libro es que est\u00e1s muerto.\u00bb\u00a0dice Rosa Montero de este libro sobre ciencia &#8230; y sus otras sugerencias \u2013 El Placer de la Lectura"},"content":{"rendered":"<p>\t\t\t<img fetchpriority=\"high\" decoding=\"async\" width=\"1544\" height=\"1126\" src=\"https:\/\/www.europesays.com\/es\/wp-content\/uploads\/2025\/10\/Captura-de-pantalla-2025-07-04-a-las-9.26.43.jpg\" alt=\"\" class=\"wp-image-64783\"  \/>\u00abSolidez cient\u00edfica potenciada por una gran fuerza narrativa, creativa y po\u00e9tica. Si no vuelas con este libro es que est\u00e1s muerto.\u00bb\u00a0<strong>Rosa Montero<\/strong><img decoding=\"async\" src=\"data:image\/svg+xml,%3Csvg%20xmlns=\" http:=\"\" alt=\"Una apacible turbulencia\" style=\"width:456px;height:auto\" title=\"Una apacible turbulencia\" data-lazy-src=\"https:\/\/www.europesays.com\/es\/wp-content\/uploads\/2025\/10\/978841017872.gif\"\/>Desenga\u00f1os e intuiciones de un ingeniero aeroespacial<\/p>\n<p class=\"tmzr-el\"><strong>Un libro que invita a observar el mundo de una manera distinta y a plantearnos si es o no posible encontrar cierto consuelo en el conocimiento que nos ofrece la ciencia.<\/strong><\/p>\n<p class=\"tmzr-el\">\u00bfCu\u00e1ndo y por qu\u00e9 el humo de un cigarrillo deja de ascender uniformemente y se convierte en volutas desordenadas? \u00bfTienen algo en com\u00fan la mec\u00e1nica cu\u00e1ntica y la meditaci\u00f3n? \u00bfPor qu\u00e9 se forman remolinos en el r\u00edo tras el pilar de un puente? \u00bfQu\u00e9 partes del universo no conocemos y qu\u00e9 lugar ocupamos en \u00e9l? \u00bfEn qu\u00e9 se parecen una nave espacial y una piedra que haces saltar sobre el agua? \u00bfTiene realmente la ciencia respuestas para todo?<\/p>\n<p class=\"tmzr-el\">De lo concreto a lo filos\u00f3fico, de la deslumbrante belleza de algunos modelos cient\u00edficos a lo entra\u00f1able de una conversaci\u00f3n con un hijo,\u00a0Una apacible turbulencia\u00a0nos invita a observar el mundo de una manera distinta, a plantearnos si es o no posible encontrar consuelo en el conocimiento que nos ofrece la ciencia y si hay otra realidad m\u00e1s all\u00e1 de la que presentan los modelos cient\u00edficos. En este libro tan ameno como original, Antonio Ayuso comparte con el lector sus saberes en la materia y le propone una particular exploraci\u00f3n, entre lo emp\u00edrico y lo trascendente, sobre las eternas preguntas que conforman la experiencia humana.<\/p>\n<tr>\n<td>\u00abEn una clave maravillosamente m\u00e1gica y cient\u00edfica, viajando desde la aeron\u00e1utica a la sincronicidad de las almas,\u00a0Una apacible turbulencia\u00a0nos descubre que contra el infinito de la muerte solo existe el infinito del amor.\u00bb\u00a0<strong>Agust\u00edn Fern\u00e1ndez Mallo<\/strong><br \/>\u00abAntonio Ayuso consigue que ciencia y filosof\u00eda salgan a nuestro encuentro y nos ayuden a entender de qu\u00e9 respuesta es pregunta el universo.\u00bb\u00a0<strong>Montero Glez<\/strong><\/td>\n<\/tr>\n<p>Rosa Montero tambi\u00e9n ha recomendado estos otros libros <img decoding=\"async\" src=\"data:image\/svg+xml,%3Csvg%20xmlns=\" http:=\"\" alt=\"Hamnet\" style=\"width:475px;height:auto\" title=\"Hamnet\" data-lazy-src=\"https:\/\/www.europesays.com\/es\/wp-content\/uploads\/2025\/10\/978841797758.gif\"\/><\/p>\n<blockquote class=\"wp-block-quote is-layout-flow wp-block-quote-is-layout-flow\">\n<p class=\"tmzr-el\">\u00abEl libro que se me pas\u00f3 en su momento y que me ha chiflado es\u00a0Hamnet, de Maggie O\u2019Farrell. Yo hab\u00eda le\u00eddo otras cosas de Maggie O\u2019Farrell pero nada a la altura de este libro. Me ha parecido una escritura po\u00e9tica tan incre\u00edble, tan poderosa para la reconstrucci\u00f3n con el trasfondo de la\u00a0<a href=\"https:\/\/www.elplural.com\/playtime\/libros\/extraordinaria-vigencia-cervantes-shakespeare_238186102\" rel=\"nofollow noopener\" target=\"_blank\">vida de Shakespeare<\/a>\u00ab. Rosa Montero<\/p>\n<\/blockquote>\n<p class=\"tmzr-el\"><strong>MEJOR NOVELA DE 2021 SEG\u00daN EL DIARIO EL PA\u00cdS.<\/strong><\/p>\n<p class=\"tmzr-el\">Agnes, una muchacha peculiar que parece no rendir cuentas a nadie y que es capaz de crear misteriosos remedios con sencillas combinaciones de plantas, es la comidilla de Stratford, un peque\u00f1o pueblo de Inglaterra. Cuando conoce a un joven preceptor de lat\u00edn igual de extraordinario que ella, se da cuenta enseguida de que est\u00e1n llamados a formar una familia. Pero su matrimonio se ver\u00e1 puesto a prueba, primero por sus parientes y despu\u00e9s por una inesperada desgracia.\u00a0<\/p>\n<p class=\"tmzr-el\">Partiendo de la historia familiar de Shakespeare, Maggie O\u2019Farrell transita entre la ficci\u00f3n y la realidad para trazar una hipn\u00f3tica recreaci\u00f3n del suceso que inspir\u00f3 una de las obras literarias m\u00e1s famosas de todos los tiempos. La autora, lejos de fijarse \u00fanicamente en los acontecimientos conocidos, reivindica con ternura las inolvidables figuras que habitan en los m\u00e1rgenes de la historia y ahonda en las peque\u00f1as grandes cuestiones de cualquier existencia: la vida familiar, el afecto, el dolor y la p\u00e9rdida. El resultado es una prodigiosa novela que ha cosechado un enorme \u00e9xito internacional y confirma a O\u2019Farrell como una de las voces m\u00e1s brillantes de la literatura inglesa actual.<\/p>\n<p><img decoding=\"async\" src=\"data:image\/svg+xml,%3Csvg%20xmlns=\" http:=\"\" alt=\"El \u00faltimo hombre blanco\" style=\"width:305px;height:auto\" title=\"El \u00faltimo hombre blanco\" data-lazy-src=\"https:\/\/www.europesays.com\/es\/wp-content\/uploads\/2025\/10\/978843973963.gif\"\/><\/p>\n<blockquote class=\"wp-block-quote is-layout-flow wp-block-quote-is-layout-flow\">\n<p class=\"tmzr-el\">\u00abPrep\u00e1rate para leer un libro como nunca has le\u00eddo antes, que rompe las convenciones de lo narrativo y lo biogr\u00e1fico, de los valores no s\u00f3lo tradicionales, sino tambi\u00e9n de los alternativos. Un libro de humor, de amor y de dolor, tan embriagante como un vino fuerte y tan tumultuoso como la vida. A decir verdad, no concibo que pueda haber alguien a quien no le guste\u00bb.<br \/>Rosa Montero<\/p>\n<\/blockquote>\n<p class=\"tmzr-el\"><strong>\u00abLa escritura de Nuria Labari es precisa como una aleaci\u00f3n de hierro y carbono. Resiste temperaturas de lectura alt\u00edsimas sin deformarse y soporta edificios narrativos de la densidad del hormig\u00f3n prensado. [\u2026] Lo he le\u00eddo al borde del jadeo. Hacia la mitad me hice una prueba de ant\u00edgenos. Di negativo porque era la prosa de Labari la que me quitaba la respiraci\u00f3n. \u00bfQue de qu\u00e9 va? De eso mismo, de la respiraci\u00f3n. De su precio\u00bb.<\/strong><br \/><strong>Juan Jos\u00e9 Mill\u00e1s<\/strong><\/p>\n<p class=\"tmzr-el\"><strong>\u00abEl libro que necesitaba leer este a\u00f1o. Un viaje de pesadilla a las entra\u00f1as de un sistema ante el que ya no somos cuerpo, solo fuerza de trabajo. Una lectura que nos da las palabras precisas para nombrar lo que nos enferma y concita la rabia que necesitamos para, de una vez, romperlo todo\u00bb.<\/strong><br \/><strong>Aixa de la Cruz<\/strong><\/p>\n<p class=\"tmzr-el\"><strong>\u00abUn relato clarividente, inteligent\u00edsimo, vivisecci\u00f3n de lo que es ser hoy mujer y hombre, por separado y simult\u00e1neamente\u00bb.<\/strong><br \/><strong>Agust\u00edn Fern\u00e1ndez Mallo<\/strong><\/p>\n<p class=\"tmzr-el\">A sus cuarenta y cuatro a\u00f1os, la mujer que protagoniza esta novela se ha convertido en un aut\u00e9ntico \u00abhombre\u00bb de negocios: gana doscientos mil euros al a\u00f1o y ha modelado su cuerpo, su tiempo, su lenguaje y hasta sus relaciones sexuales para conseguir tener tanto poder como un hombre, ser aceptada en sus c\u00edrculos, ganarse su total confianza y convertirse, por fin, en uno de ellos. En la cima de su carrera profesional, cuando lleva a\u00f1os viviendo, pensando y ganando exactamente lo mismo que sus colegas masculinos, echa la vista atr\u00e1s y observa su metamorfosis, desde la primera vez que pens\u00f3 que hab\u00eda nacido en el bando equivocado hasta el momento en que comprende que su \u00e9xito profesional es tambi\u00e9n el resultado de una monstruosa transformaci\u00f3n personal.<\/p>\n<p class=\"tmzr-el\">El \u00faltimo hombre blanco\u00a0puede leerse como la cr\u00f3nica de una infiltrada en las costuras del mercado laboral o como el testimonio de un hombre poderoso y opaco que por primera vez toma la palabra dispuesto a decir la verdad. La prosa incisiva y l\u00facida de Nuria Labari sirve para contar la historia de una mujer que crey\u00f3 que necesitaba escalar una monta\u00f1a y de c\u00f3mo, una vez que consigui\u00f3 llegar a la cumbre, dese\u00f3 hacerla estallar.<\/p>\n<p><img decoding=\"async\" src=\"data:image\/svg+xml,%3Csvg%20xmlns=\" http:=\"\" alt=\"Una suerte peque\u00f1a\" style=\"width:302px;height:auto\" title=\"Una suerte peque\u00f1a\" data-lazy-src=\"https:\/\/www.europesays.com\/es\/wp-content\/uploads\/2025\/10\/978842040364.gif\"\/><\/p>\n<blockquote class=\"wp-block-quote is-layout-flow wp-block-quote-is-layout-flow\">\n<p class=\"tmzr-el\">\u00abElena sabe\u00a0es una historia sobrecogedora, narrada con gran hondura y econom\u00eda de medios.\u00bb<br \/>Rosa Montero<\/p>\n<\/blockquote>\n<p class=\"tmzr-el\"><strong>Un poderoso\u00a0thriller familiar por la autora de\u00a0Las viudas de los jueves, elogiada por Jos\u00e9 Saramago y Rosa Montero y consagrada por la cr\u00edtica extranjera, con m\u00e1s de medio mill\u00f3n de lectores<\/strong><\/p>\n<p class=\"tmzr-el\">Despu\u00e9s de veinte a\u00f1os una mujer vuelve a la Argentina, de donde parti\u00f3 escapando de una desgracia. Pero la que regresa es otra: no luce igual, su voz es diferente. Ni siquiera lleva el mismo nombre. \u00bfLa reconocer\u00e1n quienes la conocieron entonces? \u00bfLa reconocer\u00e1 \u00e9l?<\/p>\n<p class=\"tmzr-el\">Mary Lohan, Maril\u00e9 Laur\u00eda o Mar\u00eda Elena Pujol -la que es, la que fue, la que hab\u00eda sido alguna vez- vuelve al suburbio de Buenos Aires donde form\u00f3 una familia y vivi\u00f3 hasta que decidi\u00f3 huir. A\u00fan no termina de entender por qu\u00e9 acept\u00f3 regresar al pasado que se hab\u00eda propuesto olvidar para siempre. Pero a medida que lo comprenda, entre encuentros esperados y revelaciones inesperadas, entender\u00e1 tambi\u00e9n que a veces la vida no es ni destino ni casualidad: tal vez su regreso no sea otra cosa que una suerte peque\u00f1a.<\/p>\n<p class=\"tmzr-el\">Claudia Pi\u00f1eiro sorprende y cautiva con esta novela aguda y conmovedora donde la realidad y la intimidad tejen la cerrada urdimbre en que el lector queda atrapado una vez m\u00e1s.<\/p>\n<p class=\"tmzr-el\">\u00abVolv\u00ed para sentir que era capaz de soltarme en el vac\u00edo, de caer para ser -al fin- libre. Aunque se trate de una libertad in\u00fatil, aunque sea para ser libre s\u00f3lo en el instante que dure la ca\u00edda.\u00bb<\/p>\n<p><img decoding=\"async\" src=\"data:image\/svg+xml,%3Csvg%20xmlns=\" http:=\"\" alt=\"Los que van a morir te saludan\" style=\"width:322px;height:auto\" title=\"Los que van a morir te saludan\" data-lazy-src=\"https:\/\/www.europesays.com\/es\/wp-content\/uploads\/2025\/10\/978846633111.gif\"\/><\/p>\n<p class=\"tmzr-el\">\u00a0<\/p>\n<blockquote class=\"wp-block-quote is-layout-flow wp-block-quote-is-layout-flow\">\n<p class=\"tmzr-el\"><strong>\u00abFred Vargas logra atrapar al lector con historias tan imposibles como fascinantes. Es una hechicera de las letras, original e imprevisible.\u00bb<\/strong> Rosa Montero<\/p>\n<\/blockquote>\n<p class=\"tmzr-el\">Claudio, Tiberio y Ner\u00f3n son tres estudiantes franceses que viven en Roma. Claudio es malcriado, ego\u00edsta, tierno y mujeriego; Tiberio, el hu\u00e9rfano, el m\u00e1s guapo y brillante de los tres, es un apasionado del lat\u00edn cl\u00e1sico; Ner\u00f3n es amoral, esteta y se peina a la antigua.<\/p>\n<p class=\"tmzr-el\">En pleno mes de junio, Henri Valhubert, coleccionista de arte parisino -y padre de Claudio-, es asesinado una noche de fiesta delante del palacio Farnesio, entre antorchas y muchedumbre ebria. Al mismo tiempo, se descubre que unos valios\u00edsimos dibujos de Miguel \u00c1ngel han sido robados de la Biblioteca Vaticana. \u00bfTiene el crimen algo que ver con estas extra\u00f1as desapariciones?<\/p>\n","protected":false},"excerpt":{"rendered":"\u00abSolidez cient\u00edfica potenciada por una gran fuerza narrativa, creativa y po\u00e9tica. Si no vuelas con este libro es&hellip;\n","protected":false},"author":2,"featured_media":189199,"comment_status":"","ping_status":"","sticky":false,"template":"","format":"standard","meta":{"footnotes":""},"categories":[172],"tags":[224,146,147,25,24,225,23],"class_list":{"0":"post-189198","1":"post","2":"type-post","3":"status-publish","4":"format-standard","5":"has-post-thumbnail","7":"category-libros","8":"tag-books","9":"tag-entertainment","10":"tag-entretenimiento","11":"tag-es","12":"tag-espana","13":"tag-libros","14":"tag-spain"},"share_on_mastodon":{"url":"https:\/\/pubeurope.com\/@es\/115406230343233449","error":""},"_links":{"self":[{"href":"https:\/\/www.europesays.com\/es\/wp-json\/wp\/v2\/posts\/189198","targetHints":{"allow":["GET"]}}],"collection":[{"href":"https:\/\/www.europesays.com\/es\/wp-json\/wp\/v2\/posts"}],"about":[{"href":"https:\/\/www.europesays.com\/es\/wp-json\/wp\/v2\/types\/post"}],"author":[{"embeddable":true,"href":"https:\/\/www.europesays.com\/es\/wp-json\/wp\/v2\/users\/2"}],"replies":[{"embeddable":true,"href":"https:\/\/www.europesays.com\/es\/wp-json\/wp\/v2\/comments?post=189198"}],"version-history":[{"count":0,"href":"https:\/\/www.europesays.com\/es\/wp-json\/wp\/v2\/posts\/189198\/revisions"}],"wp:featuredmedia":[{"embeddable":true,"href":"https:\/\/www.europesays.com\/es\/wp-json\/wp\/v2\/media\/189199"}],"wp:attachment":[{"href":"https:\/\/www.europesays.com\/es\/wp-json\/wp\/v2\/media?parent=189198"}],"wp:term":[{"taxonomy":"category","embeddable":true,"href":"https:\/\/www.europesays.com\/es\/wp-json\/wp\/v2\/categories?post=189198"},{"taxonomy":"post_tag","embeddable":true,"href":"https:\/\/www.europesays.com\/es\/wp-json\/wp\/v2\/tags?post=189198"}],"curies":[{"name":"wp","href":"https:\/\/api.w.org\/{rel}","templated":true}]}}