{"id":189209,"date":"2025-10-20T11:27:08","date_gmt":"2025-10-20T11:27:08","guid":{"rendered":"https:\/\/www.europesays.com\/es\/189209\/"},"modified":"2025-10-20T11:27:08","modified_gmt":"2025-10-20T11:27:08","slug":"como-y-cuando-ver-a-lemmon-el-cometa-que-no-pasara-por-la-tierra-hasta-dentro-de-unos-1-350-anos","status":"publish","type":"post","link":"https:\/\/www.europesays.com\/es\/189209\/","title":{"rendered":"C\u00f3mo y cu\u00e1ndo ver a Lemmon, el cometa que no pasar\u00e1 por la Tierra hasta dentro de unos 1.350 a\u00f1os"},"content":{"rendered":"<p class=\"description\"><b>Oferta especial<\/b>: Suscr\u00edbete por solo 1,5\u20ac al mes a la revista National Geographic. -64% de descuento. <b>\u00a1Y recibe un regalo GRATIS!<\/b><\/p>\n<p class=\"description\"><b>\u00a1NOVEDAD!<\/b> Ya disponible la edici\u00f3n especial <b>El cerebro infantil<\/b> de la colecci\u00f3n Los Secretos del Cerebro de National Geographic.<\/p>\n<p>Durante las noches de octubre y noviembre de 2025, el cielo del hemisferio norte ofrecer\u00e1 <strong>uno de los espect\u00e1culos astron\u00f3micos m\u00e1s esperados del a\u00f1o<\/strong>: el paso del cometa C\/2025 A6 (Lemmon).<\/p>\n<p>Este cuerpo helado, reci\u00e9n descubierto por el astr\u00f3nomo Carson Fuls desde el Observatorio Mount Lemmon, en Arizona, ser\u00e1 visible a simple vista <strong>desde distintas regiones del planeta<\/strong>, y no volver\u00e1 a acercarse a la Tierra hasta dentro de unos 1.350 a\u00f1os. Originado en los confines del Sistema Solar, el cometa Lemmon describe <strong>una \u00f3rbita extremadamente alargada <\/strong>que lo lleva m\u00e1s all\u00e1 de Neptuno antes de regresar hacia el Sol.<\/p>\n<p>Cada visita suya es, por lo tanto, <strong>un acontecimiento \u00fanico para la ciencia<\/strong> y la observaci\u00f3n del cielo.<\/p>\n<p>Cu\u00e1ndo y c\u00f3mo verlo<\/p>\n<p>El cometa <strong>podr\u00e1 verse sobre todo desde Espa\u00f1a, M\u00e9xico y Centroam\u00e9rica<\/strong>. Las mejores condiciones de observaci\u00f3n llegar\u00e1n entre mediados de octubre y finales de noviembre, cuando el Lemmon<strong> alcanzar\u00e1 su punto m\u00e1s cercano a la Tierra, a unos 101 millones de kil\u00f3metros de distancia<\/strong>. El momento ideal para observarlo ser\u00e1 justo despu\u00e9s del atardecer, cuando el cielo empiece a oscurecer y aparezcan las primeras estrellas.<\/p>\n<p>&#13;<img decoding=\"async\" src=\"https:\/\/www.europesays.com\/es\/wp-content\/uploads\/2025\/10\/lluvia-de-estrellas_00000000_87803077_251020110900_800x800.webp.webp\" alt=\"Lluvia de estrellas\" class=\"image lazyload\"\/><\/p>\n<p>El martes <strong>21 de octubre ser\u00e1 la fecha clave<\/strong>: esa noche, el cometa se encontrar\u00e1 en la constelaci\u00f3n de Boyero, muy cerca de Arturo, una de las estrellas m\u00e1s brillantes del cielo boreal. Para localizarlo, basta con mirar hacia el horizonte noroeste y <strong>seguir el arco que une la Osa Mayor con Arturo.<\/strong> En zonas rurales, lejos de la contaminaci\u00f3n lum\u00ednica, el Lemmon podr\u00e1 distinguirse sin instrumentos, con un brillo similar al de las estrellas m\u00e1s notorias de esa regi\u00f3n.<\/p>\n<p>En las ciudades, <strong>unos prism\u00e1ticos de 7 a 12 aumentos<\/strong>, tal y como recomienda <a href=\"https:\/\/theconversation.com\/como-ver-el-cometa-lemmon-ya-distinguible-a-simple-vista-267552\" rel=\"nofollow noopener\" target=\"_blank\">Josep M. Trigo<\/a>,<strong>\u00a0<\/strong>Investigador Principal del Grupo de Meteoritos, Cuerpos Menores y Ciencias Planetarias del CSIC,\u00a0<strong>ayudar\u00e1n a identificar una mancha difusa<\/strong> acompa\u00f1ada por una breve cola luminosa que apunta en direcci\u00f3n contraria al Sol. Con el paso de los d\u00edas, el cometa <strong>se desplazar\u00e1 lentamente hacia las constelaciones de H\u00e9rcules y Serpens<\/strong>, y hacia noviembre se mover\u00e1 en direcci\u00f3n a Escorpio, donde podr\u00e1 verse pr\u00f3ximo a Antares, una estrella rojiza muy caracter\u00edstica.<\/p>\n<p>Un visitante del hielo<\/p>\n<p>Los cometas son archivos naturales del origen del Sistema Solar. Su composici\u00f3n \u2014<strong>una mezcla de hielo, polvo y material org\u00e1nico<\/strong>\u2014 conserva informaci\u00f3n sobre las primeras etapas de la formaci\u00f3n planetaria, <strong>hace m\u00e1s de 4.500 millones de a\u00f1os<\/strong>. Al acercarse al Sol, el calor activa la sublimaci\u00f3n de los hielos que cubren su superficie, generando <strong>una envoltura gaseosa llamada coma<\/strong> y una o m\u00e1s colas que reflejan la luz solar.<\/p>\n<p>En el caso del Lemmon, las observaciones preliminares muestran dos colas diferenciadas: una azulada, <strong>compuesta por gases ionizados que reaccionan al viento solar, y otra amarillenta, formada por part\u00edculas de polvo<\/strong>. Fotograf\u00edas recientes captadas desde Catalu\u00f1a revelan su estructura con notable detalle: una coma verdosa y brillante, junto con una cola azul que se extiende varios grados en el cielo.<\/p>\n<p>Este resplandor ef\u00edmero<strong> es la firma de su paso cercano al Sol<\/strong>, un momenta de intensa actividad que pronto se desvanecer\u00e1 cuando vuelva a entrar en la oscuridad exterior del Sistema Solar.\u00a0<\/p>\n","protected":false},"excerpt":{"rendered":"Oferta especial: Suscr\u00edbete por solo 1,5\u20ac al mes a la revista National Geographic. -64% de descuento. \u00a1Y recibe&hellip;\n","protected":false},"author":2,"featured_media":189210,"comment_status":"","ping_status":"","sticky":false,"template":"","format":"standard","meta":{"footnotes":""},"categories":[81],"tags":[119,123,124,25,24,1408,448,1407,1409,117,121,122,23,118,120,226],"class_list":{"0":"post-189209","1":"post","2":"type-post","3":"status-publish","4":"format-standard","5":"has-post-thumbnail","7":"category-ciencia-y-tecnologia","8":"tag-ciencia","9":"tag-ciencia-y-tecnologia","10":"tag-cienciaytecnologia","11":"tag-es","12":"tag-espana","13":"tag-geographic","14":"tag-historia","15":"tag-national","16":"tag-naturaleza","17":"tag-science","18":"tag-science-and-technology","19":"tag-scienceandtechnology","20":"tag-spain","21":"tag-technology","22":"tag-tecnologia","23":"tag-viajes"},"share_on_mastodon":{"url":"https:\/\/pubeurope.com\/@es\/115406257889985693","error":""},"_links":{"self":[{"href":"https:\/\/www.europesays.com\/es\/wp-json\/wp\/v2\/posts\/189209","targetHints":{"allow":["GET"]}}],"collection":[{"href":"https:\/\/www.europesays.com\/es\/wp-json\/wp\/v2\/posts"}],"about":[{"href":"https:\/\/www.europesays.com\/es\/wp-json\/wp\/v2\/types\/post"}],"author":[{"embeddable":true,"href":"https:\/\/www.europesays.com\/es\/wp-json\/wp\/v2\/users\/2"}],"replies":[{"embeddable":true,"href":"https:\/\/www.europesays.com\/es\/wp-json\/wp\/v2\/comments?post=189209"}],"version-history":[{"count":0,"href":"https:\/\/www.europesays.com\/es\/wp-json\/wp\/v2\/posts\/189209\/revisions"}],"wp:featuredmedia":[{"embeddable":true,"href":"https:\/\/www.europesays.com\/es\/wp-json\/wp\/v2\/media\/189210"}],"wp:attachment":[{"href":"https:\/\/www.europesays.com\/es\/wp-json\/wp\/v2\/media?parent=189209"}],"wp:term":[{"taxonomy":"category","embeddable":true,"href":"https:\/\/www.europesays.com\/es\/wp-json\/wp\/v2\/categories?post=189209"},{"taxonomy":"post_tag","embeddable":true,"href":"https:\/\/www.europesays.com\/es\/wp-json\/wp\/v2\/tags?post=189209"}],"curies":[{"name":"wp","href":"https:\/\/api.w.org\/{rel}","templated":true}]}}