{"id":189219,"date":"2025-10-20T11:32:08","date_gmt":"2025-10-20T11:32:08","guid":{"rendered":"https:\/\/www.europesays.com\/es\/189219\/"},"modified":"2025-10-20T11:32:08","modified_gmt":"2025-10-20T11:32:08","slug":"el-granollers-con-obligacion-de-sumar-sino-quiere-problemas-en-europa","status":"publish","type":"post","link":"https:\/\/www.europesays.com\/es\/189219\/","title":{"rendered":"El Granollers con &#8216;obligaci\u00f3n de sumar&#8217; sino quiere problemas en Europa"},"content":{"rendered":"<p data-gtm-element-container=\"modulo-texto-link\" class=\"paragraph\">El <strong>Fraikin BM Granollers<\/strong> tratar\u00e1 de<strong> enderezar el rumbo<\/strong> y sumar su <strong>primera victoria en la Liga Europea<\/strong> este martes a las <strong>18:45 horas<\/strong> frente al <strong>CS Minaur Baia Mare<\/strong>\u00a0equipo rumano, en un partido en el que<strong> solo le vale ganar<\/strong> si quiere evitar complicaciones de clasificaci\u00f3n.<\/p>\n<p data-gtm-element-container=\"modulo-texto-link\" class=\"paragraph\">El <strong>conjunto vallesano<\/strong> llega al encuentro con cierto desgaste f\u00edsico, ya que <strong>ser\u00e1 su cuarto partido en poco m\u00e1s de una semana<\/strong>, por lo que el t\u00e9cnico <strong>Antonio Rama<\/strong> gestiona cuidadosamente los minutos de sus jugadores para que afronten en las <strong>mejores condiciones este compromiso<\/strong> ante, probablemente, el <strong>rival m\u00e1s asequible del grupo.<\/strong><\/p>\n<p data-gtm-element-container=\"modulo-texto-link\" class=\"paragraph\">Pese al cansancio, el <strong>Granollers<\/strong> encara el choque con confianza tras la <strong>victoria liguera<\/strong> en <strong>Guadalajara (29-32)<\/strong>, aunque a\u00fan con el recuerdo de la <strong>derrota en su debut europeo<\/strong> ante el <strong>Skanderborg Aarhus dan\u00e9s (26-31).<\/strong><\/p>\n<blockquote class=\"twitter-tweet\" data-lang=\"es\"><p>\n<a href=\"https:\/\/twitter.com\/RFEBalonmano\/status\/1978393380443848913\" rel=\"nofollow noopener\" target=\"_blank\">\n<\/p><\/blockquote>\n<p data-gtm-element-container=\"modulo-texto-link\" class=\"paragraph\">\u00abEs un <strong>partido vital<\/strong>, porque todav\u00eda <strong>no hemos ganado en esta competici\u00f3n<\/strong>. Tenemos mucha ilusi\u00f3n por <strong>conseguir los primeros puntos\u00bb<\/strong>, ha afirmado<strong> Rama.<\/strong><\/p>\n<p data-gtm-element-container=\"modulo-texto-link\" class=\"paragraph\">\u00abEs cierto que es un desplazamiento complicado y, adem\u00e1s, un partido europeo siempre tiene su dificultad. <strong>Pero si queremos tener opciones, debemos competir al m\u00e1ximo\u00bb,<\/strong> ha a\u00f1adido.<\/p>\n<p>    Lee tambi\u00e9n<\/p>\n<p data-gtm-element-container=\"modulo-texto-link\" class=\"paragraph\"><strong>Rama<\/strong> ha destacado las <strong>virtudes f\u00edsicas del conjunto rumano<\/strong>, \u00abun <strong>equipo duro<\/strong> y <strong>contundente<\/strong>, con <strong>jugadores grandes<\/strong>, <strong>buenos lanzadores<\/strong> y una <strong>defensa muy agresiva\u00bb.<\/strong><\/p>\n<p data-gtm-element-container=\"modulo-texto-link\" class=\"paragraph\">El <strong>CS Minaur Baia Mare<\/strong> debut\u00f3 en la competici\u00f3n con <strong>una derro<\/strong>ta ante el <strong>Slovan (35-29)<\/strong> y no atraviesa por <strong>su mejor momento en la liga rumana<\/strong>, donde ocupa la <strong>sexta posici\u00f3n<\/strong> con <strong>seis puntos en cinco jornadas.<\/strong><\/p>\n<p><script async src=\"https:\/\/platform.twitter.com\/widgets.js\" charset=\"utf-8\"><\/script><\/p>\n","protected":false},"excerpt":{"rendered":"El Fraikin BM Granollers tratar\u00e1 de enderezar el rumbo y sumar su primera victoria en la Liga Europea&hellip;\n","protected":false},"author":2,"featured_media":189220,"comment_status":"","ping_status":"","sticky":false,"template":"","format":"standard","meta":{"footnotes":""},"categories":[278],"tags":[376,168,25,24,375,23,167],"class_list":{"0":"post-189219","1":"post","2":"type-post","3":"status-publish","4":"format-standard","5":"has-post-thumbnail","7":"category-balonmano","8":"tag-balonmano","9":"tag-deportes","10":"tag-es","11":"tag-espana","12":"tag-handball","13":"tag-spain","14":"tag-sports"},"share_on_mastodon":{"url":"https:\/\/pubeurope.com\/@es\/115406277430212040","error":""},"_links":{"self":[{"href":"https:\/\/www.europesays.com\/es\/wp-json\/wp\/v2\/posts\/189219","targetHints":{"allow":["GET"]}}],"collection":[{"href":"https:\/\/www.europesays.com\/es\/wp-json\/wp\/v2\/posts"}],"about":[{"href":"https:\/\/www.europesays.com\/es\/wp-json\/wp\/v2\/types\/post"}],"author":[{"embeddable":true,"href":"https:\/\/www.europesays.com\/es\/wp-json\/wp\/v2\/users\/2"}],"replies":[{"embeddable":true,"href":"https:\/\/www.europesays.com\/es\/wp-json\/wp\/v2\/comments?post=189219"}],"version-history":[{"count":0,"href":"https:\/\/www.europesays.com\/es\/wp-json\/wp\/v2\/posts\/189219\/revisions"}],"wp:featuredmedia":[{"embeddable":true,"href":"https:\/\/www.europesays.com\/es\/wp-json\/wp\/v2\/media\/189220"}],"wp:attachment":[{"href":"https:\/\/www.europesays.com\/es\/wp-json\/wp\/v2\/media?parent=189219"}],"wp:term":[{"taxonomy":"category","embeddable":true,"href":"https:\/\/www.europesays.com\/es\/wp-json\/wp\/v2\/categories?post=189219"},{"taxonomy":"post_tag","embeddable":true,"href":"https:\/\/www.europesays.com\/es\/wp-json\/wp\/v2\/tags?post=189219"}],"curies":[{"name":"wp","href":"https:\/\/api.w.org\/{rel}","templated":true}]}}