{"id":189273,"date":"2025-10-20T12:09:07","date_gmt":"2025-10-20T12:09:07","guid":{"rendered":"https:\/\/www.europesays.com\/es\/189273\/"},"modified":"2025-10-20T12:09:07","modified_gmt":"2025-10-20T12:09:07","slug":"otras-peliculas-sobre-eta-que-merece-la-pena-ver","status":"publish","type":"post","link":"https:\/\/www.europesays.com\/es\/189273\/","title":{"rendered":"otras pel\u00edculas sobre ETA que merece la pena ver"},"content":{"rendered":"<p class=\"article-text\">\n        El 20 de octubre de 2011, ETA anunci\u00f3 el <strong>cese definitivo de su actividad armada<\/strong>. Hoy <a href=\"https:\/\/www.eldiario.es\/politica\/trece-anos-eta-hay-reivindicar-paz-frivolizar-terror-despreciar-muertos_1_11746002.html\" target=\"_blank\" data-mrf-recirculation=\"links-noticia\" class=\"link\" rel=\"nofollow noopener\">se cumplen 14 a\u00f1os de ese momento<\/a> y, hace apenas unos d\u00edas, Netflix estren\u00f3 Un fantasma en la batalla, una nueva pel\u00edcula sobre la banda terrorista. Dirigido por Agust\u00edn D\u00edaz Yanes, el largometraje cuenta la historia de Amaia (Susana Abaitua), una guardia civil que permanece m\u00e1s de una d\u00e9cada trabajando como agente encubierta con el objetivo de localizar los zulos que ten\u00edan escondidos en el sur de Francia.\n    <\/p>\n<p>    <a href=\"https:\/\/www.eldiario.es\/cultura\/cine\/cine-rescata-infiltrada-estuvo-ocho-anos-eta-si-hubiera-sido-hombre-habria-contado_1_11720520.html\" data-mrf-recirculation=\"saber-mas\" data-dl-event=\"saber-mas\" rel=\"nofollow noopener\" target=\"_blank\"><\/p>\n<p class=\"know-more__title\">El cine rescata a la infiltrada que estuvo ocho a\u00f1os en ETA: \u201dSi hubiera sido un hombre ya se habr\u00eda contado\u201d<\/p>\n<p>            <img decoding=\"async\" class=\"lazy\" loading=\"lazy\" data-src=\"https:\/\/static.eldiario.es\/clip\/7065e466-f560-444b-b229-097cefa8059e_16-9-aspect-ratio_default_0.jpg\" src=\"data:image\/svg+xml,%3Csvg xmlns=\" http:=\"\" viewbox=\"0 0 880 495\" alt=\"El cine rescata a la infiltrada que estuvo ocho a\u00f1os en ETA: \u201dSi hubiera sido un hombre ya se habr\u00eda contado\u201d\"\/><\/p>\n<p>                        <\/a><\/p>\n<p class=\"article-text\">\n        No es el \u00fanico filme reciente que ha abordado la infiltraci\u00f3n dentro de ETA. En 2024, la producci\u00f3n inspirada en Ar\u00e1nzazu Berradre, la primera mujer que se meti\u00f3 en las entra\u00f1as de la banda terrorista, se llev\u00f3 el Goya a Mejor Pel\u00edcula. Hablamos de <strong>La infiltrada<\/strong>, dirigida por Arantxa Echevarr\u00eda y protagonizada por Carolina Yuste. El trabajo de Berradre, cuyo nombre real era Elena Tejada y que estuvo ocho a\u00f1os en la organizaci\u00f3n, permiti\u00f3 la desarticulaci\u00f3n del comando Donosti.\n    <\/p>\n<p class=\"article-text\">\n        Desde hace a\u00f1os, las pel\u00edculas sobre la banda terrorista han abordado todo tipo de tem\u00e1ticas: desde el funcionamiento interno de la organizaci\u00f3n, a la infiltraci\u00f3n de agentes encubiertos, las v\u00edctimas y el impacto del terrorismo, o el contexto pol\u00edtico y social del Pa\u00eds Vasco durante los a\u00f1os de actividad armada. Recordamos algunas de las que merece la pena ver para <strong>no olvidar esta parte tan importante de la historia <\/strong>de nuestro pa\u00eds.\n    <\/p>\n<p>    <strong>\u2018Maixabel\u2019 (2021)\u00a0<\/strong><\/p>\n<p class=\"article-text\">\n        Esta pel\u00edcula dirigida por Ic\u00edar Bolla\u00edn logr\u00f3 tres premios Goya y se centra en la historia de Maixabel Lasa, viuda del pol\u00edtico socialista Juan Mari J\u00e1uregui que fue asesinado por ETA en el a\u00f1o 2000. El largometraje aborda los encuentros que Lasa mantuvo con <strong>dos de los hombres que asesinaron a su marido<\/strong>, poniendo sobre la mesa el tema del perd\u00f3n y rompiendo tab\u00faes de una de las etapas m\u00e1s traum\u00e1ticas de la democracia espa\u00f1ola.\n    <\/p>\n<p>    <strong>\u2018Todos estamos invitados\u2019 (2008)<\/strong><\/p>\n<p class=\"article-text\">\n        Esta es una pel\u00edcula de ficci\u00f3n que cuenta dos historias de personajes que se acaban entrelazando. Por un lado est\u00e1 Xabier (Jos\u00e9 Coronado), un profesor de la universidad del Pa\u00eds Vasco que es <strong>amenazado por sus cr\u00edticas opiniones acerca de ETA <\/strong>y sus atentados. Por otro, Josu Jon (\u00d3scar Jaenada), un joven etarra que se recupera de un problema de amnesia sufrido tras cometer un atentado. El filme fue dirigido por Manuel Guti\u00e9rrez Arag\u00f3n.\n    <\/p>\n<p>    <strong>\u2018El lobo\u2019 (2004)<\/strong><\/p>\n<p class=\"article-text\">\n        El director Miguel Courtois puso en pie este largometraje basado en la <strong>vida de Mikel Lejarza<\/strong>, alias El lobo, un agente infiltrado en ETA durante los a\u00f1os 70 y 80 que se gan\u00f3 la confianza de algunos de sus principales dirigentes. Adem\u00e1s de su historia de infiltraci\u00f3n y su condena despu\u00e9s de ser descubierto, la pel\u00edcula tambi\u00e9n refleja el clima pol\u00edtico y social del Pa\u00eds Vasco en esa \u00e9poca.\n    <\/p>\n<p>    <strong>\u2018Yoyes\u2019 (1999)<\/strong><\/p>\n<p class=\"article-text\">\n        Es una de las pel\u00edculas m\u00e1s conocidas sobre la banda terrorista. Dirigido por Helena Taberna, el filme cuenta la historia de Dolores Gonz\u00e1lez Katarin (Ana Torrent), conocida como Yoyes, la <strong>primera mujer que ocup\u00f3 un cargo de responsabilidad dentro de ETA<\/strong>. Esta fue asesinada por la propia banda cuando decidi\u00f3 abandonar la lucha armada y reinsertarse en la sociedad.\n    <\/p>\n<p>    <a href=\"https:\/\/www.eldiario.es\/cultura\/cine\/fantasma-batalla-infiltrada-eta-trae-vuelta-mejor-cine-agustin-diaz-yanes_1_12629625.html\" data-mrf-recirculation=\"saber-mas-abajo\" data-dl-event=\"saber-mas-abajo\" rel=\"nofollow noopener\" target=\"_blank\"><\/p>\n<p class=\"know-more__title\">\u2018Un fantasma en la batalla\u2019, otra infiltrada en ETA trae de vuelta el mejor cine de Agust\u00edn D\u00edaz Yanes<\/p>\n<p>            <img decoding=\"async\" class=\"lazy\" loading=\"lazy\" data-src=\"https:\/\/static.eldiario.es\/clip\/125fcf4f-776a-4ef5-a1f1-43b231843887_16-9-aspect-ratio_default_0.jpg\" src=\"data:image\/svg+xml,%3Csvg xmlns=\" http:=\"\" viewbox=\"0 0 880 495\" alt=\"\u2018Un fantasma en la batalla\u2019, otra infiltrada en ETA trae de vuelta el mejor cine de Agust\u00edn D\u00edaz Yanes\"\/><\/p>\n<p>                        <\/a><\/p>\n<p>    <strong>\u2018Patria\u2019 (2020)<\/strong><\/p>\n<p class=\"article-text\">\n        Esta no es una pel\u00edcula, sino una miniserie de ocho cap\u00edtulos de HBO basada en el libro Patria de Fernando Aramburu. A trav\u00e9s de la historia de dos familias del Pa\u00eds Vasco, la serie explora el <strong>impacto que tuvo el terrorismo <\/strong>de ETA en la poblaci\u00f3n, tanto para las v\u00edctimas de los atentados como para aquellos que tuvieron alg\u00fan tipo de relaci\u00f3n con los integrantes de la organizaci\u00f3n.\u00a0\n    <\/p>\n","protected":false},"excerpt":{"rendered":"El 20 de octubre de 2011, ETA anunci\u00f3 el cese definitivo de su actividad armada. Hoy se cumplen&hellip;\n","protected":false},"author":2,"featured_media":189274,"comment_status":"","ping_status":"","sticky":false,"template":"","format":"standard","meta":{"footnotes":""},"categories":[169],"tags":[4095,177,146,147,25,24,2152,25514,176,13969,175,753,4877,2678,23,809],"class_list":{"0":"post-189273","1":"post","2":"type-post","3":"status-publish","4":"format-standard","5":"has-post-thumbnail","7":"category-cine","8":"tag-batalla","9":"tag-cine","10":"tag-entertainment","11":"tag-entretenimiento","12":"tag-es","13":"tag-espana","14":"tag-eta","15":"tag-fantasma","16":"tag-film","17":"tag-merece","18":"tag-movies","19":"tag-peliculas","20":"tag-pena","21":"tag-pm","22":"tag-spain","23":"tag-ver"},"share_on_mastodon":{"url":"https:\/\/pubeurope.com\/@es\/115406422926580980","error":""},"_links":{"self":[{"href":"https:\/\/www.europesays.com\/es\/wp-json\/wp\/v2\/posts\/189273","targetHints":{"allow":["GET"]}}],"collection":[{"href":"https:\/\/www.europesays.com\/es\/wp-json\/wp\/v2\/posts"}],"about":[{"href":"https:\/\/www.europesays.com\/es\/wp-json\/wp\/v2\/types\/post"}],"author":[{"embeddable":true,"href":"https:\/\/www.europesays.com\/es\/wp-json\/wp\/v2\/users\/2"}],"replies":[{"embeddable":true,"href":"https:\/\/www.europesays.com\/es\/wp-json\/wp\/v2\/comments?post=189273"}],"version-history":[{"count":0,"href":"https:\/\/www.europesays.com\/es\/wp-json\/wp\/v2\/posts\/189273\/revisions"}],"wp:featuredmedia":[{"embeddable":true,"href":"https:\/\/www.europesays.com\/es\/wp-json\/wp\/v2\/media\/189274"}],"wp:attachment":[{"href":"https:\/\/www.europesays.com\/es\/wp-json\/wp\/v2\/media?parent=189273"}],"wp:term":[{"taxonomy":"category","embeddable":true,"href":"https:\/\/www.europesays.com\/es\/wp-json\/wp\/v2\/categories?post=189273"},{"taxonomy":"post_tag","embeddable":true,"href":"https:\/\/www.europesays.com\/es\/wp-json\/wp\/v2\/tags?post=189273"}],"curies":[{"name":"wp","href":"https:\/\/api.w.org\/{rel}","templated":true}]}}