{"id":189295,"date":"2025-10-20T12:20:07","date_gmt":"2025-10-20T12:20:07","guid":{"rendered":"https:\/\/www.europesays.com\/es\/189295\/"},"modified":"2025-10-20T12:20:07","modified_gmt":"2025-10-20T12:20:07","slug":"ilia-topuria-se-da-un-bano-de-masas-en-georgia-a-la-espera-de-firmar-su-proxima-pelea-en-la-ufc","status":"publish","type":"post","link":"https:\/\/www.europesays.com\/es\/189295\/","title":{"rendered":"Ilia Topuria se da un ba\u00f1o de masas en Georgia a la espera de firmar su pr\u00f3xima pelea en la UFC"},"content":{"rendered":"<p style=\"\">Ilia Topuria<a href=\"https:\/\/www.abc.es\/deportes\/mma\/record-historico-busca-quebrar-ufc-merab-dvalishvili-20251020023051-nt.html\" target=\"_self\" data-voc-vtm-id=\"in-text-traffic\" title=\" es un \u00eddolo de masas\" rel=\"nofollow noopener\"> es un \u00eddolo de masas<\/a>, especialmente en los dos pa\u00edses que representa dentro del circuito mundial de las artes marciales mixtas (MMA). En Espa\u00f1a ya hab\u00eda quedado constatado, despu\u00e9s de numerosos recibimientos masivos que ha protagonizado tras proclamarse campe\u00f3n de la UFC  &#8230; en los dos \u00faltimos a\u00f1os. En Georgia, qued\u00f3 patente la pasada semana, pues acudi\u00f3 a varios actos donde<strong> tuvo que ser escoltado ante la avalancha de gente<\/strong> que quer\u00eda saludarlo.<\/p>\n<p class=\"voc-p\" style=\"\"> Concretamente, el momento de m\u00e1s intensidad lo vivi\u00f3 Topuria durante su visita al monumento de Las Cr\u00f3nicas de Georgia, ubicado en la capital del pa\u00eds. Despu\u00e9s de anunciarlo en redes sociales, miles de georgianos acudieron en tromba para poder ver de cerca a su \u00eddolo, dejando unas im\u00e1genes impactantes, pues apenas pod\u00eda avanzar entre la multitud. <\/p>\n<p class=\"voc-p\" style=\"\">Todo ello ha sucedido mientras El Matador espera la confirmaci\u00f3n de su pr\u00f3xima pelea. Recientemente, el CEO de la UFC, Dana White, se\u00f1al\u00f3 que <strong>era \u00abuna posibilidad\u00bb que Topuria encabece el primer evento numerado<\/strong> del a\u00f1o, que servir\u00e1 para poner el punto de partida al contrato con Paramount. \u00abEs una posibilidad. Literalmente hemos empezado hoy. Los emparejamientos comenzaron hoy, hemos empezado a trabajar en la primera cartelera de Paramount\u00bb, apunt\u00f3 el m\u00e1ximo directivo en rueda de prensa.<\/p>\n<p class=\"voc-p\" style=\"\">Por este asunto tambi\u00e9n fue cuestionado Topuria en Georgia, y se\u00f1al\u00f3 que era \u00abmuy posible\u00bb que estuviera estelarizando el UFC 324, que est\u00e1 programado para Los \u00c1ngeles. Y entre sus posibles rivales, hay uno que ha tomado la delantera. \u00ab<a href=\"https:\/\/www.abc.es\/deportes\/mma\/ilia-topuria-calienta-motores-ufc-quienquiera-proximo-20251019131425-nt.html\" target=\"_self\" data-voc-vtm-id=\"in-text-traffic\" title=\"Definitivamente Paddy Pimblett.\" rel=\"nofollow noopener\">Definitivamente Paddy Pimblett.<\/a> Tenemos una historia detr\u00e1s. Creo que es la pelea que todo el mundo quiere ver y creo que todos quer\u00e9is verme hacer eso\u00bb, reconoci\u00f3 el propio campe\u00f3n tras ser preguntado en Georgia. <\/p>\n","protected":false},"excerpt":{"rendered":"Ilia Topuria es un \u00eddolo de masas, especialmente en los dos pa\u00edses que representa dentro del circuito mundial&hellip;\n","protected":false},"author":2,"featured_media":189296,"comment_status":"","ping_status":"","sticky":false,"template":"","format":"standard","meta":{"footnotes":""},"categories":[276],"tags":[15424,168,25,24,4351,7706,11560,347,23620,3968,3850,23,167,348,343],"class_list":{"0":"post-189295","1":"post","2":"type-post","3":"status-publish","4":"format-standard","5":"has-post-thumbnail","7":"category-ufc","8":"tag-bano","9":"tag-deportes","10":"tag-es","11":"tag-espana","12":"tag-espera","13":"tag-firmar","14":"tag-georgia","15":"tag-ilia","16":"tag-masas","17":"tag-pelea","18":"tag-proxima","19":"tag-spain","20":"tag-sports","21":"tag-topuria","22":"tag-ufc"},"share_on_mastodon":{"url":"https:\/\/pubeurope.com\/@es\/115406466128970452","error":""},"_links":{"self":[{"href":"https:\/\/www.europesays.com\/es\/wp-json\/wp\/v2\/posts\/189295","targetHints":{"allow":["GET"]}}],"collection":[{"href":"https:\/\/www.europesays.com\/es\/wp-json\/wp\/v2\/posts"}],"about":[{"href":"https:\/\/www.europesays.com\/es\/wp-json\/wp\/v2\/types\/post"}],"author":[{"embeddable":true,"href":"https:\/\/www.europesays.com\/es\/wp-json\/wp\/v2\/users\/2"}],"replies":[{"embeddable":true,"href":"https:\/\/www.europesays.com\/es\/wp-json\/wp\/v2\/comments?post=189295"}],"version-history":[{"count":0,"href":"https:\/\/www.europesays.com\/es\/wp-json\/wp\/v2\/posts\/189295\/revisions"}],"wp:featuredmedia":[{"embeddable":true,"href":"https:\/\/www.europesays.com\/es\/wp-json\/wp\/v2\/media\/189296"}],"wp:attachment":[{"href":"https:\/\/www.europesays.com\/es\/wp-json\/wp\/v2\/media?parent=189295"}],"wp:term":[{"taxonomy":"category","embeddable":true,"href":"https:\/\/www.europesays.com\/es\/wp-json\/wp\/v2\/categories?post=189295"},{"taxonomy":"post_tag","embeddable":true,"href":"https:\/\/www.europesays.com\/es\/wp-json\/wp\/v2\/tags?post=189295"}],"curies":[{"name":"wp","href":"https:\/\/api.w.org\/{rel}","templated":true}]}}