{"id":189310,"date":"2025-10-20T12:30:22","date_gmt":"2025-10-20T12:30:22","guid":{"rendered":"https:\/\/www.europesays.com\/es\/189310\/"},"modified":"2025-10-20T12:30:22","modified_gmt":"2025-10-20T12:30:22","slug":"todo-el-mundo-tenemos-el-recuerdo-de-personas-que-han-estado-en-esa-situacion","status":"publish","type":"post","link":"https:\/\/www.europesays.com\/es\/189310\/","title":{"rendered":"Todo el mundo tenemos el recuerdo de personas que han estado en esa situaci\u00f3n"},"content":{"rendered":"<p data-journey-content=\"true\" data-node-id=\"3\" class=\"css-6wxqfj emevuu60\"><strong data-node-id=\"3.0\">Hemos pasado unas semanas muy complicadas como espectadores de &#8216;La Promesa&#8217; asistiendo a una &#8216;espantada&#8217; como nunca antes hab\u00eda ocurrido en el reparto.<\/strong> En apenas un mes han desfilado varios actores y actrices por la serie protagonizando el adi\u00f3s de sus respectivos personajes. As\u00ed, hemos despedido a <a href=\"https:\/\/www.diezminutos.es\/telenovela\/espanolas\/a68030879\/carmen-asecas-actriz-la-promesa-catalina-despedida\/\" target=\"_blank\" data-vars-ga-outbound-link=\"https:\/\/www.diezminutos.es\/telenovela\/espanolas\/a68030879\/carmen-asecas-actriz-la-promesa-catalina-despedida\/\" data-vars-ga-ux-element=\"Hyperlink\" data-vars-ga-call-to-action=\"Catalina (Carmen Asecas)\" data-node-id=\"3.2\" class=\"body-link css-177bzfx emevuu60\" rel=\"nofollow noopener\">Catalina (Carmen Asecas)<\/a>, pocos d\u00edas despu\u00e9s a <a href=\"https:\/\/www.diezminutos.es\/telenovela\/espanolas\/a68870595\/la-promesa-carlos-de-austria-actor-ricardo-pellicer-despedida\/\" target=\"_blank\" data-vars-ga-outbound-link=\"https:\/\/www.diezminutos.es\/telenovela\/espanolas\/a68870595\/la-promesa-carlos-de-austria-actor-ricardo-pellicer-despedida\/\" data-vars-ga-ux-element=\"Hyperlink\" data-vars-ga-call-to-action=\"Ricardo Pellicer (Carlos de Austria)\" data-node-id=\"3.4\" class=\"body-link css-177bzfx emevuu60\" rel=\"nofollow noopener\">Ricardo Pellicer (Carlos de Austria)<\/a> y finalmente tambi\u00e9n a <a href=\"https:\/\/www.diezminutos.es\/telenovela\/espanolas\/a69012803\/la-promesa-reparto-pepe-nufrio-despedida\/\" target=\"_blank\" data-vars-ga-outbound-link=\"https:\/\/www.diezminutos.es\/telenovela\/espanolas\/a69012803\/la-promesa-reparto-pepe-nufrio-despedida\/\" data-vars-ga-ux-element=\"Hyperlink\" data-vars-ga-call-to-action=\"Federico (Pepe Nufrio)\" data-node-id=\"3.6\" class=\"body-link css-177bzfx emevuu60\" rel=\"nofollow noopener\">Federico (Pepe Nufrio)<\/a>, por lo que ya no pod\u00eda extra\u00f1ar que alg\u00fan otro rol de la serie nos tuviese reservada alguna que otra sorpresa m\u00e1s y lo cierto es que tem\u00edamos muy especialmente por Petra.<\/p>\n<p data-journey-content=\"true\" data-node-id=\"6\" class=\"css-6wxqfj emevuu60\">Durante varias semanas <a href=\"https:\/\/www.diezminutos.es\/telenovela\/espanolas\/a68153387\/la-promesa-resumen-capitulos-691-a-695-del-6-al-10-octubre-2025-tve\/\" target=\"_blank\" data-vars-ga-outbound-link=\"https:\/\/www.diezminutos.es\/telenovela\/espanolas\/a68153387\/la-promesa-resumen-capitulos-691-a-695-del-6-al-10-octubre-2025-tve\/\" data-vars-ga-ux-element=\"Hyperlink\" data-vars-ga-call-to-action=\"hemos visto c\u00f3mo ca\u00eda enferma\" data-node-id=\"6.1\" class=\"body-link css-177bzfx emevuu60\" rel=\"nofollow noopener\">hemos visto c\u00f3mo ca\u00eda enferma<\/a>, descubr\u00eda que <a href=\"https:\/\/www.diezminutos.es\/telenovela\/espanolas\/a68843535\/la-promesa-avance-rtve-capitulos-petra-enfermedad-tetanos\/\" target=\"_blank\" data-vars-ga-outbound-link=\"https:\/\/www.diezminutos.es\/telenovela\/espanolas\/a68843535\/la-promesa-avance-rtve-capitulos-petra-enfermedad-tetanos\/\" data-vars-ga-ux-element=\"Hyperlink\" data-vars-ga-call-to-action=\"su dolencia era haber contra\u00eddo el t\u00e9tanos,\" data-node-id=\"6.3\" class=\"body-link css-177bzfx emevuu60\" rel=\"nofollow noopener\">su dolencia era haber contra\u00eddo el t\u00e9tanos,<\/a> y pasaba en cama varios cap\u00edtulos padeciendo terribles dolores mientras cre\u00eda encontrarse a las puertas de la muerte. Con esta perspectiva, los verdaderos fans de la serie tem\u00edamos que su final estuviese realmente cerca y tuvi\u00e9semos que prepararnos para otro tr\u00e1gico adi\u00f3s, aunque finalmente todo parece haberse encarrilado y Petra podr\u00eda salvarse, aunque eso no haya acabado con sus rencillas con sus compa\u00f1eros del servicio. Pero ha sido tal el esfuerzo de su actriz que no extra\u00f1a que haya sufrido un poco rodando estas escenas. As\u00ed habla <strong data-node-id=\"6.5\">Marga Mart\u00ednez, Petra en &#8216;La Promesa&#8217;, sobre su momento m\u00e1s dif\u00edcil en la serie de TVE: \u00abTodo el mundo tenemos el recuerdo de personas que han estado en esa situaci\u00f3n\u00bb.<\/strong><\/p>\n<p><img draggable=\"true\" alt=\"petra en 'la promesa'\" title=\"Petra en 'La Promesa'\" loading=\"lazy\" width=\"5332\" height=\"3000\" decoding=\"async\" data-nimg=\"1\" style=\"color:transparent;width:100%;height:auto;\"   src=\"https:\/\/www.europesays.com\/es\/wp-content\/uploads\/2025\/10\/la-promesa-petra-68f224156b4b0.jpg\" class=\"css-0 e1g79fud0\"\/><\/p>\n<p>RTVE<\/p>\n<p>Marga Mart\u00ednez revela cu\u00e1l ha sido su momento m\u00e1s dif\u00edcil interpretando a Petra en &#8216;La Promesa&#8217;<\/p>\n<p data-journey-content=\"true\" data-node-id=\"13\" class=\"css-6wxqfj emevuu60\"><strong data-node-id=\"13.0\">Los guionistas de &#8216;La Promesa&#8217; siempre quieren impregnar de cierto realismo sus tramas<\/strong> y, de tanto en cuanto, incluyen casos de problem\u00e1ticas propias de la \u00e9poca que sirve de contexto a la serie para potenciar el conocimiento de su audiencia y, de paso, aprovecharlas como puntos de inflexi\u00f3n de sus personajes. Ya ocurri\u00f3 con <a href=\"https:\/\/www.diezminutos.es\/telenovela\/espanolas\/a60987811\/la-promesa-avance-semanal-sucesos-tragicos-pia-vera-manuel-curro\/\" target=\"_blank\" data-vars-ga-outbound-link=\"https:\/\/www.diezminutos.es\/telenovela\/espanolas\/a60987811\/la-promesa-avance-semanal-sucesos-tragicos-pia-vera-manuel-curro\/\" data-vars-ga-ux-element=\"Hyperlink\" data-vars-ga-call-to-action=\"la llamada al frente de Manuel y Curro en la Gran Guerra\" data-node-id=\"13.2\" class=\"body-link css-177bzfx emevuu60\" rel=\"nofollow noopener\">la llamada al frente de Manuel y Curro en la Gran Guerra<\/a> y ahora ha vuelto a pasar al mostrar c\u00f3mo <a href=\"https:\/\/www.diezminutos.es\/telenovela\/espanolas\/a68984380\/la-promesa-capitulos-petra-muerte-personaje\/\" target=\"_blank\" data-vars-ga-outbound-link=\"https:\/\/www.diezminutos.es\/telenovela\/espanolas\/a68984380\/la-promesa-capitulos-petra-muerte-personaje\/\" data-vars-ga-ux-element=\"Hyperlink\" data-vars-ga-call-to-action=\"una enfermedad hoy erradicada como el t\u00e9tanos en aquellos tiempos pod\u00eda suponer la muerte. Lo han hecho a trav\u00e9s de Petra\" data-node-id=\"13.4\" class=\"body-link css-177bzfx emevuu60\" rel=\"nofollow noopener\">una enfermedad hoy erradicada como el t\u00e9tanos en aquellos tiempos pod\u00eda suponer la muerte. Lo han hecho a trav\u00e9s de Petra<\/a>, interpretada magistralmente por <strong data-node-id=\"13.6\">Marga Mart\u00ednez<\/strong>, que en una entrevista a RTVE ha confesado haberse documentado para ser lo m\u00e1s fiel posible a la sintomatolog\u00eda que provoca esta enfermedad: \u00abNo hay muchas im\u00e1genes porque, afortunadamente, es una enfermedad que est\u00e1 erradicada. Pero <strong data-node-id=\"13.8\">cuando empec\u00e9 a ver las im\u00e1genes de lo que significaba<\/strong> el t\u00e9tanos dije: &#8216;<strong data-node-id=\"13.10\">\u00bfVoy a tener que hacer esto?&#8217;<\/strong> En el t\u00e9tanos, se van <strong data-node-id=\"13.12\">contrayendo los m\u00fasculos hasta que se te rompen\u00bb<\/strong>, explica.<br data-node-id=\"13.14\"\/><\/p>\n<p><img draggable=\"true\" alt=\"marga martinez es petra en 'la promesa'\" title=\"Marga Martinez es Petra en 'La Promesa'\" loading=\"lazy\" width=\"5332\" height=\"3000\" decoding=\"async\" data-nimg=\"1\" style=\"color:transparent;width:100%;height:auto;\"   src=\"https:\/\/www.europesays.com\/es\/wp-content\/uploads\/2025\/10\/la-promesa-marga-martinez-68f22a88ea5fd.jpg\" class=\"css-0 e1g79fud0\"\/><\/p>\n<p>RTVE<\/p>\n<p data-journey-content=\"true\" data-node-id=\"16\" class=\"css-6wxqfj emevuu60\">Pero, m\u00e1s all\u00e1 de la fisicidad que requer\u00edan estas secuencias, <a href=\"https:\/\/www.diezminutos.es\/telenovela\/espanolas\/a45151122\/la-promesa-petra-marga-martinez-series-vida\/\" target=\"_blank\" data-vars-ga-outbound-link=\"https:\/\/www.diezminutos.es\/telenovela\/espanolas\/a45151122\/la-promesa-petra-marga-martinez-series-vida\/\" data-vars-ga-ux-element=\"Hyperlink\" data-vars-ga-call-to-action=\"Marga Mart\u00ednez\" data-node-id=\"16.1\" class=\"body-link css-177bzfx emevuu60\" rel=\"nofollow noopener\">Marga Mart\u00ednez<\/a> reconoce que si grabar todas esas escenas ha sido especialmente duro es por la compleja carga emocional que requer\u00edan:  \u00abLas que m\u00e1s complicadas me han resultado, <strong data-node-id=\"16.3\">emocionalmente hablando<\/strong>, son <strong data-node-id=\"16.5\">en las que Petra est\u00e1 a punto de morir<\/strong>. No estoy hablando de la dificultad interpretativa, porque todas han tenido esa dificultad. Pero, emocionalmente, me han tocado en las que el personaje estaba agonizando <strong data-node-id=\"16.7\">porque todo el mundo tenemos el recuerdo de personas que han estado en esa situaci\u00f3n\u00bb<\/strong>, reconoc\u00eda con sinceridad.<\/p>\n<p><img draggable=\"true\" alt=\"petra esta tumbada en la cama enferma en la promesa\" title=\"la promesa avance petra enferma\" loading=\"lazy\" width=\"1920\" height=\"1080\" decoding=\"async\" data-nimg=\"1\" style=\"color:transparent;width:100%;height:auto;\"   src=\"https:\/\/www.europesays.com\/es\/wp-content\/uploads\/2025\/10\/petra-la-promesa-enferma-68e397d8e2207.jpg\" class=\"css-0 e1g79fud0\"\/><\/p>\n<p>RTVE<\/p>\n<p data-journey-content=\"true\" data-node-id=\"19\" class=\"css-6wxqfj emevuu60\">Afortunadamente, ha podido contar con la ayuda de todo el equipo, puesto que, para hacerse m\u00e1s consciente de la progresi\u00f3n de la enfermedad, ha podido rodar en orden cronol\u00f3gico:  \u00abDe esta forma, todo <strong data-node-id=\"19.1\">el proceso ten\u00eda una l\u00ednea coherente<\/strong> y as\u00ed no nos despist\u00e1bamos ninguno. Yo me he sentido muy arropada. Yo no pensaba en la trama global, sino que <strong data-node-id=\"19.3\">iba secuencia por secuencia\u00bb. <\/strong>Desde luego, el efecto ha sido el deseado y, gracias a eso y a su extraordinario compromiso, ha podido evolucionar junto a su personaje y reflejar de forma realista tambi\u00e9n la compleja recuperaci\u00f3n de Petra, que agradecemos, puesto que no estamos listos para despedir a m\u00e1s personajes de &#8216;La Promesa&#8217;.<strong data-node-id=\"19.5\"\/><br data-node-id=\"19.6\"\/><\/p>\n<p><img src=\"https:\/\/www.europesays.com\/es\/wp-content\/uploads\/2025\/10\/1760963422_303_c846bc45-0529-47f5-9c7d-b54f2b3afed7_1682587735.file\" alt=\"Headshot of Nora C\u00e1mara\" title=\"Headshot of Nora C\u00e1mara\" width=\"100%\" height=\"100%\" decoding=\"async\" loading=\"lazy\" class=\"css-o0wq4v ev8dhu53\"\/><\/p>\n<p>Nora es experta en contenidos de cine y televisi\u00f3n en la web de Diez Minutos. Sus intereses personales y profesionales se cruzan en su labor en esta revista, pues dedica su tiempo a estar al d\u00eda en los \u00faltimos estrenos en salas y plataformas, tanto para no perd\u00e9rselos como para recomendarlos. Pero que nadie sufra, tambi\u00e9n desconecta con la m\u00fasica en directo, la lectura y los viajes. \u00a0<\/p>\n<p>Prescriptora audiovisual por verdadera afici\u00f3n, siempre est\u00e1 dispuesta a arrastrarte con ella al apasionante mundo de las sagas como Harry Potter, Star Wars o Marvel, as\u00ed como a sugerirte la \u00faltima serie adictiva que no debes perderte de Netflix, HBO Max, Disney+, Movistar+ y Amazon Prime Video. Eso s\u00ed, si tienes un arrebato de nostalgia, tambi\u00e9n te recordar\u00e1 el cl\u00e1sico perfecto para cualquier estado de \u00e1nimo o tem\u00e1tica que te interese, desde el musical o la ciencia ficci\u00f3n a las adaptaciones literarias.\u00a0<\/p>\n<p>Nora C\u00e1mara se gradu\u00f3 en Periodismo y Comunicaci\u00f3n Audiovisual en la Universidad Carlos III de Madrid en 2015, donde defini\u00f3 su pasi\u00f3n por los contenidos de cine y televisi\u00f3n. Continu\u00f3 su especializaci\u00f3n en estas materias con diversas formaciones de Guion de televisi\u00f3n y Cr\u00edtica cinematogr\u00e1fica, llev\u00e1ndole a mejorar su experiencia en las revistas del grupo HEARST Teleprograma, Supertele y Telenovela, antes de su llegada a Diez Minutos, hace dos a\u00f1os. \u00a0<\/p>\n","protected":false},"excerpt":{"rendered":"Hemos pasado unas semanas muy complicadas como espectadores de &#8216;La Promesa&#8217; asistiendo a una &#8216;espantada&#8217; como nunca antes&hellip;\n","protected":false},"author":2,"featured_media":189311,"comment_status":"","ping_status":"","sticky":false,"template":"","format":"standard","meta":{"footnotes":""},"categories":[171],"tags":[253,146,147,25,24,23,214],"class_list":{"0":"post-189310","1":"post","2":"type-post","3":"status-publish","4":"format-standard","5":"has-post-thumbnail","7":"category-tv","8":"tag-discover","9":"tag-entertainment","10":"tag-entretenimiento","11":"tag-es","12":"tag-espana","13":"tag-spain","14":"tag-tv"},"share_on_mastodon":{"url":"https:\/\/pubeurope.com\/@es\/115406505713608435","error":""},"_links":{"self":[{"href":"https:\/\/www.europesays.com\/es\/wp-json\/wp\/v2\/posts\/189310","targetHints":{"allow":["GET"]}}],"collection":[{"href":"https:\/\/www.europesays.com\/es\/wp-json\/wp\/v2\/posts"}],"about":[{"href":"https:\/\/www.europesays.com\/es\/wp-json\/wp\/v2\/types\/post"}],"author":[{"embeddable":true,"href":"https:\/\/www.europesays.com\/es\/wp-json\/wp\/v2\/users\/2"}],"replies":[{"embeddable":true,"href":"https:\/\/www.europesays.com\/es\/wp-json\/wp\/v2\/comments?post=189310"}],"version-history":[{"count":0,"href":"https:\/\/www.europesays.com\/es\/wp-json\/wp\/v2\/posts\/189310\/revisions"}],"wp:featuredmedia":[{"embeddable":true,"href":"https:\/\/www.europesays.com\/es\/wp-json\/wp\/v2\/media\/189311"}],"wp:attachment":[{"href":"https:\/\/www.europesays.com\/es\/wp-json\/wp\/v2\/media?parent=189310"}],"wp:term":[{"taxonomy":"category","embeddable":true,"href":"https:\/\/www.europesays.com\/es\/wp-json\/wp\/v2\/categories?post=189310"},{"taxonomy":"post_tag","embeddable":true,"href":"https:\/\/www.europesays.com\/es\/wp-json\/wp\/v2\/tags?post=189310"}],"curies":[{"name":"wp","href":"https:\/\/api.w.org\/{rel}","templated":true}]}}