{"id":189327,"date":"2025-10-20T12:41:08","date_gmt":"2025-10-20T12:41:08","guid":{"rendered":"https:\/\/www.europesays.com\/es\/189327\/"},"modified":"2025-10-20T12:41:08","modified_gmt":"2025-10-20T12:41:08","slug":"del-infierno-del-norte-a-irun-el-todopoderoso-flensburg-handewitt-visita-al-irudek-bidasoa-irun","status":"publish","type":"post","link":"https:\/\/www.europesays.com\/es\/189327\/","title":{"rendered":"Del Infierno del Norte a Irun: el todopoderoso Flensburg-Handewitt visita al Irudek Bidasoa Irun"},"content":{"rendered":"<p>\n        <strong>No es un d\u00eda cualquiera en Artaleku<\/strong>, que hace a\u00f1os dej\u00f3 de disputar \u2018solo\u2019 quince partidos oficiales por temporada. Las trayectorias europeas le permiten al <a href=\"https:\/\/www.noticiasdegipuzkoa.eus\/tags\/cd-bidasoa\/\" title=\"Irudek Bidasoa Irun\" target=\"_blank\" class=\"link copy\" rel=\"nofollow noopener\">Irudek Bidasoa Irun<\/a> subir las comparecencias anuales en su feudo hasta 18, 20 o incluso 22. La de este martes, sin embargo, no es una m\u00e1s.<strong> Llega el hist\u00f3rico alem\u00e1n que faltaba por comparecer en Irun<\/strong>: el eterno subcampe\u00f3n de la Bundesliga, l\u00edder de su liga con siete victorias y dos empates, y vigente campe\u00f3n de las dos \u00faltimas EHF European League. Visita Irun <strong>el Flensburg-Handewitt<\/strong>.\n<\/p>\n<p class=\"article-body__text \">\n        Con el nombre de estas <strong>dos localidades alemanas fronterizas con Dinamarca<\/strong> por bandera (entre ambas suman poco m\u00e1s de 100.000 habitantes), el equipo que entrena Ales Pajovic es uno de los grandes del balonmano alem\u00e1n. Hoy no lo es para menos: con <strong>una plantilla plagada de estrellas, competir\u00eda a cara de perro en la Champions<\/strong>. Su quinto puesto en la pasada Bundesliga tras F\u00fcchse, Magdeburgo, Melsungen y Kiel, le conden\u00f3 de nuevo a la EHF European League. Vuelve a ser uno de los grandes favoritos para ganarla.\n<\/p>\n<p class=\"article-photo__footer\">\n            El Campushalle de Flensburg, durante el derbi ante el Kiel            SG Flensburg-Handewitt        <\/p>\n<p>  Mucho dinero\u2026<\/p>\n<p class=\"article-body__text \">\n        Su fortaleza reside en la pista, pero empieza fuera de ella. <strong>En su hist\u00f3rico Campushalle de Flensburg, se suelen dar cita 6.300 espectadores <\/strong>en cada partido de Liga. M\u00e1s cuestan las noches europeas de entre semana: ni media entrada el pasado martes ante Saint-Rapha\u00ebl Var.\n<\/p>\n<p class=\"article-body__text \">\n        De media cuenta con<strong> al menos 5.000 socios en su Infierno del Norte, su gran fortaleza junto a los patrocinadores<\/strong>: cuatro principales como la aseguradora GGW Group y Danfoss, otros seis lucen en la camiseta de juego (como la caja de ahorros Nord-Ostsee Sparkasse, Jysk y Hummel), nueve sponsors premium, seis exclusivos y as\u00ed hasta 51 firmas colaboradoras a todos los niveles.\n<\/p>\n<p class=\"article-body__text \">\n        En total, <strong>el presupuesto de esta temporada supera los 10,04 millones de euros<\/strong>. Multiplica por cinco el de su rival de este martes.\n<\/p>\n<p>  \u2026y mucho metal<\/p>\n<p class=\"article-body__text \">\n        De los 16 principales jugadores de una plantilla que con talento joven se alarga, <strong>12 saben lo que es ganar una medalla en una de las tres grandes citas de selecciones<\/strong>: Juegos, Mundial o Europeo. Lidera ese medallero particular del Flensburg, que engrosan jugadores como el portero exbarcelonista <strong>Kevin M\u00f8ller, Niclas Kirkel\u00f8kke o Lukas J\u00f8rgense<\/strong>n, el extremo dan\u00e9s <strong>Emil Jakobsen<\/strong>, con un oro y otra plata ol\u00edmpicos; tres Mundiales y una plata en el Europeo.\n<\/p>\n<p class=\"article-body__text \">\n        <strong>Castiga al contraataque casi como ninguno<\/strong>: as\u00ed ha anotado la cuarta parte de los 60 goles que lleva marcados en la Bundesliga (75% de acierto), solo superado por Mathias Gidsel. No es solo suya la responsabilidad goleadora de un conjunto que promedia casi 37 goles en sus 9 partidos dom\u00e9sticos: la jovenc\u00edsima estrella <strong>Marko Grgic<\/strong> suma 48 de esos 330 goles, <strong>Simon Pytlick<\/strong> otros 45 y<strong> Lasse M\u00f6ller<\/strong>, 41.\n<\/p>\n<p class=\"article-body__text \">\n        Cierra este top 5 de m\u00e1ximos anotadores el por ahora segundo mejor pivote de la Liga, <strong>Johannes Goll<\/strong>a (que desde diciembre del a\u00f1o pasado suena su fichaje por el Melsungen de Balenciaga en 2026), con 36 tantos desde los seis metros, frente a los 51 de Jannik Kohlbacher.\n<\/p>\n<p>  Entre Grgic y Pytlick<\/p>\n<p class=\"article-body__text \">\n        Una de las grandes incorporaciones de este verano al equipo es <strong>Marko Grgic<\/strong>. A sus 21 a\u00f1os, fue la sensaci\u00f3n de la pasada Bundesliga, en la que en las filas del Eisenach<strong> marc\u00f3 301 goles<\/strong>. El Hannover, trascendi\u00f3, lleg\u00f3 a ofrecer 200.000 euros, incluso se especul\u00f3 que le Bar\u00e7a podr\u00eda llegar a los 400.000 euros por la nueva perla alemana. Acab\u00f3 en Flensburg.\n<\/p>\n<p class=\"article-photo__footer\">\n            El jugaor del Flensburg Marko Grgic, en un entrenamiento            SG Flensburg-Handewitt        <\/p>\n<p class=\"article-body__text \">\n        La llegada del joven internacional alem\u00e1n, que vivi\u00f3 una batalla jur\u00eddica en torno a la interpretaci\u00f3n de su \u00faltimo contrato, no tiene cifra p\u00fablica oficial. Hay quien estima que supera los 500.000 euros despu\u00e9s de que el Flensburg diera salida a Mensah Larsen al Skjern por 100.000 euros y Grgic, a quien parte de la prensa alemana ya bautiza como nuevo Gidsel, renunciara a parte de su salario para compensar parte de su libertad.\n<\/p>\n<p class=\"article-body__text \">\n        Reci\u00e9n cerrado este episodio, el Flensburg afronta otra gran batalla del mercado de fichajes. En este caso, con la posible salida de uno de sus grand\u00edsimos talentos: <strong>Simon Pytlick, que ya conoci\u00f3 Artaleku con el GOG<\/strong>.\n<\/p>\n<p class=\"article-body__text \">\n        El fichaje de su exentrenador y valedor en el equipo dan\u00e9s,<strong> Nicolej Krickau<\/strong>, por el F\u00fcchse Berlin ha disparado todas las alarmas:<strong> \u00bfse reencontrar\u00e1n ellos dos y Mathias Gidsel en la capital alemana?<\/strong> Los primeros tambores de guerra ya suenan y la direcci\u00f3n del club norte\u00f1o aclara que la cl\u00e1usula de Pytlick entra en vigor en verano de 2027, que no existe ninguna para 2026.<\/p>\n","protected":false},"excerpt":{"rendered":"No es un d\u00eda cualquiera en Artaleku, que hace a\u00f1os dej\u00f3 de disputar \u2018solo\u2019 quince partidos oficiales por&hellip;\n","protected":false},"author":2,"featured_media":189328,"comment_status":"","ping_status":"","sticky":false,"template":"","format":"standard","meta":{"footnotes":""},"categories":[278],"tags":[376,168,29842,25,24,53033,375,53034,610,48751,7600,3449,23,167,8198],"class_list":{"0":"post-189327","1":"post","2":"type-post","3":"status-publish","4":"format-standard","5":"has-post-thumbnail","7":"category-balonmano","8":"tag-balonmano","9":"tag-deportes","10":"tag-ehf-european-league","11":"tag-es","12":"tag-espana","13":"tag-flensburg","14":"tag-handball","15":"tag-handewitt","16":"tag-infierno","17":"tag-irudek-bidasoa-irun","18":"tag-irun","19":"tag-norte","20":"tag-spain","21":"tag-sports","22":"tag-todopoderoso"},"share_on_mastodon":{"url":"https:\/\/pubeurope.com\/@es\/115406548827211479","error":""},"_links":{"self":[{"href":"https:\/\/www.europesays.com\/es\/wp-json\/wp\/v2\/posts\/189327","targetHints":{"allow":["GET"]}}],"collection":[{"href":"https:\/\/www.europesays.com\/es\/wp-json\/wp\/v2\/posts"}],"about":[{"href":"https:\/\/www.europesays.com\/es\/wp-json\/wp\/v2\/types\/post"}],"author":[{"embeddable":true,"href":"https:\/\/www.europesays.com\/es\/wp-json\/wp\/v2\/users\/2"}],"replies":[{"embeddable":true,"href":"https:\/\/www.europesays.com\/es\/wp-json\/wp\/v2\/comments?post=189327"}],"version-history":[{"count":0,"href":"https:\/\/www.europesays.com\/es\/wp-json\/wp\/v2\/posts\/189327\/revisions"}],"wp:featuredmedia":[{"embeddable":true,"href":"https:\/\/www.europesays.com\/es\/wp-json\/wp\/v2\/media\/189328"}],"wp:attachment":[{"href":"https:\/\/www.europesays.com\/es\/wp-json\/wp\/v2\/media?parent=189327"}],"wp:term":[{"taxonomy":"category","embeddable":true,"href":"https:\/\/www.europesays.com\/es\/wp-json\/wp\/v2\/categories?post=189327"},{"taxonomy":"post_tag","embeddable":true,"href":"https:\/\/www.europesays.com\/es\/wp-json\/wp\/v2\/tags?post=189327"}],"curies":[{"name":"wp","href":"https:\/\/api.w.org\/{rel}","templated":true}]}}