{"id":189365,"date":"2025-10-20T13:02:10","date_gmt":"2025-10-20T13:02:10","guid":{"rendered":"https:\/\/www.europesays.com\/es\/189365\/"},"modified":"2025-10-20T13:02:10","modified_gmt":"2025-10-20T13:02:10","slug":"ucrania-teme-que-trump-negocie-unilateralmente-con-putin-un-reparto-de-su-territorio-internacional","status":"publish","type":"post","link":"https:\/\/www.europesays.com\/es\/189365\/","title":{"rendered":"Ucrania teme que Trump negocie unilateralmente con Putin un reparto de su territorio | Internacional"},"content":{"rendered":"<p class=\"\">El posible reparto de los territorios de Ucrania para poner fin a la guerra fue el plato principal que se sirvi\u00f3 en la reuni\u00f3n del viernes en la Casa Blanca entre Donald Trump y Volod\u00edmir Zelenski. As\u00ed lo confirm\u00f3 el domingo en Kiev el presidente ucranio en un encuentro con medios de comunicaci\u00f3n. Zelenski calific\u00f3 de \u201cconstructivo\u201d el encuentro en Washington, quitando as\u00ed hierro a las informaciones period\u00edsticas que aseguran que <a href=\"https:\/\/elpais.com\/internacional\/2025-10-19\/trump-pidio-a-zelenski-que-aceptara-las-condiciones-de-putin-para-evitar-que-ucrania-sea-destruida.html\" target=\"_self\" rel=\"nofollow noopener\" title=\"https:\/\/elpais.com\/internacional\/2025-10-19\/trump-pidio-a-zelenski-que-aceptara-las-condiciones-de-putin-para-evitar-que-ucrania-sea-destruida.html\">la cita fue especialmente tensa porque el presidente estadounidense exigi\u00f3<\/a> a la parte ucrania que renuncie a Donb\u00e1s para firmar cuanto antes el cese de las hostilidades con Rusia.<\/p>\n<p><img decoding=\"auto\" class=\"_re lazyload a_m-h\" height=\"276\"  width=\"414\"  src=\"https:\/\/www.europesays.com\/es\/wp-content\/uploads\/2025\/10\/AMB3ZA5MOJIILGAL2AB4YWCSMU.jpg\" loading=\"lazy\"\/>El presidente estadounidense, Donald Trump (izquierda), junto a Volod\u00edmir Zelenski, antes de su reuni\u00f3n en la Casa Blanca el pasado 17 de octubre.DPA v\u00eda Europa Press (DPA v\u00eda Europa Press)<\/p>\n<p class=\"\">La televisi\u00f3n estatal Suspilne indica que Zelenski s\u00ed admiti\u00f3 en la comparecencia de este domingo que existe el riesgo de que fuercen a Ucrania a tragarse un plato amargo, sin voz ni voto: \u201cEst\u00e1 claro que si a Ucrania la obligan a comerse lo que le pongan en la mesa, es decir, un mal acuerdo territorial, es obvio que lo siguiente ser\u00e1 solucionar lo dem\u00e1s sin nosotros\u201d.<\/p>\n<p class=\"\">El temor a un pacto sobre Ucrania sin Ucrania no solo existe en Kiev, tambi\u00e9n en Europa. Lo expuso sin tapujos este lunes en Barcelona Josep Borrell, <a href=\"https:\/\/elpais.com\/internacional\/2025-10-20\/foro-world-in-progress-2025-de-barcelona-en-directo.html\" target=\"_self\" rel=\"nofollow noopener\" title=\"https:\/\/elpais.com\/internacional\/2025-10-20\/foro-world-in-progress-2025-de-barcelona-en-directo.html\">exjefe de la diplomacia europea, durante las conferencias del foro World In Progress, organizado por el grupo PRISA<\/a>: \u201cEn mi opini\u00f3n, Trump y Vlad\u00edmir Putin tienen un acuerdo desde su encuentro en Alaska [el pasado agosto], y Trump es el encargado de que [Volod\u00edmir] Zelenski lo acepte.\u201d. \u201cSi Putin quiere, te destruir\u00e1\u201d. Borrell ha recordado estas duras palabras que habr\u00eda expresado el viernes el presidente estadounidense a su hom\u00f3logo ucranio para que asumiera la entrega de territorios, seg\u00fan public\u00f3 el diario Financial Times.<\/p>\n<p class=\"\">El primer ministro polaco, Donald Tusk, tambi\u00e9n fue contundente el domingo sobre estos temores en un mensaje en sus redes sociales: \u201cNinguno de nosotros debe presionar a Ucrania en lo que a concesiones territoriales se refiere. Todos debemos presionar para que detenga su agresi\u00f3n. El apaciguamiento nunca fue un camino para una paz duradera y justa\u201d. Zelenski dej\u00f3 claro el domingo en su mensaje vespertino diario: Ucrania \u201cnunca regalar\u00e1 nada al agresor, y nunca olvidaremos nada\u201d. Pese a la dif\u00edcil situaci\u00f3n diplom\u00e1tica, el l\u00edder ucranio dijo estar \u201cseguro\u201d de que \u201cest\u00e1 cerca el posible final de la guerra\u201d.<\/p>\n<p class=\"\">Zelenski indic\u00f3 que la parte estadounidense le transmiti\u00f3 las exigencias rusas, pero el mandatario ucranio a\u00f1adi\u00f3 que cree que no es la posici\u00f3n de Washington, que solo le hizo llegar lo que le ha comunicado el Kremlin, sobre todo lo que plante\u00f3 Putin a Trump <a href=\"https:\/\/elpais.com\/internacional\/2025-10-16\/trump-y-putin-hablaran-este-jueves-antes-de-la-visita-de-zelenski-a-la-casa-blanca.html\" target=\"_self\" rel=\"nofollow noopener\" title=\"https:\/\/elpais.com\/internacional\/2025-10-16\/trump-y-putin-hablaran-este-jueves-antes-de-la-visita-de-zelenski-a-la-casa-blanca.html\">en su entrevista telef\u00f3nica del 16 de octubre<\/a>.<\/p>\n<p>Reacci\u00f3n del Kremlin<\/p>\n<p class=\"\">Trump neg\u00f3 el domingo que reclamara a Zelenski aceptar concesiones de ning\u00fan tipo. El presidente republicano afirm\u00f3 que la reuni\u00f3n en la Casa Blanca fue \u201cmuy interesante y cordial\u201d. Trump recalc\u00f3 a trav\u00e9s de las redes sociales que la guerra deber\u00eda terminar ya, y dio a entender que la mejor opci\u00f3n ser\u00eda congelar el conflicto all\u00ed por donde pasa ahora la l\u00ednea del frente. \u201cEs el momento de parar la carnicer\u00eda y sellar un acuerdo\u201d, escribi\u00f3 Trump, \u201cdeben parar donde est\u00e1n, que cada uno proclame la victoria, que la Historia decida\u201d.<\/p>\n<p class=\"\">Dmitri Peskov, portavoz del Kremlin, ha recordado este lunes que la posici\u00f3n de Putin es que no aceptar\u00e1 una tregua que congele el frente porque supondr\u00eda mantener tropas ucranias en provincias que Rusia considera anexionadas leg\u00edtimamente.<\/p>\n<p class=\"\">El l\u00edder ucranio constat\u00f3 que Rusia mantiene la exigencia que ya se conoc\u00eda, que sus Fuerzas Armadas se retiren de todo Donb\u00e1s. De las dos provincias que conforman la regi\u00f3n de Donb\u00e1s, solo un 30% de la provincia de Donetsk sigue en manos ucranias.<\/p>\n<p class=\"\">Zelenski tambi\u00e9n confirm\u00f3 que hab\u00eda una nueva idea en la parte rusa, que a cambio de todo Donb\u00e1s, podr\u00eda devolver a Ucrania el control de las regiones ocupadas en las provincias de Jers\u00f3n y Zaporiyia. Zelenski explic\u00f3 que esta propuesta del Kremlin no es todav\u00eda suficientemente clara. El futuro de la pen\u00ednsula de Crimea, anexionada ilegalmente por Rusia en 2014, no fue mencionado en esta ocasi\u00f3n ni por Zelenski ni por Trump.<\/p>\n<p class=\"\">El encargado de transmitir los designios de Putin a la delegaci\u00f3n ucrania en Washington, seg\u00fan el relato de Zelenski, fue Steve Witkoff, el enviado especial de Trump para las relaciones con Rusia. El mandatario expuso a Witkoff que la anexi\u00f3n de las provincias ucranias a Rusia, a partir de los referendos ilegales de 2022, es papel mojado, y le puso este ejemplo: \u201cPregunt\u00e9 a Witkoff que si Putin a\u00f1adiera algo m\u00e1s en la Constituci\u00f3n rusa en este u otro final de la guerra, \u00bftendr\u00edamos que retirarnos de nuevo de estos territorios? Y si yo, por ejemplo, incorporara en la Constituci\u00f3n de Ucrania dos territorios rusos, \u00bfse retirar\u00edan ellos de estos territorios?\u201d.<\/p>\n<p class=\"\">Zelenski record\u00f3 en su encuentro con la prensa del domingo que el presidente ucranio no tiene potestad para decidir cambios en las fronteras del pa\u00eds. Como <a href=\"https:\/\/elpais.com\/internacional\/2025-08-18\/ucrania-avisa-de-que-la-renuncia-a-donbas-y-a-crimea-requeriria-reformas-constitucionales-casi-imposibles.html\" target=\"_self\" rel=\"nofollow noopener\" title=\"https:\/\/elpais.com\/internacional\/2025-08-18\/ucrania-avisa-de-que-la-renuncia-a-donbas-y-a-crimea-requeriria-reformas-constitucionales-casi-imposibles.html\">advirti\u00f3 el pasado agosto en EL PA\u00cdS el ministro de Justicia<\/a>, German Galushchenko, cualquier modificaci\u00f3n de la soberan\u00eda territorial ucrania requiere de aprobaciones parlamentarias con mayor\u00eda cualificada y de una resoluci\u00f3n vinculante del Tribunal Supremo. Tanto el Gobierno como la oposici\u00f3n ven como casi imposible que pueda tirar adelante esta reforma.<\/p>\n<p class=\"\">La cumbre que tienen previsto celebrar en Budapest en las pr\u00f3ximas semanas Putin y Trump tambi\u00e9n fue tratada en la tensa reuni\u00f3n de la Casa Blanca. Zelenski transmiti\u00f3 a su hom\u00f3logo estadounidense que Hungr\u00eda no es el mediador adecuado porque el primer ministro h\u00fangaro, Viktor Orb\u00e1n, es el principal aliado de Rusia en la Uni\u00f3n Europea. Pese a ello, Zelenski se mostr\u00f3 predispuesto a participar en la reuni\u00f3n de Budapest si se le invita. Trump apunt\u00f3 el viernes que esta opci\u00f3n no estaba de momento en la agenda.<\/p>\n<p class=\"\">Zelenski repiti\u00f3 este domingo que la cuesti\u00f3n prioritaria para su equipo, la venta de armamento estadounidense para Ucrania, <a href=\"https:\/\/elpais.com\/internacional\/2025-10-17\/donald-trump-recibe-a-zelenski-en-la-casa-blanca.html\" target=\"_self\" rel=\"nofollow noopener\" title=\"https:\/\/elpais.com\/internacional\/2025-10-17\/donald-trump-recibe-a-zelenski-en-la-casa-blanca.html\">en especial los misiles de largo alcance <\/a>Tomahawk, no tuvo la relevancia deseada en su di\u00e1logo con Trump porque el presidente republicano lo descart\u00f3, alegando que se tratar\u00eda de una escalada de la tensi\u00f3n con Rusia innecesaria. Zelenski s\u00ed pudo plantear a la parte estadounidense un acuerdo para que los aliados europeos de la OTAN adquieran en el medio plazo 25 bater\u00edas de misiles antia\u00e9reos Patriot.<\/p>\n","protected":false},"excerpt":{"rendered":"El posible reparto de los territorios de Ucrania para poner fin a la guerra fue el plato principal&hellip;\n","protected":false},"author":2,"featured_media":189366,"comment_status":"","ping_status":"","sticky":false,"template":"","format":"standard","meta":{"footnotes":""},"categories":[42],"tags":[8738,17,18,70,71,72,352,700,13,14,69,7082,11,61,62,63,64,19,20,9,10,15,16,1613,1614,12,7081,21,22,1617,7083,14181,65,66,67],"class_list":{"0":"post-189365","1":"post","2":"type-post","3":"status-publish","4":"format-standard","5":"has-post-thumbnail","7":"category-internacional","8":"tag-ataques-militares","9":"tag-breaking-news","10":"tag-breakingnews","11":"tag-conflictos","12":"tag-conflictos-armados","13":"tag-conflictos-internacionales","14":"tag-donald-trump","15":"tag-europa","16":"tag-featured-news","17":"tag-featurednews","18":"tag-guerra","19":"tag-guerra-de-rusia-en-ucrania","20":"tag-headlines","21":"tag-internacional","22":"tag-international","23":"tag-international-news","24":"tag-internationalnews","25":"tag-latest-news","26":"tag-latestnews","27":"tag-news","28":"tag-noticias","29":"tag-noticias-destacadas","30":"tag-noticiasdestacadas","31":"tag-otan","32":"tag-rusia","33":"tag-titulares","34":"tag-ucrania","35":"tag-ultimas-noticias","36":"tag-ultimasnoticias","37":"tag-union-europea","38":"tag-vladimir-putin","39":"tag-volodimir-zelenski","40":"tag-world","41":"tag-world-news","42":"tag-worldnews"},"share_on_mastodon":{"url":"","error":"Validation failed: Text character limit of 500 exceeded"},"_links":{"self":[{"href":"https:\/\/www.europesays.com\/es\/wp-json\/wp\/v2\/posts\/189365","targetHints":{"allow":["GET"]}}],"collection":[{"href":"https:\/\/www.europesays.com\/es\/wp-json\/wp\/v2\/posts"}],"about":[{"href":"https:\/\/www.europesays.com\/es\/wp-json\/wp\/v2\/types\/post"}],"author":[{"embeddable":true,"href":"https:\/\/www.europesays.com\/es\/wp-json\/wp\/v2\/users\/2"}],"replies":[{"embeddable":true,"href":"https:\/\/www.europesays.com\/es\/wp-json\/wp\/v2\/comments?post=189365"}],"version-history":[{"count":0,"href":"https:\/\/www.europesays.com\/es\/wp-json\/wp\/v2\/posts\/189365\/revisions"}],"wp:featuredmedia":[{"embeddable":true,"href":"https:\/\/www.europesays.com\/es\/wp-json\/wp\/v2\/media\/189366"}],"wp:attachment":[{"href":"https:\/\/www.europesays.com\/es\/wp-json\/wp\/v2\/media?parent=189365"}],"wp:term":[{"taxonomy":"category","embeddable":true,"href":"https:\/\/www.europesays.com\/es\/wp-json\/wp\/v2\/categories?post=189365"},{"taxonomy":"post_tag","embeddable":true,"href":"https:\/\/www.europesays.com\/es\/wp-json\/wp\/v2\/tags?post=189365"}],"curies":[{"name":"wp","href":"https:\/\/api.w.org\/{rel}","templated":true}]}}