{"id":189373,"date":"2025-10-20T13:06:07","date_gmt":"2025-10-20T13:06:07","guid":{"rendered":"https:\/\/www.europesays.com\/es\/189373\/"},"modified":"2025-10-20T13:06:07","modified_gmt":"2025-10-20T13:06:07","slug":"emilio-de-justo-se-lleva-el-trofeo-a-la-mejor-faena-de-la-feria-taurina-de-salamanca-por-unanimidad","status":"publish","type":"post","link":"https:\/\/www.europesays.com\/es\/189373\/","title":{"rendered":"Emilio de Justo se lleva el trofeo a la mejor faena de la Feria Taurina de Salamanca por unanimidad"},"content":{"rendered":"<p class=\"paragraph\" id=\"paragraph_1\">Emilio de Justo se ha llevado, por decisi\u00f3n un\u00e1nime de todo el jurado, el premio a la &#8216;Mejor Faena&#8217; de la pasada Feria Taurina de Salamanca, que tuvo lugar el 14 de septiembre, seg\u00fan ha comunicado el Ayuntamiento tras el fallo del jurado.<\/p>\n<p class=\"paragraph\" id=\"paragraph_2\">Gracias a su lidia al toro Buenasuerte, de la ganader\u00eda de Garcigrande, que fue indultado en la plaza de toros de La Glorieta, el matador se ha llevado este codiciado galard\u00f3n que le ser\u00e1 entregado en la Gala Cultural Taurina el pr\u00f3ximo 19 de noviembre en el Teatro Liceo.<\/p>\n<p class=\"paragraph\" id=\"paragraph_3\">El alcalde de la ciudad charra, Carlos Garc\u00eda Carbayo, ha sido el encargado de presidir el jurado y de conceder el premio. Ha estado formado tambi\u00e9n por profesionales y responsables de los medios de comunicaci\u00f3n que han cubierto informativamente las corridas de toros de la Feria Taurina de la Virgen de la Vega.<\/p>\n<p class=\"paragraph\" id=\"paragraph_4\">Entre ellos han estado Antonio S\u00e1nchez, Ferm\u00edn Gonz\u00e1lez, Ana Pedrero y Ver\u00f3nica Tapia. Y tambi\u00e9n han formado parte del jurado la concejala de Tradiciones, Carmen Segu\u00edn; el diputado provincial delegado de la Escuela Taurina de Salamanca, Jes\u00fas Mar\u00eda Ortiz; el secretario territorial de la Delegaci\u00f3n de la Junta en Salamanca, Fernando D\u00edaz Torres; el miembro de la junta directiva provincial de la Federaci\u00f3n de Pe\u00f1as Taurinas, \u00d3scar Garc\u00eda; y el gerente del Museo Taurino, Pablo Castillo.<\/p>\n<p class=\"paragraph\" id=\"paragraph_5\">La secretaria del jurado ha sido Mercedes Tagarro. Todos ellos han destacado el rotundo triunfo de Emilio de Justo con el astado &#8216;Buenasuerte&#8217;, asimismo galardonado con el Toro de Oro de la Junta de Castilla y Le\u00f3n.<\/p>\n<p class=\"paragraph\" id=\"paragraph_6\">El ejemplar acab\u00f3 siendo indultado despu\u00e9s de una apasionada faena en la que De Justo tore\u00f3 a placer aprovechando el derroche de bravura y clase del toro.<\/p>\n","protected":false},"excerpt":{"rendered":"Emilio de Justo se ha llevado, por decisi\u00f3n un\u00e1nime de todo el jurado, el premio a la &#8216;Mejor&hellip;\n","protected":false},"author":2,"featured_media":189374,"comment_status":"","ping_status":"","sticky":false,"template":"","format":"standard","meta":{"footnotes":""},"categories":[277],"tags":[53035,373,3590,168,25,24,3614,34355,23,167,625,374],"class_list":{"0":"post-189373","1":"post","2":"type-post","3":"status-publish","4":"format-standard","5":"has-post-thumbnail","7":"category-toreo","8":"tag-ayuntamiento-de-salamanca","9":"tag-bullfighting","10":"tag-castilla-y-leon","11":"tag-deportes","12":"tag-es","13":"tag-espana","14":"tag-salamanca","15":"tag-salamanca-municipio","16":"tag-spain","17":"tag-sports","18":"tag-tauromaquia","19":"tag-toreo"},"share_on_mastodon":{"url":"https:\/\/pubeurope.com\/@es\/115406647224193471","error":""},"_links":{"self":[{"href":"https:\/\/www.europesays.com\/es\/wp-json\/wp\/v2\/posts\/189373","targetHints":{"allow":["GET"]}}],"collection":[{"href":"https:\/\/www.europesays.com\/es\/wp-json\/wp\/v2\/posts"}],"about":[{"href":"https:\/\/www.europesays.com\/es\/wp-json\/wp\/v2\/types\/post"}],"author":[{"embeddable":true,"href":"https:\/\/www.europesays.com\/es\/wp-json\/wp\/v2\/users\/2"}],"replies":[{"embeddable":true,"href":"https:\/\/www.europesays.com\/es\/wp-json\/wp\/v2\/comments?post=189373"}],"version-history":[{"count":0,"href":"https:\/\/www.europesays.com\/es\/wp-json\/wp\/v2\/posts\/189373\/revisions"}],"wp:featuredmedia":[{"embeddable":true,"href":"https:\/\/www.europesays.com\/es\/wp-json\/wp\/v2\/media\/189374"}],"wp:attachment":[{"href":"https:\/\/www.europesays.com\/es\/wp-json\/wp\/v2\/media?parent=189373"}],"wp:term":[{"taxonomy":"category","embeddable":true,"href":"https:\/\/www.europesays.com\/es\/wp-json\/wp\/v2\/categories?post=189373"},{"taxonomy":"post_tag","embeddable":true,"href":"https:\/\/www.europesays.com\/es\/wp-json\/wp\/v2\/tags?post=189373"}],"curies":[{"name":"wp","href":"https:\/\/api.w.org\/{rel}","templated":true}]}}