{"id":189375,"date":"2025-10-20T13:07:31","date_gmt":"2025-10-20T13:07:31","guid":{"rendered":"https:\/\/www.europesays.com\/es\/189375\/"},"modified":"2025-10-20T13:07:31","modified_gmt":"2025-10-20T13:07:31","slug":"si-hay-que-ir-al-santiago-bernabeu-iremos-relevo","status":"publish","type":"post","link":"https:\/\/www.europesays.com\/es\/189375\/","title":{"rendered":"\u00abSi hay que ir al Santiago Bernab\u00e9u, iremos\u00bb\n| Relevo"},"content":{"rendered":"<p class=\"paragraph\" data-mrf-recirculation=\"Links art\u00edculo\">Desde que <a class=\"link\" data-voc-vtm-id=\"in-text-traffic\" href=\"https:\/\/www.relevo.com\/mma\/ufc\/cronica-20240216020612-nt.html\" target=\"_self\" rel=\"nofollow noopener\">Ilia Topuria gan\u00f3 el Campeonato de la UFC del peso pluma<\/a> frente a Alexander Volkanovski hasta que <a class=\"link\" data-voc-vtm-id=\"in-text-traffic\" href=\"https:\/\/www.relevo.com\/mma\/ufc\/topuria-siempre-cumple-palabra-noquea-20241027230506-nt.html\" target=\"_self\" rel=\"nofollow noopener\">pudo defenderlo frente a Max Holloway<\/a> pasaron ocho largos meses. <strong>La falta de un rival fue el mayor escollo que encontr\u00f3 la compa\u00f1\u00eda<\/strong>. Volkanovski estaba obcecado en la revancha, pero la empresa lo ve\u00eda precipitado (llevaba dos KO&#8217;s muy duros en menos de medio a\u00f1o) y empez\u00f3 a buscar otro plan. Todas las piezas estaban &#8216;casadas&#8217; y hubo que esperar primero a que Holloway ganase en el <a class=\"link\" data-voc-vtm-id=\"in-text-traffic\" href=\"https:\/\/www.relevo.com\/mma\/ufc\/pereira-cierra-extraordinario-holloway-reta-20240414074119-nt.html\" target=\"_self\" rel=\"nofollow noopener\">UFC 300<\/a> y despu\u00e9s que se llegase a un acuerdo.<\/p>\n<p class=\"paragraph\" data-mrf-recirculation=\"Links art\u00edculo\">Tras el <a class=\"link\" data-voc-vtm-id=\"in-text-traffic\" href=\"https:\/\/www.relevo.com\/mma\/ufc\/topuria-holloway-directo-sigue-vivo-20241026194831-di.html\" target=\"_self\" rel=\"nofollow noopener\">UFC 308<\/a>, El Matador tiene muy claro lo que ser\u00e1 su futuro. <strong>Alexander Volkanovski viaj\u00f3 a Abu Dhabi para presenciar la lucha y al terminar se subi\u00f3 al oct\u00e1gono. \u00abSer\u00e1s el siguiente\u00bb<\/strong>, le prometi\u00f3 el campe\u00f3n. Adem\u00e1s, Dana White ratific\u00f3 la decisi\u00f3n en sala de prensa despu\u00e9s del evento: \u00abNo le vamos a decir que no. \u00c9l ha sido ese hombre que dijo s\u00ed cuando lo necesit\u00e1bamos\u00bb. El acuerdo es total y salvo lesi\u00f3n la revancha entre Topuria y Volkanovski ser\u00e1 una realidad.<\/p>\n<p class=\"paragraph\" data-mrf-recirculation=\"Links art\u00edculo\">Una vez elegido el rival toca escoger el lugar y aqu\u00ed tambi\u00e9n se disiparon dudas. <strong>El UFC 312 (8 febrero 2025) ser\u00e1 en Australia<\/strong> y cab\u00eda la posibilidad en la previa de que todo acabase all\u00ed. El KO de Topuria rompi\u00f3 esa posibilidad. \u00ab<strong>Despu\u00e9s de lo que ha hecho esta noche, necesitamos ir a Espa\u00f1a r\u00e1pidamente<\/strong>\u00ab, apunt\u00f3 Dana White. La revancha ser\u00e1 en nuestros pa\u00eds. El m\u00e1ximo responsable de la UFC hab\u00eda afirmado en la previa que \u00ab<strong>trabajaban en Madrid y Barcelona<\/strong>\u00ab, pero eso ya es pasado.<\/p>\n<p class=\"paragraph\" data-mrf-recirculation=\"Links art\u00edculo\">\u00abTenemos que hacerlo. Es importante para m\u00ed\u00bb, reiter\u00f3 antes de ahondar en el recinto que acoger\u00e1 el evento. \u00ab<strong>El problema que ten\u00edamos era la disponibilidad de fechas de arenas. Aunque no quiera, si tenemos que ir al Santiago Bernab\u00e9u, iremos<\/strong>\u00ab, a\u00f1adi\u00f3 White. Minutos despu\u00e9s, cuando Topuria acudi\u00f3 a esa conferencia dio algo de luz sobre el asunto. \u00ab<strong>Es una conversaci\u00f3n que tenemos pendiente. Yo intentar\u00e9 convencerle, pero hay que escucharle<\/strong>. Qui\u00e9n sabe de organizar eventos es \u00e9l. S\u00e9 que piensa en la experiencia del usuario y quiz\u00e1 en un estadio tan grande haya lugares en los que no se vea tan bien, pero yo le explicar\u00e9 otras muchas razones para hacerlo\u00bb, confirm\u00f3 El Matador.<\/p>\n<p class=\"paragraph\" data-mrf-recirculation=\"Links art\u00edculo\">Adem\u00e1s del lugar, tambi\u00e9n hay dudas con la fecha. Topuria habl\u00f3 de ello bromeando. \u00abEn verano me gustar\u00eda estar con mi familia de vacaciones. Despu\u00e9s del verano, pelear tras las vacaciones&#8230; <strong>lo ideal ser\u00eda antes de verano<\/strong>\u00ab, asegur\u00f3. El UFC Espa\u00f1a es una realidad. Falta saber d\u00eda y hora, el resto se sell\u00f3 en Abu Dhabi.<\/p>\n<p class=\"paragraph\" data-mrf-recirculation=\"Links art\u00edculo\">\u00a0<\/p>\n","protected":false},"excerpt":{"rendered":"Desde que Ilia Topuria gan\u00f3 el Campeonato de la UFC del peso pluma frente a Alexander Volkanovski hasta&hellip;\n","protected":false},"author":2,"featured_media":189376,"comment_status":"","ping_status":"","sticky":false,"template":"","format":"standard","meta":{"footnotes":""},"categories":[276],"tags":[21495,168,25,24,53036,3444,6260,2450,23,167,348,343,8887],"class_list":{"0":"post-189375","1":"post","2":"type-post","3":"status-publish","4":"format-standard","5":"has-post-thumbnail","7":"category-ufc","8":"tag-bernabeu","9":"tag-deportes","10":"tag-es","11":"tag-espana","12":"tag-iremos","13":"tag-proximo","14":"tag-rival","15":"tag-santiago","16":"tag-spain","17":"tag-sports","18":"tag-topuria","19":"tag-ufc","20":"tag-volkanovski"},"share_on_mastodon":{"url":"https:\/\/pubeurope.com\/@es\/115406650937132427","error":""},"_links":{"self":[{"href":"https:\/\/www.europesays.com\/es\/wp-json\/wp\/v2\/posts\/189375","targetHints":{"allow":["GET"]}}],"collection":[{"href":"https:\/\/www.europesays.com\/es\/wp-json\/wp\/v2\/posts"}],"about":[{"href":"https:\/\/www.europesays.com\/es\/wp-json\/wp\/v2\/types\/post"}],"author":[{"embeddable":true,"href":"https:\/\/www.europesays.com\/es\/wp-json\/wp\/v2\/users\/2"}],"replies":[{"embeddable":true,"href":"https:\/\/www.europesays.com\/es\/wp-json\/wp\/v2\/comments?post=189375"}],"version-history":[{"count":0,"href":"https:\/\/www.europesays.com\/es\/wp-json\/wp\/v2\/posts\/189375\/revisions"}],"wp:featuredmedia":[{"embeddable":true,"href":"https:\/\/www.europesays.com\/es\/wp-json\/wp\/v2\/media\/189376"}],"wp:attachment":[{"href":"https:\/\/www.europesays.com\/es\/wp-json\/wp\/v2\/media?parent=189375"}],"wp:term":[{"taxonomy":"category","embeddable":true,"href":"https:\/\/www.europesays.com\/es\/wp-json\/wp\/v2\/categories?post=189375"},{"taxonomy":"post_tag","embeddable":true,"href":"https:\/\/www.europesays.com\/es\/wp-json\/wp\/v2\/tags?post=189375"}],"curies":[{"name":"wp","href":"https:\/\/api.w.org\/{rel}","templated":true}]}}