{"id":189410,"date":"2025-10-20T13:28:07","date_gmt":"2025-10-20T13:28:07","guid":{"rendered":"https:\/\/www.europesays.com\/es\/189410\/"},"modified":"2025-10-20T13:28:07","modified_gmt":"2025-10-20T13:28:07","slug":"europa-vuelve-a-leon-con-un-abanca-ademar-rk-nexe-mas-deportes","status":"publish","type":"post","link":"https:\/\/www.europesays.com\/es\/189410\/","title":{"rendered":"Europa vuelve a Le\u00f3n con un ABANCA Ademar &#8211; RK Nexe | M\u00e1s deportes"},"content":{"rendered":"<p class=\"loc\">Le\u00f3n <\/p>\n<p>Este mi\u00e9rcoles a partir de las 20\u201d45 horas el Pabell\u00f3n Municipal de los Deportes volver\u00e1 a acoger un partido de competici\u00f3n europea. El ABANCA Ademar disputar\u00e1 la segunda jornada de la Liga Europea contra los croatas del RK Nexe. <\/p>\n<p>Lo comentaba Dani Gordo tras la victoria contra el REBI Cuenca ( 29-28) que para un jugador del equipo marista debe ser habitual alternar los partidos en la competici\u00f3n nacional con los de la continental porque ha sido una constante en la historia del equipo. Con todo y con esto los minutos se empiezan a acumular en los jugadores que son fundamentales en los partidos como son los casos de Saeid, los hermanos Perez Arce o Dar\u00edo Sanz por citar algunos. Se hace necesario, por tanto, una mayor aportaci\u00f3n de otros jugadores que hasta la fecha han tenido menos protagonismo<\/p>\n<p>El RK Nexe llega a Le\u00f3n tras haber ganado en la primera jornada de la Liga Europea al Partizan de Belgrado por 30 \u2013 22 con una gran actuaci\u00f3n del ex ademarista Tin Lucin que marcaba 9 goles y que es el gran baluarte del equipo que entrena Kreso Ivankovic. En su liga el rival del ABANCA Ademar es l\u00edder de su grupo, hay dos y luego play off por el t\u00edtulo, donde ha ganado los siete partidos que ha disputado. <\/p>\n<p>ABANCA ADEMAR: Saeid, Gonzalo P\u00e9rez Arce, Dar\u00edo Sanz, Rodrigo Benites, Rodrigo P\u00e9rez Arce, Wasyak, Adri\u00e1n Fern\u00e1ndez<\/p>\n<p>RK NEXE: Jastrzebeski, Haseljic, Vucko, Strlek, Moslovac, Kuze. Tin Lucin <\/p>\n<p>PABELL\u00d3N MUNICIPAL DE LOS DEPORTES: Martes 20\u201d45 horas <\/p>\n","protected":false},"excerpt":{"rendered":"Le\u00f3n Este mi\u00e9rcoles a partir de las 20\u201d45 horas el Pabell\u00f3n Municipal de los Deportes volver\u00e1 a acoger&hellip;\n","protected":false},"author":2,"featured_media":189411,"comment_status":"","ping_status":"","sticky":false,"template":"","format":"standard","meta":{"footnotes":""},"categories":[278],"tags":[376,168,25,24,375,23,167],"class_list":{"0":"post-189410","1":"post","2":"type-post","3":"status-publish","4":"format-standard","5":"has-post-thumbnail","7":"category-balonmano","8":"tag-balonmano","9":"tag-deportes","10":"tag-es","11":"tag-espana","12":"tag-handball","13":"tag-spain","14":"tag-sports"},"share_on_mastodon":{"url":"https:\/\/pubeurope.com\/@es\/115406733586265965","error":""},"_links":{"self":[{"href":"https:\/\/www.europesays.com\/es\/wp-json\/wp\/v2\/posts\/189410","targetHints":{"allow":["GET"]}}],"collection":[{"href":"https:\/\/www.europesays.com\/es\/wp-json\/wp\/v2\/posts"}],"about":[{"href":"https:\/\/www.europesays.com\/es\/wp-json\/wp\/v2\/types\/post"}],"author":[{"embeddable":true,"href":"https:\/\/www.europesays.com\/es\/wp-json\/wp\/v2\/users\/2"}],"replies":[{"embeddable":true,"href":"https:\/\/www.europesays.com\/es\/wp-json\/wp\/v2\/comments?post=189410"}],"version-history":[{"count":0,"href":"https:\/\/www.europesays.com\/es\/wp-json\/wp\/v2\/posts\/189410\/revisions"}],"wp:featuredmedia":[{"embeddable":true,"href":"https:\/\/www.europesays.com\/es\/wp-json\/wp\/v2\/media\/189411"}],"wp:attachment":[{"href":"https:\/\/www.europesays.com\/es\/wp-json\/wp\/v2\/media?parent=189410"}],"wp:term":[{"taxonomy":"category","embeddable":true,"href":"https:\/\/www.europesays.com\/es\/wp-json\/wp\/v2\/categories?post=189410"},{"taxonomy":"post_tag","embeddable":true,"href":"https:\/\/www.europesays.com\/es\/wp-json\/wp\/v2\/tags?post=189410"}],"curies":[{"name":"wp","href":"https:\/\/api.w.org\/{rel}","templated":true}]}}