{"id":189412,"date":"2025-10-20T13:29:07","date_gmt":"2025-10-20T13:29:07","guid":{"rendered":"https:\/\/www.europesays.com\/es\/189412\/"},"modified":"2025-10-20T13:29:07","modified_gmt":"2025-10-20T13:29:07","slug":"bruno-aloi-se-despide-de-su-pena-en-espana","status":"publish","type":"post","link":"https:\/\/www.europesays.com\/es\/189412\/","title":{"rendered":"Bruno Aloi se despide de su pe\u00f1a en Espa\u00f1a"},"content":{"rendered":"<p style=\"text-align: justify;\">La pe\u00f1a taurina de Bruno Aloi en Espa\u00f1a organiz\u00f3 un encuentro en la finca \u201cCampos Taurinos\u201d, localizada en la provincia de Guadalajara, al que asistieron unas 80 personas para despedirlo antes de su regreso a M\u00e9xico, donde el pr\u00f3ximo s\u00e1bado 1 de noviembre torear\u00e1 en Juriquilla la \u00faltima novillada de su carrera, previo a la alternativa que tomar\u00e1 en Aguascalientes.<\/p>\n<p style=\"text-align: justify;\">En este evento Bruno tore\u00f3 un novillo que le permiti\u00f3 gustarse, y en todo momento estuvo alentado por los pe\u00f1istas y otros seguidores, la mayor\u00eda de ellos aficionados espa\u00f1oles, entre los que tambi\u00e9n hab\u00eda varios amigos mexicanos.<\/p>\n<p><strong class=\"relacionadas-titulo-gral\">Noticias Relacionadas<\/strong><\/p>\n<p style=\"text-align: justify;\">Posteriormente, se dio suelta a dos becerras en las que Aloi estuvo ayudando a aquellos que salieron al ruedo, d\u00e1ndoles consejos y hasta toreando con ellos al alim\u00f3n, lo que gener\u00f3 un gran entusiasmo y result\u00f3 muy divertido. Al terminar la comida, les dirigi\u00f3 un sincero mensaje de agradecimiento, sobre todo tras el apoyo recibido en aquellos momentos m\u00e1s dif\u00edciles, y antes de partir recibi\u00f3 los parabienes de la gente para la nueva etapa que comenzar\u00e1 en breve.<\/p>\n<p>&#13;<br \/>\n&#13;<\/p>\n<p style=\"text-align: justify;\">Bruno llegar\u00e1 a M\u00e9xico este mi\u00e9rcoles y en las siguientes semanas acudir\u00e1 a distintas ganader\u00edas, pues ya tiene invitaciones para tentar, previo a la novillada de Juriquilla en la que va a sostener un interesante mano a mano con Andr\u00e9s Garc\u00eda, con seis novillos de la ganader\u00eda de Sant\u00edn.<\/p>\n<p style=\"text-align: justify;\">Tres semanas despu\u00e9s, el s\u00e1bado 22 de noviembre, recibir\u00e1 la alternativa en la Monumental de Aguascalientes de manos de Andr\u00e9s Roca Rey, y ante el testimonio de Luis David, con una corrida de la ganader\u00eda de Villacarmela.<\/p>\n<p style=\"text-align: justify;\">\u00a0<\/p>\n<p style=\"text-align: justify;\">\u00a0<\/p>\n","protected":false},"excerpt":{"rendered":"La pe\u00f1a taurina de Bruno Aloi en Espa\u00f1a organiz\u00f3 un encuentro en la finca \u201cCampos Taurinos\u201d, localizada en&hellip;\n","protected":false},"author":2,"featured_media":189413,"comment_status":"","ping_status":"","sticky":false,"template":"","format":"standard","meta":{"footnotes":""},"categories":[277],"tags":[5456,373,168,25,24,23,167,374],"class_list":{"0":"post-189412","1":"post","2":"type-post","3":"status-publish","4":"format-standard","5":"has-post-thumbnail","7":"category-toreo","8":"tag-bruno-aloi","9":"tag-bullfighting","10":"tag-deportes","11":"tag-es","12":"tag-espana","13":"tag-spain","14":"tag-sports","15":"tag-toreo"},"share_on_mastodon":{"url":"https:\/\/pubeurope.com\/@es\/115406737520975854","error":""},"_links":{"self":[{"href":"https:\/\/www.europesays.com\/es\/wp-json\/wp\/v2\/posts\/189412","targetHints":{"allow":["GET"]}}],"collection":[{"href":"https:\/\/www.europesays.com\/es\/wp-json\/wp\/v2\/posts"}],"about":[{"href":"https:\/\/www.europesays.com\/es\/wp-json\/wp\/v2\/types\/post"}],"author":[{"embeddable":true,"href":"https:\/\/www.europesays.com\/es\/wp-json\/wp\/v2\/users\/2"}],"replies":[{"embeddable":true,"href":"https:\/\/www.europesays.com\/es\/wp-json\/wp\/v2\/comments?post=189412"}],"version-history":[{"count":0,"href":"https:\/\/www.europesays.com\/es\/wp-json\/wp\/v2\/posts\/189412\/revisions"}],"wp:featuredmedia":[{"embeddable":true,"href":"https:\/\/www.europesays.com\/es\/wp-json\/wp\/v2\/media\/189413"}],"wp:attachment":[{"href":"https:\/\/www.europesays.com\/es\/wp-json\/wp\/v2\/media?parent=189412"}],"wp:term":[{"taxonomy":"category","embeddable":true,"href":"https:\/\/www.europesays.com\/es\/wp-json\/wp\/v2\/categories?post=189412"},{"taxonomy":"post_tag","embeddable":true,"href":"https:\/\/www.europesays.com\/es\/wp-json\/wp\/v2\/tags?post=189412"}],"curies":[{"name":"wp","href":"https:\/\/api.w.org\/{rel}","templated":true}]}}