{"id":189414,"date":"2025-10-20T13:30:14","date_gmt":"2025-10-20T13:30:14","guid":{"rendered":"https:\/\/www.europesays.com\/es\/189414\/"},"modified":"2025-10-20T13:30:14","modified_gmt":"2025-10-20T13:30:14","slug":"es-la-pelea-que-todo-el-mundo-quiere-ver","status":"publish","type":"post","link":"https:\/\/www.europesays.com\/es\/189414\/","title":{"rendered":"Es la pelea que todo el mundo quiere ver"},"content":{"rendered":"<p><b>Pasan los d\u00edas y el futuro de Ilia Topuria empieza a esclarecerse<\/b>. Muchas han sido las especulaciones en los \u00faltimos meses, todo ello motivado por el gran inter\u00e9s de ver al hispano-georgiano de vuelta en el oct\u00e1gono.<\/p>\n<p>Sin embargo, los \u00faltimos acontecimientos empiezan a convertir en una realidad lo que se sospechaba. En un principio,<b> se esperaba que Ilia pudiera regresar antes de que concluyera 2026<\/b>, pero finalmente no ser\u00e1 as\u00ed.<\/p>\n<p>A partir de aqu\u00ed, la UFC empez\u00f3 a trabajar en enero como una posibilidad real, y todo hace indicar que as\u00ed ser\u00e1. Y es que en los \u00faltimos d\u00edas, Ilia Topuria ha pasado tiempo en Georgia, su pa\u00eds de origen, <b>y ha aprovechado para realizar unas declaraciones que han iluminado su situaci\u00f3n.<\/b><\/p>\n<p>Ilia Topuria se\u00f1ala enero como su vuelta a la jaula<\/p>\n<p>Todo salt\u00f3 por los aires cuando Dana White, presidente de la UFC,<b><a title=\"desvel\u00f3 en una rueda de prensa las intenciones de la compa\u00f1\u00eda\" href=\"https:\/\/www.larazon.es\/deportes\/ufc-deja-caer-regreso-ilia-topuria-enero-posibilidad_2025101568ef6f36de40d8089e0cb851.html\" target=\"_blank\" rel=\"nofollow noopener\">desvel\u00f3 en una rueda de prensa las intenciones de la compa\u00f1\u00eda<\/a><\/b>. Al ser preguntado acerca de la primera cartelera numerada del a\u00f1o, que supondr\u00e1 el inicio del contrato con Paramount, y la posibilidad de que est\u00e9 encabezada por Ilia Topuria, el mandam\u00e1s fue contundente.<\/p>\n<p>\u00ab<b>Es una posibilidad. Literalmente hemos empezado hoy<\/b>. Los emparejamientos comenzaron hoy, hemos empezado a trabajar en la primera cartelera de Paramount\u00bb, explicaba hace varios d\u00edas. Unas declaraciones que han hecho estallar a los aficionados, que ya esperan con ansia el anuncio oficial ante la \u00abinminente\u00bb cartelera de enero.<\/p>\n<p>Por ello, Ilia Topuria tampoco se ha librado de ser preguntado acerca de ello. Durante su visita a Georgia, el campe\u00f3n fue preguntado acerca de cu\u00e1les son las posibilidades de que encabece la primera cartelera de Paramount con la UFC en enero. Al contrario que hasta ahora, el hispano-georgiano fue directo: \u00ab<b>Es muy posible<\/b>\u00ab, afirmaba.<\/p>\n<p>Ilia Topuria se\u00f1ala a Paddy Pimblett<\/p>\n<p>Pero no se qued\u00f3 ah\u00ed. &#8216;El Matador&#8217; confirm\u00f3 su m\u00e1s que posible regreso a la UFC, pero tambi\u00e9n se pronunci\u00f3 acerca de su oponente. Tras ser preguntado, <b>Ilia se\u00f1al\u00f3 a Paddy Pimblett <\/b>como el rival con el que quiere defender el cintur\u00f3n:<\/p>\n<p>\u00abDefinitivamente Paddy. <b>Tenemos una historia detr\u00e1s. Creo que es la pelea que todo el mundo quiere ver y creo que todos quer\u00e9is verme hacer eso<\/b>\u00ab, confirmaba.<\/p>\n<p>Paddy Pimblett responde a Ilia Topuria en redes<\/p>\n<p>Ante estas declaraciones, <b>el ingl\u00e9s ha querido dejar un mensaje para el campe\u00f3n<\/b>. Desde que Ilia subi\u00f3 al peso ligero, Paddy ha tratado de llamar la atenci\u00f3n de Ilia Topuria para conseguir su combate. De hecho, cuando finaliz\u00f3 la pelea entre Ilia y Charles Oliveira, &#8216;The Baddy&#8217; subi\u00f3 al oct\u00e1gono para encarar al hispano-georgiano.<\/p>\n<p>En su momento, ese gesto parec\u00eda indicar que la pr\u00f3xima pelea a realizar era esa. Sin embargo, todo se enfri\u00f3 desde entonces y las opciones de ver la pelea se esfumaban. Ahora, con estas palabras, todo se ha vuelto a encender, y <b>Pimblett ha querido aprovechar su oportunidad.<\/b><\/p>\n<p>A trav\u00e9s de sus redes sociales, el de Liverpool ha aceptado la pelea y ha llamado a Ilia para firmar el contrato: \u00ab<b>\u00bfPor qu\u00e9 no has firmado el contrato todav\u00eda?<\/b>\u00ab, escrib\u00eda en Instagram.<\/p>\n<p>Con este mensaje del ingl\u00e9s, todo indica que no hay nada cerrado por el momento. No obstante, tanto la UFC como Ilia han confirmado que la presencia del hispano-georgiano puede ser una realidad, por lo que <b>en las pr\u00f3ximas semanas podr\u00eda confirmarse el combate<\/b>.<\/p>\n","protected":false},"excerpt":{"rendered":"Pasan los d\u00edas y el futuro de Ilia Topuria empieza a esclarecerse. Muchas han sido las especulaciones en&hellip;\n","protected":false},"author":2,"featured_media":189415,"comment_status":"","ping_status":"","sticky":false,"template":"","format":"standard","meta":{"footnotes":""},"categories":[276],"tags":[168,25,24,23,167,343],"class_list":{"0":"post-189414","1":"post","2":"type-post","3":"status-publish","4":"format-standard","5":"has-post-thumbnail","7":"category-ufc","8":"tag-deportes","9":"tag-es","10":"tag-espana","11":"tag-spain","12":"tag-sports","13":"tag-ufc"},"share_on_mastodon":{"url":"https:\/\/pubeurope.com\/@es\/115406741359046968","error":""},"_links":{"self":[{"href":"https:\/\/www.europesays.com\/es\/wp-json\/wp\/v2\/posts\/189414","targetHints":{"allow":["GET"]}}],"collection":[{"href":"https:\/\/www.europesays.com\/es\/wp-json\/wp\/v2\/posts"}],"about":[{"href":"https:\/\/www.europesays.com\/es\/wp-json\/wp\/v2\/types\/post"}],"author":[{"embeddable":true,"href":"https:\/\/www.europesays.com\/es\/wp-json\/wp\/v2\/users\/2"}],"replies":[{"embeddable":true,"href":"https:\/\/www.europesays.com\/es\/wp-json\/wp\/v2\/comments?post=189414"}],"version-history":[{"count":0,"href":"https:\/\/www.europesays.com\/es\/wp-json\/wp\/v2\/posts\/189414\/revisions"}],"wp:featuredmedia":[{"embeddable":true,"href":"https:\/\/www.europesays.com\/es\/wp-json\/wp\/v2\/media\/189415"}],"wp:attachment":[{"href":"https:\/\/www.europesays.com\/es\/wp-json\/wp\/v2\/media?parent=189414"}],"wp:term":[{"taxonomy":"category","embeddable":true,"href":"https:\/\/www.europesays.com\/es\/wp-json\/wp\/v2\/categories?post=189414"},{"taxonomy":"post_tag","embeddable":true,"href":"https:\/\/www.europesays.com\/es\/wp-json\/wp\/v2\/tags?post=189414"}],"curies":[{"name":"wp","href":"https:\/\/api.w.org\/{rel}","templated":true}]}}