{"id":189423,"date":"2025-10-20T13:36:09","date_gmt":"2025-10-20T13:36:09","guid":{"rendered":"https:\/\/www.europesays.com\/es\/189423\/"},"modified":"2025-10-20T13:36:09","modified_gmt":"2025-10-20T13:36:09","slug":"el-malaga-cf-arranca-la-semana-con-dos-bajas-mas","status":"publish","type":"post","link":"https:\/\/www.europesays.com\/es\/189423\/","title":{"rendered":"El M\u00e1laga CF arranca la semana con dos bajas m\u00e1s"},"content":{"rendered":"<p><a href=\"https:\/\/www.merchanendirecto.es\/wp-content\/uploads\/2025\/09\/grupo-entrenamiento-malaga-cf-1.webp\" data-caption=\"Foto: M\u00e1laga CF\" rel=\"nofollow noopener\" target=\"_blank\"><img loading=\"lazy\" decoding=\"async\" width=\"696\" height=\"463\" class=\"entry-thumb td-modal-image\" src=\"https:\/\/www.europesays.com\/es\/wp-content\/uploads\/2025\/10\/grupo-entrenamiento-malaga-cf-1-696x463.webp.webp\"   alt=\"\" title=\"grupo entrenamiento m\u00e1laga cf 1\"\/><\/a>Foto: M\u00e1laga CF<\/p>\n<p>Lunes de <strong>caras largas<\/strong> de nuevo. El plantel maalguista regres\u00f3 anoche de Madrid tras caer en Butarque dos a cero y sumar la quinta derrota en los \u00faltimos seis partidos. Este suceso pone por delante en el calendario una semana de cr\u00edticas y dudas. En el horinzonte, un encuentro ante el <strong>Andorra <\/strong>en La Rosaleda el pr\u00f3ximo <strong>domingo a las 14:00 horas<\/strong> que se prev\u00e9 como otra final, sobre todo por el puesto de Sergio Pellicer. Hoy lunes, la plantilla se ha ejercitado en la <strong>primera sesi\u00f3n de la semana<\/strong>, que siempre es m\u00e1s \u2018light\u2019 que las dem\u00e1s y se utiliza m\u00e1s a modo de recuperaci\u00f3n. El M\u00e1laga CF arranca la semana con dos bajas m\u00e1s.<\/p>\n<p>Los jugadores con m\u00e1s minutos en Butarque han realizado un trabajo m\u00e1s focalizado en la recuperaci\u00f3n, mientras que el resto del plantel se emple\u00f3 con mayor intensidad. En cuanto a bajas, la amplia lista que ya conocemos sigue igual. <strong>Pastor, Moussa, Ram\u00f3n, Luismi<\/strong> y <strong>Ni\u00f1o <\/strong>se han ejercitado en el gimnasio avanzando en sus respectivos procesos de recuperaci\u00f3n. A estos se les suman dos jugadores. <strong>Dorrio<\/strong>, que ya se cay\u00f3 dela convocatoria a \u00faltima hora por un proceso viral, y <strong>Chupete<\/strong>, que sufre la misma enfermedad y tuvo que ser sustituido ayer al descanso en Butarque. Se espera que el mi\u00e9rcoles puedan volver a estar a disposici\u00f3n del t\u00e9cnico. <strong>Jokin Gabilondo<\/strong> es la buena noticia ya que trabaj\u00f3 junto al grupo de forma parcial y progresiva tras lesionarse la semana pasada en el antebrazo derecho. <\/p>\n<p>El mi\u00e9rcoles, los servicios m\u00e9dicos valorar\u00e1n si puede vestirse de corto en una sesi\u00f3n de entrenamiento m\u00e1s exigente a nivel f\u00edsico que la de hoy. El cuadro blanquiazul retomar\u00e1 la actividad el <strong>mi\u00e9rcoles a las 10:30 horas<\/strong> en las instalaciones de La Rosaleda. Ma\u00f1ana martes, descanso. <\/p>\n","protected":false},"excerpt":{"rendered":"Foto: M\u00e1laga CF Lunes de caras largas de nuevo. El plantel maalguista regres\u00f3 anoche de Madrid tras caer&hellip;\n","protected":false},"author":2,"featured_media":189424,"comment_status":"","ping_status":"","sticky":false,"template":"","format":"standard","meta":{"footnotes":""},"categories":[268],"tags":[168,8346,25,24,280,282,1963,281,23,167],"class_list":{"0":"post-189423","1":"post","2":"type-post","3":"status-publish","4":"format-standard","5":"has-post-thumbnail","7":"category-futbol","8":"tag-deportes","9":"tag-entrenamiento","10":"tag-es","11":"tag-espana","12":"tag-football","13":"tag-futbol","14":"tag-malaga-cf","15":"tag-soccer","16":"tag-spain","17":"tag-sports"},"share_on_mastodon":{"url":"https:\/\/pubeurope.com\/@es\/115406765343677324","error":""},"_links":{"self":[{"href":"https:\/\/www.europesays.com\/es\/wp-json\/wp\/v2\/posts\/189423","targetHints":{"allow":["GET"]}}],"collection":[{"href":"https:\/\/www.europesays.com\/es\/wp-json\/wp\/v2\/posts"}],"about":[{"href":"https:\/\/www.europesays.com\/es\/wp-json\/wp\/v2\/types\/post"}],"author":[{"embeddable":true,"href":"https:\/\/www.europesays.com\/es\/wp-json\/wp\/v2\/users\/2"}],"replies":[{"embeddable":true,"href":"https:\/\/www.europesays.com\/es\/wp-json\/wp\/v2\/comments?post=189423"}],"version-history":[{"count":0,"href":"https:\/\/www.europesays.com\/es\/wp-json\/wp\/v2\/posts\/189423\/revisions"}],"wp:featuredmedia":[{"embeddable":true,"href":"https:\/\/www.europesays.com\/es\/wp-json\/wp\/v2\/media\/189424"}],"wp:attachment":[{"href":"https:\/\/www.europesays.com\/es\/wp-json\/wp\/v2\/media?parent=189423"}],"wp:term":[{"taxonomy":"category","embeddable":true,"href":"https:\/\/www.europesays.com\/es\/wp-json\/wp\/v2\/categories?post=189423"},{"taxonomy":"post_tag","embeddable":true,"href":"https:\/\/www.europesays.com\/es\/wp-json\/wp\/v2\/tags?post=189423"}],"curies":[{"name":"wp","href":"https:\/\/api.w.org\/{rel}","templated":true}]}}