{"id":189425,"date":"2025-10-20T13:37:16","date_gmt":"2025-10-20T13:37:16","guid":{"rendered":"https:\/\/www.europesays.com\/es\/189425\/"},"modified":"2025-10-20T13:37:16","modified_gmt":"2025-10-20T13:37:16","slug":"las-hijas-de-pepa-gea-emocionan-con-sus-fotos-familiares-de-la-boda-de-alberto-herrera","status":"publish","type":"post","link":"https:\/\/www.europesays.com\/es\/189425\/","title":{"rendered":"Las hijas de Pepa Gea emocionan con sus fotos familiares de la boda de Alberto Herrera"},"content":{"rendered":"<p id=\"e3rygKcVfCJ\" data-wc=\"76\"><strong>Paula\u00a0<\/strong>y <strong>Sof\u00eda<\/strong>, hijas de <strong>Pepa Gea<\/strong>, deslumbraron en <a class=\"hm-link ho-link\" href=\"https:\/\/www.hola.com\/actualidad\/20251018861955\/boda-alberto-herrera-y-blanca-llandres-marilo-montero-y-lourdes-montes-sanlucar\/\" data-mrf-recirculation=\"article-body-link\" rel=\"nofollow noopener\" target=\"_blank\">la boda de Alberto Herrera y Blanca Llandres<\/a>, celebrada el pasado s\u00e1bado en Sanl\u00facar de Barrameda, C\u00e1diz. Ambas posaron en la entrada de la <strong>bas\u00edlica menor de Nuestra Se\u00f1ora de la Caridad<\/strong> con su madre y el marido de esta, el periodista <strong>Carlos Herrera<\/strong>, al que adoran. A la foto de familia tambi\u00e9n se sumaron sus respectivas parejas, el financiero <strong>Adolfo Mer\u00e1s<\/strong> y el piloto <strong>Riva Giorgio<\/strong>.\u00a0<\/p>\n<p> <img src=\"https:\/\/www.europesays.com\/es\/wp-content\/uploads\/2025\/10\/6ed0d644c88f-un-da-para-recordar-3.jpg\"   width=\"1080\" height=\"1080\" loading=\"lazy\" decoding=\"async\" alt=\"Carlos Herrera y Pepa Gea con Paula y Sof\u00eda, las hijas de la periodista\" fetchpriority=\"auto\" class=\"image ho-image\"\/>\u00a9 paucarrillogea<\/p>\n<p id=\"e0TMzUr5qB\" data-wc=\"45\">\u201c<strong data-end=\"160\" data-start=\"136\">Un d\u00eda para recordar<\/strong>\u201d, escribi\u00f3 Paula en sus redes sociales junto a varias im\u00e1genes de la celebraci\u00f3n. En una de ellas aparece posando con el m\u00edtico locutor de radio en <a class=\"hm-link ho-link\" href=\"https:\/\/www.hola.com\/actualidad\/20251017861742\/entramos-finca-marbella-espectacular-palacete-orillas-mar-boda-alberto-herrera-blanca-llandres\/\" data-mrf-recirculation=\"article-body-link\" rel=\"nofollow noopener\" target=\"_blank\">Finca Marbella, el espectacular palacete a orillas del mar<\/a> donde los novios celebraron su enlace.\u00a0<\/p>\n<p> <img src=\"https:\/\/www.europesays.com\/es\/wp-content\/uploads\/2025\/10\/cb33603c962b-un-da-para-recordar-4.jpg\"   width=\"768\" height=\"1024\" loading=\"lazy\" decoding=\"async\" alt=\"Carlos Herrera con Paula, hija de Pepa Gea\" fetchpriority=\"auto\" class=\"image ho-image\"\/>\u00a9 paucarrillogeaPaula, hija de Pepa Gea, con Carlos Herrera en la boda de Alberto Herrera y Blanca Llandres<\/p>\n<p id=\"eY_B38CxJVv\" data-wc=\"22\">\u201c<strong data-end=\"442\" data-start=\"410\">Qu\u00e9 d\u00eda tan tan tan bonito<\/strong>\u201d, a\u00f1adi\u00f3 Sof\u00eda, reflejando la felicidad que ambas vivieron en una jornada que quedar\u00e1 para el recuerdo.<\/p>\n<p> <img src=\"https:\/\/www.europesays.com\/es\/wp-content\/uploads\/2025\/10\/8190dbbbbdde-un-da-para-recordar-7.jpg\"   width=\"1080\" height=\"1080\" loading=\"lazy\" decoding=\"async\" alt=\"La boda de Alberto Herrera y Blanca Llandres\" fetchpriority=\"auto\" class=\"image ho-image\"\/>\u00a9 paucarrillogea<\/p>\n<p> <img src=\"https:\/\/www.europesays.com\/es\/wp-content\/uploads\/2025\/10\/c323b22ea076-que-da-tan-tan-tan-bonito-2.jpg\"   width=\"1080\" height=\"1080\" loading=\"lazy\" decoding=\"async\" alt=\"La boda de Alberto Herrera y Blanca Llandres\" fetchpriority=\"auto\" class=\"image ho-image\"\/>\u00a9 sofiagea<\/p>\n<p id=\"eHWi5w6vmQ8\" data-wc=\"31\">Paula, de 25 a\u00f1os, estudi\u00f3 el doble grado internacional de Comunicaci\u00f3n Digital, Publicidad y Marketing en el CEU. Sin embargo,<strong>\u00a0<\/strong>trabaja como dise\u00f1adora y estratega creativa en la empresa Carea Studio.\u00a0<\/p>\n<p> <img src=\"https:\/\/www.europesays.com\/es\/wp-content\/uploads\/2025\/10\/9b4d60e9e61b-un-da-para-recordar-1.jpg\"   width=\"1080\" height=\"1080\" loading=\"lazy\" decoding=\"async\" alt=\"Las hijas de Pepa Gea, Sof\u00eda y Paula, en la boda de Alberto Herrera y Blanca Llandres\" fetchpriority=\"auto\" class=\"image ho-image\"\/>\u00a9 paucarrillogea<\/p>\n<p id=\"efiXhLkADvr\" data-wc=\"33\">Apasionada del arte en todas sus formas, fue la encargada de pintar la ilustraci\u00f3n que sirvi\u00f3 para crear <a class=\"hm-link ho-link\" href=\"https:\/\/www.hola.com\/novias\/20251018861893\/vestido-de-novia-blanca-llandres-boda-alberto-herrera\/\" data-mrf-recirculation=\"article-body-link\" rel=\"nofollow noopener\" target=\"_blank\">los detalles que los novios regalaron a los invitados<\/a>, <strong>un marcap\u00e1ginas y un plato personalizados<\/strong>.\u00a0<\/p>\n<p> <img src=\"https:\/\/www.europesays.com\/es\/wp-content\/uploads\/2025\/10\/13e8217537f8-un-da-para-recordar-6.jpg\"   width=\"771\" height=\"1024\" loading=\"lazy\" decoding=\"async\" alt=\"Media Image\" fetchpriority=\"auto\" class=\"image ho-image\"\/>\u00a9 paucarrillogea<\/p>\n<p id=\"eBtsyWx9551\" data-wc=\"32\">Sof\u00eda, por su parte, tiene 22 a\u00f1os y acaba de finalizar sus estudios de Periodismo en la Facultad de Ciencias de la Informaci\u00f3n UCM, cumpliendo as\u00ed su mayor deseo: \u00ab<strong>Ser como mam\u00e1<\/strong>\u00ab.\u00a0<\/p>\n<p> <img src=\"https:\/\/www.europesays.com\/es\/wp-content\/uploads\/2025\/10\/ab6fd5eddfaa-un-da-para-recordar-2.jpg\"   width=\"1080\" height=\"1800\" loading=\"lazy\" decoding=\"async\" alt=\"Las hijas de Pepa Gea, Sof\u00eda y Paula, en la boda de Alberto Herrera y Blanca Llandres\" fetchpriority=\"auto\" class=\"image ho-image\"\/>\u00a9 paucarrillogeaPaula con su novio, el financiero Adolfo Mer\u00e1s<\/p>\n<p id=\"eXcsDGPJr_\" data-wc=\"73\">Seg\u00fan dijo Pepa Gea, Sof\u00eda tiene un futuro brillante como periodista. \u00ab<strong>Me quita el puesto la enana, fijo<\/strong>\u00ab, brome\u00f3 hace un tiempo, cuando public\u00f3 en sus redes sociales una imagen de su hija en un estudio de radio. \u00abMi peque\u00f1a, qu\u00e9 grande vas a ser. <strong>Periodismo de matr\u00edcula, vocaci\u00f3n de las que no quedan<\/strong>. Te espera todo un mundo para contarlo. Qu\u00e9 orgullo\u00bb, a\u00f1adi\u00f3 emocionada el d\u00eda de la graduaci\u00f3n de la joven. \u00a0<\/p>\n<p> <img src=\"https:\/\/www.europesays.com\/es\/wp-content\/uploads\/2025\/10\/1efc96aac2a8-que-da-tan-tan-tan-bonito.jpg\"   width=\"1080\" height=\"1800\" loading=\"lazy\" decoding=\"async\" alt=\"Las hijas de Pepa Gea, Sof\u00eda y Paula, en la boda de Alberto Herrera y Blanca Llandres\" fetchpriority=\"auto\" class=\"image ho-image\"\/>\u00a9 sofiageaSof\u00eda con su novio, el piloto Riva Giorgio<\/p>\n<p id=\"eCr66-ZdE9\" data-wc=\"88\">Pepa Gea, directora del programa M\u00e1s de Uno Madrid, en Onda Cero, est\u00e1 muy unida a sus hijas, a las que llama cari\u00f1osamente \u00ab<strong>mis reinas<\/strong>\u00ab. Como no pod\u00eda ser de otra manera, Paula y Sof\u00eda estuvieron presentes en <a class=\"hm-link ho-link\" href=\"https:\/\/www.hola.com\/actualidad\/20230131225503\/carlos-herrera-boda-foto\/\" data-mrf-recirculation=\"article-body-link\" rel=\"nofollow noopener\" target=\"_blank\">su boda con Carlos Herrera<\/a>, celebrada el 5 de diciembre de 2022 en Nueva York. \u00ab<strong>Yo sin ellas no voy a ning\u00fan lado<\/strong>\u00ab, asegur\u00f3 la periodista.\u00a0Tambi\u00e9n presume de lo unidas que est\u00e1n sus hijas. \u201c<strong data-end=\"266\" data-start=\"175\">Inseparables, aunque la vida les ponga muchos kil\u00f3metros por medio. Mis ni\u00f1as. Hermanas<\/strong>\u201d, escribi\u00f3 emocionada.\u00a0<\/p>\n<p> <img src=\"https:\/\/www.europesays.com\/es\/wp-content\/uploads\/2025\/10\/1ddba9cf464b-567834664183905964491204072414035817595690757n.jpg\"   width=\"576\" height=\"1024\" loading=\"lazy\" decoding=\"async\" alt=\"Paula bailando con su novio en la boda de Alberto Herrera y Blanca Llandres\" fetchpriority=\"auto\" class=\"image ho-image\"\/>\u00a9 sofiageaPaula bailando con su novio en la boda de Alberto Herrera y Blanca Llandres<\/p>\n<p class=\"\" id=\"egoAxZSpXq\" data-wc=\"36\">Pero, si hay algo de lo que Pepa Gea se siente especialmente orgullosa, es de la excelente relaci\u00f3n que Sof\u00eda y Paula mantienen con Alberto y Roc\u00edo, los hijos que Carlos Herrera tuvo con <a class=\"hm-link ho-link\" href=\"https:\/\/www.hola.com\/moda\/20251018862329\/marilo-montero-look-madrina-boda-alberto-herrera-blanca-llandres\/\" data-mrf-recirculation=\"article-body-link\" rel=\"nofollow noopener\" target=\"_blank\">Maril\u00f3 Montero<\/a>.\u00a0<\/p>\n<p>Las primeras palabras de los reci\u00e9n casados Alberto Herrera y Blanca Llandres tras el \u201cs\u00ed, quiero\u201d<\/p>\n","protected":false},"excerpt":{"rendered":"Paula\u00a0y Sof\u00eda, hijas de Pepa Gea, deslumbraron en la boda de Alberto Herrera y Blanca Llandres, celebrada el&hellip;\n","protected":false},"author":2,"featured_media":189426,"comment_status":"","ping_status":"","sticky":false,"template":"","format":"standard","meta":{"footnotes":""},"categories":[174],"tags":[517,17915,9654,255,146,147,25,24,256,7974,23],"class_list":{"0":"post-189425","1":"post","2":"type-post","3":"status-publish","4":"format-standard","5":"has-post-thumbnail","7":"category-famosos","8":"tag-actualidad","9":"tag-alberto-herrera","10":"tag-carlos-herrera","11":"tag-celebrities","12":"tag-entertainment","13":"tag-entretenimiento","14":"tag-es","15":"tag-espana","16":"tag-famosos","17":"tag-marilo-montero","18":"tag-spain"},"share_on_mastodon":{"url":"https:\/\/pubeurope.com\/@es\/115406769212369645","error":""},"_links":{"self":[{"href":"https:\/\/www.europesays.com\/es\/wp-json\/wp\/v2\/posts\/189425","targetHints":{"allow":["GET"]}}],"collection":[{"href":"https:\/\/www.europesays.com\/es\/wp-json\/wp\/v2\/posts"}],"about":[{"href":"https:\/\/www.europesays.com\/es\/wp-json\/wp\/v2\/types\/post"}],"author":[{"embeddable":true,"href":"https:\/\/www.europesays.com\/es\/wp-json\/wp\/v2\/users\/2"}],"replies":[{"embeddable":true,"href":"https:\/\/www.europesays.com\/es\/wp-json\/wp\/v2\/comments?post=189425"}],"version-history":[{"count":0,"href":"https:\/\/www.europesays.com\/es\/wp-json\/wp\/v2\/posts\/189425\/revisions"}],"wp:featuredmedia":[{"embeddable":true,"href":"https:\/\/www.europesays.com\/es\/wp-json\/wp\/v2\/media\/189426"}],"wp:attachment":[{"href":"https:\/\/www.europesays.com\/es\/wp-json\/wp\/v2\/media?parent=189425"}],"wp:term":[{"taxonomy":"category","embeddable":true,"href":"https:\/\/www.europesays.com\/es\/wp-json\/wp\/v2\/categories?post=189425"},{"taxonomy":"post_tag","embeddable":true,"href":"https:\/\/www.europesays.com\/es\/wp-json\/wp\/v2\/tags?post=189425"}],"curies":[{"name":"wp","href":"https:\/\/api.w.org\/{rel}","templated":true}]}}